{"id":65434,"date":"2022-09-21T21:20:19","date_gmt":"2022-09-22T00:20:19","guid":{"rendered":"https:\/\/www.centraldenoticias.com.ar\/?p=65434"},"modified":"2022-09-22T08:30:47","modified_gmt":"2022-09-22T11:30:47","slug":"inauguraron-las-luminarias-del-parque-carlos-medici-de-sierras-bayas","status":"publish","type":"post","link":"https:\/\/cdnoticias.com\/index.php\/2022\/09\/21\/inauguraron-las-luminarias-del-parque-carlos-medici-de-sierras-bayas\/","title":{"rendered":"Inauguraron las luminarias del Parque \u201cCarlos M\u00e9dici\u201d de Sierras Bayas"},"content":{"rendered":"<p>El intendente fue el encargado de \u201cencender las luces\u201d en la ya noche del mi\u00e9rcoles. Son fondos que provienen de la venta de la calle a Cementos Avellaneda. En la previa, hubo una protesta de vecinos del barrio ETA.<!--more--><\/p>\n<hr \/>\n<p>En la noche de este mi\u00e9rcoles, <strong>el intendente Galli fue el encargado de encender por primera vez la nueva luminaria del Parque \u201cCarlos M\u00e9dici\u201d<\/strong> que permitir\u00e1<em> \u201cmostrar una vista privilegiada del acceso a la localidad de Sierras Bayas\u201d.<\/em> Fue realizada con fondos de la venta de la calle a Cementos Avellaneda. <strong>En la previa, hubo una protesta de vecinos de barrio ETA.<\/strong><\/p>\n<p>&nbsp;<\/p>\n<blockquote><p>La obra comprendi\u00f3 la instalaci\u00f3n de 66 farolas, con una inversi\u00f3n de $17.750.000.<\/p><\/blockquote>\n<p>&nbsp;<\/p>\n<p><em>\u201cHace algunos meses presentamos -en el Centro Cultural- \u201cDisfrut\u00e1 Olavarr\u00eda\u201d como parte de un proceso en el que estamos poniendo manos a la obra hoy en el presente, pero pensando en el futuro, en Sierras Bayas, que tuvo la gracia del de arriba de tener estos paisajes, este potencial. Empezamos a pensar en esta idea de destinar fondos a Sierras Bayas para pensar en el futuro, que pueda ser un destino tur\u00edstico\u201d,<\/em> expres\u00f3 el Intendente.<\/p>\n<p>&nbsp;<\/p>\n<p><img data-recalc-dims=\"1\" loading=\"lazy\" decoding=\"async\" class=\"alignnone size-large wp-image-65430\" src=\"https:\/\/i0.wp.com\/cdnoticias.com\/wp-content\/uploads\/2022\/09\/luces-ssbb1.jpg?resize=800%2C480&#038;ssl=1\" alt=\"\" width=\"800\" height=\"480\" srcset=\"https:\/\/i0.wp.com\/cdnoticias.com\/wp-content\/uploads\/2022\/09\/luces-ssbb1-scaled.jpg?resize=1024%2C614&amp;ssl=1 1024w, https:\/\/i0.wp.com\/cdnoticias.com\/wp-content\/uploads\/2022\/09\/luces-ssbb1-scaled.jpg?resize=300%2C180&amp;ssl=1 300w, https:\/\/i0.wp.com\/cdnoticias.com\/wp-content\/uploads\/2022\/09\/luces-ssbb1-scaled.jpg?resize=768%2C461&amp;ssl=1 768w, https:\/\/i0.wp.com\/cdnoticias.com\/wp-content\/uploads\/2022\/09\/luces-ssbb1-scaled.jpg?resize=1536%2C922&amp;ssl=1 1536w, https:\/\/i0.wp.com\/cdnoticias.com\/wp-content\/uploads\/2022\/09\/luces-ssbb1-scaled.jpg?resize=2048%2C1229&amp;ssl=1 2048w, https:\/\/i0.wp.com\/cdnoticias.com\/wp-content\/uploads\/2022\/09\/luces-ssbb1-scaled.jpg?w=1600&amp;ssl=1 1600w, https:\/\/i0.wp.com\/cdnoticias.com\/wp-content\/uploads\/2022\/09\/luces-ssbb1-scaled.jpg?w=2400&amp;ssl=1 2400w\" sizes=\"auto, (max-width: 800px) 100vw, 800px\" \/><\/p>\n<p>&nbsp;<\/p>\n<p>Luego manifest\u00f3 que<em> \u201cen este Parque solo hab\u00eda pasto y empezamos a pensar -a ra\u00edz de la instalaci\u00f3n del m\u00e1stil- en crear un sendero para que la gente pueda venir a caminar y no vaya a caminar a la ruta con ese peligro. Hicimos un sendero, pusimos juegos para chicos, luego lo hormigonamos para que puedan hacer recreaci\u00f3n. Y empezamos a pensar en la iluminaci\u00f3n\u201d.<\/em><\/p>\n<p>&nbsp;<\/p>\n<p><em>\u201cLos fondos, que llevaron adelante la obra, provienen de la venta de una calle a una cementera y decidimos destinarlo al desarrollo del turismo para Sierras Bayas.<strong> Gran parte ir\u00e1 a esta localidad, por eso van a venir m\u00e1s obras en distintos puntos: iluminaci\u00f3n, carteler\u00eda, estacionamientos, para que todos los que nos vengan a visitar, que tengan un lugar lindo para disfrutar, y que se piensen inversiones en hoteler\u00eda, en gastronom\u00eda, caba\u00f1as<\/strong>\u201d<\/em>, agreg\u00f3.<\/p>\n<p>&nbsp;<\/p>\n<p><img data-recalc-dims=\"1\" loading=\"lazy\" decoding=\"async\" class=\"alignnone size-large wp-image-65429\" src=\"https:\/\/i0.wp.com\/cdnoticias.com\/wp-content\/uploads\/2022\/09\/luces-ssbb.jpg?resize=800%2C480&#038;ssl=1\" alt=\"\" width=\"800\" height=\"480\" srcset=\"https:\/\/i0.wp.com\/cdnoticias.com\/wp-content\/uploads\/2022\/09\/luces-ssbb-scaled.jpg?resize=1024%2C614&amp;ssl=1 1024w, https:\/\/i0.wp.com\/cdnoticias.com\/wp-content\/uploads\/2022\/09\/luces-ssbb-scaled.jpg?resize=300%2C180&amp;ssl=1 300w, https:\/\/i0.wp.com\/cdnoticias.com\/wp-content\/uploads\/2022\/09\/luces-ssbb-scaled.jpg?resize=768%2C461&amp;ssl=1 768w, https:\/\/i0.wp.com\/cdnoticias.com\/wp-content\/uploads\/2022\/09\/luces-ssbb-scaled.jpg?resize=1536%2C922&amp;ssl=1 1536w, https:\/\/i0.wp.com\/cdnoticias.com\/wp-content\/uploads\/2022\/09\/luces-ssbb-scaled.jpg?resize=2048%2C1229&amp;ssl=1 2048w, https:\/\/i0.wp.com\/cdnoticias.com\/wp-content\/uploads\/2022\/09\/luces-ssbb-scaled.jpg?w=1600&amp;ssl=1 1600w, https:\/\/i0.wp.com\/cdnoticias.com\/wp-content\/uploads\/2022\/09\/luces-ssbb-scaled.jpg?w=2400&amp;ssl=1 2400w\" sizes=\"auto, (max-width: 800px) 100vw, 800px\" \/><\/p>\n<p>&nbsp;<\/p>\n<blockquote><p>\u201cPara m\u00ed es una alegr\u00eda enorme estar ac\u00e1 con todos: funcionarios, vecinos, amigos, las fuerzas vivas de la ciudad, bomberos de Sierras Bayas, la polic\u00eda bonaerense. Es importante que est\u00e9n porque cada obra que se empieza, se planifica y que se pone en el calendario, cuando podemos lograr llevarla adelante y terminarla es una enorme alegr\u00eda\u201d, dijo.<\/p><\/blockquote>\n<p>&nbsp;<\/p>\n<p>\u201c<strong><em>Nosotros vamos a seguir trabajando por Sierras Bayas para que puedan disfrutarla no solo los sierrabayenses sino tambi\u00e9n cada uno de los visitantes. Vamos a seguir trabajando por este camino\u201d,<\/em><\/strong> finaliz\u00f3.<\/p>\n<p>&nbsp;<\/p>\n<p><span style=\"text-decoration: underline;\"><strong>La obra<\/strong><\/span><\/p>\n<p>&nbsp;<\/p>\n<p>El proyecto incluy\u00f3<strong> la colocaci\u00f3n de luminarias de tecnolog\u00eda LED<\/strong>, que fueron instaladas sobre columnas (de pl\u00e1stico reforzado de fibra de vidrio) de 4 metros de altura, en forma adyacente a la senda peatonal y separadas 12 metros entre s\u00ed, aproximadamente.<\/p>\n<p>&nbsp;<\/p>\n<blockquote><p>Para reforzar el sistema de iluminaci\u00f3n en la zona de ejercicios y juegos infantiles se llev\u00f3 a cabo la instalaci\u00f3n de 4 proyectores, sobre columnas de 8 metros de altura.<\/p><\/blockquote>\n<p>&nbsp;<\/p>\n<p>Adem\u00e1s se realiz\u00f3 <strong>la instalaci\u00f3n de gabinetes que contienen las mediciones de energ\u00eda, elementos de control y\/o protecci\u00f3n de los circuitos de iluminaci\u00f3n y tomacorrientes.<\/strong><\/p>\n<p>&nbsp;<\/p>\n<p><span style=\"text-decoration: underline;\"><strong>Protesta<\/strong><\/span><\/p>\n<p>&nbsp;<\/p>\n<p><img data-recalc-dims=\"1\" loading=\"lazy\" decoding=\"async\" class=\"alignnone size-large wp-image-65431\" src=\"https:\/\/i0.wp.com\/cdnoticias.com\/wp-content\/uploads\/2022\/09\/reclamoeta-ssbb.jpg?resize=800%2C480&#038;ssl=1\" alt=\"\" width=\"800\" height=\"480\" srcset=\"https:\/\/i0.wp.com\/cdnoticias.com\/wp-content\/uploads\/2022\/09\/reclamoeta-ssbb-scaled.jpg?resize=1024%2C614&amp;ssl=1 1024w, https:\/\/i0.wp.com\/cdnoticias.com\/wp-content\/uploads\/2022\/09\/reclamoeta-ssbb-scaled.jpg?resize=300%2C180&amp;ssl=1 300w, https:\/\/i0.wp.com\/cdnoticias.com\/wp-content\/uploads\/2022\/09\/reclamoeta-ssbb-scaled.jpg?resize=768%2C461&amp;ssl=1 768w, https:\/\/i0.wp.com\/cdnoticias.com\/wp-content\/uploads\/2022\/09\/reclamoeta-ssbb-scaled.jpg?resize=1536%2C922&amp;ssl=1 1536w, https:\/\/i0.wp.com\/cdnoticias.com\/wp-content\/uploads\/2022\/09\/reclamoeta-ssbb-scaled.jpg?resize=2048%2C1229&amp;ssl=1 2048w, https:\/\/i0.wp.com\/cdnoticias.com\/wp-content\/uploads\/2022\/09\/reclamoeta-ssbb-scaled.jpg?w=1600&amp;ssl=1 1600w, https:\/\/i0.wp.com\/cdnoticias.com\/wp-content\/uploads\/2022\/09\/reclamoeta-ssbb-scaled.jpg?w=2400&amp;ssl=1 2400w\" sizes=\"auto, (max-width: 800px) 100vw, 800px\" \/><\/p>\n<p>&nbsp;<\/p>\n<p>En la previa, <strong>vecinos de barrio ETA se dirigieron al lugar para realizar una protesta por las trabas que tiene el expediente que permita que en los terrenos se pueda construir las viviendas y que los tiene en espera hace m\u00e1s de siete a\u00f1os.<\/strong><\/p>\n<p>&nbsp;<\/p>\n<blockquote><p>En primera instancia, mantuvieron un di\u00e1logo con la titular del \u00e1rea de Regularizaci\u00f3n Dominial, Mar\u00eda Jos\u00e9 Gonz\u00e1lez, y el subsecretario de Gobierno, Emilio Vitale.<\/p><\/blockquote>\n<p>&nbsp;<\/p>\n<p>Luego,<strong> los vecinos aguardaron el final del acto para mantener un di\u00e1logo con el Intendente Galli<\/strong> donde se explic\u00f3 la <strong>necesidad de crear una \u201cmesa de di\u00e1logo\u201d para tratar de llegar a buen puerto y lograr la generaci\u00f3n del barrio con las viviendas.<\/strong><\/p>\n<p>&nbsp;<\/p>\n<p><img data-recalc-dims=\"1\" loading=\"lazy\" decoding=\"async\" class=\"alignnone size-large wp-image-65432\" src=\"https:\/\/i0.wp.com\/cdnoticias.com\/wp-content\/uploads\/2022\/09\/reclamoeta-ssbb1.jpg?resize=800%2C480&#038;ssl=1\" alt=\"\" width=\"800\" height=\"480\" srcset=\"https:\/\/i0.wp.com\/cdnoticias.com\/wp-content\/uploads\/2022\/09\/reclamoeta-ssbb1-scaled.jpg?resize=1024%2C614&amp;ssl=1 1024w, https:\/\/i0.wp.com\/cdnoticias.com\/wp-content\/uploads\/2022\/09\/reclamoeta-ssbb1-scaled.jpg?resize=300%2C180&amp;ssl=1 300w, https:\/\/i0.wp.com\/cdnoticias.com\/wp-content\/uploads\/2022\/09\/reclamoeta-ssbb1-scaled.jpg?resize=768%2C461&amp;ssl=1 768w, https:\/\/i0.wp.com\/cdnoticias.com\/wp-content\/uploads\/2022\/09\/reclamoeta-ssbb1-scaled.jpg?resize=1536%2C921&amp;ssl=1 1536w, https:\/\/i0.wp.com\/cdnoticias.com\/wp-content\/uploads\/2022\/09\/reclamoeta-ssbb1-scaled.jpg?resize=2048%2C1228&amp;ssl=1 2048w, https:\/\/i0.wp.com\/cdnoticias.com\/wp-content\/uploads\/2022\/09\/reclamoeta-ssbb1-scaled.jpg?w=1600&amp;ssl=1 1600w, https:\/\/i0.wp.com\/cdnoticias.com\/wp-content\/uploads\/2022\/09\/reclamoeta-ssbb1-scaled.jpg?w=2400&amp;ssl=1 2400w\" sizes=\"auto, (max-width: 800px) 100vw, 800px\" \/><\/p>\n<p>&nbsp;<\/p>\n<p><strong><em>Todos los detalles del encuentro, este jueves en Central de Noticias.<\/em><\/strong><\/p>\n","protected":false},"excerpt":{"rendered":"<p>El intendente fue el encargado de \u201cencender las luces\u201d en la ya noche del mi\u00e9rcoles. Son fondos que provienen de<\/p>\n","protected":false},"author":2,"featured_media":65433,"comment_status":"closed","ping_status":"closed","sticky":false,"template":"","format":"standard","meta":{"_jetpack_memberships_contains_paid_content":false,"footnotes":""},"categories":[5,1],"tags":[],"class_list":["post-65434","post","type-post","status-publish","format-standard","has-post-thumbnail","hentry","category-informacion-general","category-portada"],"jetpack_featured_media_url":"https:\/\/i0.wp.com\/cdnoticias.com\/wp-content\/uploads\/2022\/09\/reclamoeta-ssbb2-scaled.jpg?fit=2560%2C1536&ssl=1","jetpack_sharing_enabled":true,"_links":{"self":[{"href":"https:\/\/cdnoticias.com\/index.php\/wp-json\/wp\/v2\/posts\/65434","targetHints":{"allow":["GET"]}}],"collection":[{"href":"https:\/\/cdnoticias.com\/index.php\/wp-json\/wp\/v2\/posts"}],"about":[{"href":"https:\/\/cdnoticias.com\/index.php\/wp-json\/wp\/v2\/types\/post"}],"author":[{"embeddable":true,"href":"https:\/\/cdnoticias.com\/index.php\/wp-json\/wp\/v2\/users\/2"}],"replies":[{"embeddable":true,"href":"https:\/\/cdnoticias.com\/index.php\/wp-json\/wp\/v2\/comments?post=65434"}],"version-history":[{"count":0,"href":"https:\/\/cdnoticias.com\/index.php\/wp-json\/wp\/v2\/posts\/65434\/revisions"}],"wp:featuredmedia":[{"embeddable":true,"href":"https:\/\/cdnoticias.com\/index.php\/wp-json\/wp\/v2\/media\/65433"}],"wp:attachment":[{"href":"https:\/\/cdnoticias.com\/index.php\/wp-json\/wp\/v2\/media?parent=65434"}],"wp:term":[{"taxonomy":"category","embeddable":true,"href":"https:\/\/cdnoticias.com\/index.php\/wp-json\/wp\/v2\/categories?post=65434"},{"taxonomy":"post_tag","embeddable":true,"href":"https:\/\/cdnoticias.com\/index.php\/wp-json\/wp\/v2\/tags?post=65434"}],"curies":[{"name":"wp","href":"https:\/\/api.w.org\/{rel}","templated":true}]}}