{"id":6543,"date":"2020-11-15T09:22:17","date_gmt":"2020-11-15T12:22:17","guid":{"rendered":"http:\/\/www.centraldenoticias.com.ar\/?p=6543"},"modified":"2020-11-15T09:22:17","modified_gmt":"2020-11-15T12:22:17","slug":"silvia-viviana-valente-de-fittipaldi-q-e-p-d","status":"publish","type":"post","link":"https:\/\/cdnoticias.com\/index.php\/2020\/11\/15\/silvia-viviana-valente-de-fittipaldi-q-e-p-d\/","title":{"rendered":"Silvia Viviana Valente de Fittipaldi (Q.E.P.D.)"},"content":{"rendered":"<p>Falleci\u00f3 en Olavarr\u00eda a los 39 a\u00f1os de edad. Su esposo Luis Fittipaldi; su hijo Alan Fittipaldi; sus padres M\u00f3nica De La Torre y Daniel Valente; su hermano Lisandro Valente; su madre pol\u00edtica Alicia Risso; sus hermanos pol\u00edticos Celeste Lucas, Jos\u00e9 Fittipaldi y Yanina Arguello; sus sobrinos Mia, Mateo, Solange, Magali, Jimena y Rodrigo; sus t\u00edos; sus primos Ignacio y Nicol\u00e1s y dem\u00e1s deudos participan su fallecimiento.<\/p>\n<p>&nbsp;<\/p>\n<p>Sus restos ser\u00e1n inhumados en el Cementerio de Sierras Bayas, este domingo a las 12:30. Vecina de Sierras Bayas. Nacida en Olavarr\u00eda. Ama de casa.<\/p>\n","protected":false},"excerpt":{"rendered":"<p>Falleci\u00f3 en Olavarr\u00eda a los 39 a\u00f1os de edad. Su esposo Luis Fittipaldi; su hijo Alan Fittipaldi; sus padres M\u00f3nica<\/p>\n","protected":false},"author":5,"featured_media":0,"comment_status":"closed","ping_status":"closed","sticky":false,"template":"","format":"standard","meta":{"_jetpack_memberships_contains_paid_content":false,"footnotes":""},"categories":[10],"tags":[],"class_list":["post-6543","post","type-post","status-publish","format-standard","hentry","category-necrologicas"],"jetpack_featured_media_url":"","jetpack_sharing_enabled":true,"_links":{"self":[{"href":"https:\/\/cdnoticias.com\/index.php\/wp-json\/wp\/v2\/posts\/6543","targetHints":{"allow":["GET"]}}],"collection":[{"href":"https:\/\/cdnoticias.com\/index.php\/wp-json\/wp\/v2\/posts"}],"about":[{"href":"https:\/\/cdnoticias.com\/index.php\/wp-json\/wp\/v2\/types\/post"}],"author":[{"embeddable":true,"href":"https:\/\/cdnoticias.com\/index.php\/wp-json\/wp\/v2\/users\/5"}],"replies":[{"embeddable":true,"href":"https:\/\/cdnoticias.com\/index.php\/wp-json\/wp\/v2\/comments?post=6543"}],"version-history":[{"count":0,"href":"https:\/\/cdnoticias.com\/index.php\/wp-json\/wp\/v2\/posts\/6543\/revisions"}],"wp:attachment":[{"href":"https:\/\/cdnoticias.com\/index.php\/wp-json\/wp\/v2\/media?parent=6543"}],"wp:term":[{"taxonomy":"category","embeddable":true,"href":"https:\/\/cdnoticias.com\/index.php\/wp-json\/wp\/v2\/categories?post=6543"},{"taxonomy":"post_tag","embeddable":true,"href":"https:\/\/cdnoticias.com\/index.php\/wp-json\/wp\/v2\/tags?post=6543"}],"curies":[{"name":"wp","href":"https:\/\/api.w.org\/{rel}","templated":true}]}}