{"id":65334,"date":"2022-09-21T11:16:53","date_gmt":"2022-09-21T14:16:53","guid":{"rendered":"https:\/\/www.centraldenoticias.com.ar\/?p=65334"},"modified":"2022-09-21T15:23:00","modified_gmt":"2022-09-21T18:23:00","slug":"el-hcd-sesionara-en-el-salon-de-la-cooperativa-telefonica-de-loma-negra","status":"publish","type":"post","link":"https:\/\/cdnoticias.com\/index.php\/2022\/09\/21\/el-hcd-sesionara-en-el-salon-de-la-cooperativa-telefonica-de-loma-negra\/","title":{"rendered":"El HCD sesionar\u00e1 en el sal\u00f3n de la Cooperativa Telef\u00f3nica de Loma Negra"},"content":{"rendered":"<p>Se reuni\u00f3 la comisi\u00f3n de Labor Parlamentaria que defini\u00f3 el orden del d\u00eda. Entre los temas a tratar se cuenta la aceptaci\u00f3n de la pr\u00f3rroga de concesi\u00f3n del servicio de Obras Sanitarias a Coopelectric.<!--more--><\/p>\n<hr \/>\n<p><strong>La decimotercera sesi\u00f3n ordinaria del Honorable Concejo Deliberante se llevar\u00e1 adelante este jueves 22 de septiembre a las 9 horas<\/strong> en el auditorio de la Cooperativa Telef\u00f3nica de la localidad de Loma Negra, ubicada en la intersecci\u00f3n de Inmigrantes y Sarmiento.<\/p>\n<p>&nbsp;<\/p>\n<p>Este mi\u00e9rcoles<strong> la presidenta del Concejo, Cecilia Krivochen encabez\u00f3 la reuni\u00f3n de Labor Parlamentaria<\/strong> de la que participaron los presidentes y presidentas de los bloques que componen el cuerpo.<\/p>\n<p>&nbsp;<\/p>\n<p><img data-recalc-dims=\"1\" loading=\"lazy\" decoding=\"async\" class=\"size-full wp-image-65340 aligncenter\" src=\"https:\/\/i0.wp.com\/cdnoticias.com\/wp-content\/uploads\/2022\/09\/HCD-Labor-Parlamentaria-02.jpg?resize=800%2C445&#038;ssl=1\" alt=\"\" width=\"800\" height=\"445\" srcset=\"https:\/\/i0.wp.com\/cdnoticias.com\/wp-content\/uploads\/2022\/09\/HCD-Labor-Parlamentaria-02.jpg?w=800&amp;ssl=1 800w, https:\/\/i0.wp.com\/cdnoticias.com\/wp-content\/uploads\/2022\/09\/HCD-Labor-Parlamentaria-02.jpg?resize=300%2C167&amp;ssl=1 300w, https:\/\/i0.wp.com\/cdnoticias.com\/wp-content\/uploads\/2022\/09\/HCD-Labor-Parlamentaria-02.jpg?resize=768%2C427&amp;ssl=1 768w\" sizes=\"auto, (max-width: 800px) 100vw, 800px\" \/><\/p>\n<p>&nbsp;<\/p>\n<p><strong>Ingreso a comisiones internas<\/strong><\/p>\n<p>&nbsp;<\/p>\n<p>En la reuni\u00f3n de este mi\u00e9rcoles <strong>quedaron definidas las comisiones internas que deber\u00e1n tratar los quince expedientes que ingresaron en t\u00e9rmino reglamentario<\/strong>. Se trata de proyectos, en su mayor\u00eda, presentados por el Departamento Ejecutivo Municipal.<\/p>\n<p>&nbsp;<\/p>\n<p>En este sentido la comisi\u00f3n Labor Parlamentaria estableci\u00f3 el pase a Medio Ambiente, Educaci\u00f3n e Infraestructura donde comenzar\u00e1n su an\u00e1lisis parlamentario.<\/p>\n<p>&nbsp;<\/p>\n<p><strong>Temas a tratar en Loma Negra<\/strong><\/p>\n<p>&nbsp;<\/p>\n<p>Con acuerdo de Labor Parlamentaria qued\u00f3 establecido que el orden del d\u00eda de la sesi\u00f3n de Loma Negra. En el caso de los expedientes con ingreso en t\u00e9rmino reglamentario se estableci\u00f3 <strong>darle prioridad a los proyectos vinculados con la localidad de Loma Negra<\/strong> y a los que por su contenido deb\u00edan de tratarse esta semana.<\/p>\n<p>&nbsp;<\/p>\n<p><img data-recalc-dims=\"1\" loading=\"lazy\" decoding=\"async\" class=\"size-full wp-image-65338 aligncenter\" src=\"https:\/\/i0.wp.com\/cdnoticias.com\/wp-content\/uploads\/2022\/09\/HCD-Labor-Parlamentaria-00.jpg?resize=800%2C445&#038;ssl=1\" alt=\"\" width=\"800\" height=\"445\" srcset=\"https:\/\/i0.wp.com\/cdnoticias.com\/wp-content\/uploads\/2022\/09\/HCD-Labor-Parlamentaria-00.jpg?w=800&amp;ssl=1 800w, https:\/\/i0.wp.com\/cdnoticias.com\/wp-content\/uploads\/2022\/09\/HCD-Labor-Parlamentaria-00.jpg?resize=300%2C167&amp;ssl=1 300w, https:\/\/i0.wp.com\/cdnoticias.com\/wp-content\/uploads\/2022\/09\/HCD-Labor-Parlamentaria-00.jpg?resize=768%2C427&amp;ssl=1 768w\" sizes=\"auto, (max-width: 800px) 100vw, 800px\" \/><\/p>\n<p>&nbsp;<\/p>\n<p>En el caso de los expedientes con despacho de la comisi\u00f3n de Legislaci\u00f3n se pondr\u00e1n en consideraci\u00f3n un total de diez expedientes, todos presentados por el Departamento Ejecutivo Municipal. Uno de ellos es la <strong>aceptaci\u00f3n de pr\u00f3rroga de concesi\u00f3n del servicio de Obras Sanitarias a Coopelectric.<\/strong><\/p>\n<p>&nbsp;<\/p>\n<p>Posteriormente el Concejo tratar\u00e1<strong> los expedientes que, por determinaci\u00f3n de Labor Parlamentaria, se tratan sobre tablas<\/strong>. Son un total de 19 proyectos de los cuales, por coincidir la tem\u00e1tica, algunos de ellos ser\u00e1n abordados en conjunto.<\/p>\n<p>&nbsp;<\/p>\n<blockquote><p>Se destacan reconocimientos y galardones a vecinos y vecinas de la localidad de Loma Negra, pedidos de informes y distintas resoluciones dirigidas al Departamento Ejecutivo y al gobierno de la provincia de Buenos Aires.<\/p><\/blockquote>\n<p>&nbsp;<\/p>\n","protected":false},"excerpt":{"rendered":"<p>Se reuni\u00f3 la comisi\u00f3n de Labor Parlamentaria que defini\u00f3 el orden del d\u00eda. Entre los temas a tratar se cuenta<\/p>\n","protected":false},"author":4,"featured_media":65339,"comment_status":"closed","ping_status":"closed","sticky":false,"template":"","format":"standard","meta":{"_jetpack_memberships_contains_paid_content":false,"footnotes":""},"categories":[4,1],"tags":[],"class_list":["post-65334","post","type-post","status-publish","format-standard","has-post-thumbnail","hentry","category-politica","category-portada"],"jetpack_featured_media_url":"https:\/\/i0.wp.com\/cdnoticias.com\/wp-content\/uploads\/2022\/09\/HCD-Labor-Parlamentaria-01.jpg?fit=800%2C445&ssl=1","jetpack_sharing_enabled":true,"_links":{"self":[{"href":"https:\/\/cdnoticias.com\/index.php\/wp-json\/wp\/v2\/posts\/65334","targetHints":{"allow":["GET"]}}],"collection":[{"href":"https:\/\/cdnoticias.com\/index.php\/wp-json\/wp\/v2\/posts"}],"about":[{"href":"https:\/\/cdnoticias.com\/index.php\/wp-json\/wp\/v2\/types\/post"}],"author":[{"embeddable":true,"href":"https:\/\/cdnoticias.com\/index.php\/wp-json\/wp\/v2\/users\/4"}],"replies":[{"embeddable":true,"href":"https:\/\/cdnoticias.com\/index.php\/wp-json\/wp\/v2\/comments?post=65334"}],"version-history":[{"count":0,"href":"https:\/\/cdnoticias.com\/index.php\/wp-json\/wp\/v2\/posts\/65334\/revisions"}],"wp:featuredmedia":[{"embeddable":true,"href":"https:\/\/cdnoticias.com\/index.php\/wp-json\/wp\/v2\/media\/65339"}],"wp:attachment":[{"href":"https:\/\/cdnoticias.com\/index.php\/wp-json\/wp\/v2\/media?parent=65334"}],"wp:term":[{"taxonomy":"category","embeddable":true,"href":"https:\/\/cdnoticias.com\/index.php\/wp-json\/wp\/v2\/categories?post=65334"},{"taxonomy":"post_tag","embeddable":true,"href":"https:\/\/cdnoticias.com\/index.php\/wp-json\/wp\/v2\/tags?post=65334"}],"curies":[{"name":"wp","href":"https:\/\/api.w.org\/{rel}","templated":true}]}}