{"id":65326,"date":"2022-09-21T10:37:43","date_gmt":"2022-09-21T13:37:43","guid":{"rendered":"https:\/\/www.centraldenoticias.com.ar\/?p=65326"},"modified":"2022-09-21T10:37:43","modified_gmt":"2022-09-21T13:37:43","slug":"es-oficial-el-uso-del-barbijo-deja-de-ser-obligatorio-en-argentina","status":"publish","type":"post","link":"https:\/\/cdnoticias.com\/index.php\/2022\/09\/21\/es-oficial-el-uso-del-barbijo-deja-de-ser-obligatorio-en-argentina\/","title":{"rendered":"Es oficial: el uso del barbijo deja de ser obligatorio en Argentina"},"content":{"rendered":"<p>El Ministerio de Salud emiti\u00f3 la resoluci\u00f3n que se public\u00f3 en el Bolet\u00edn Oficial. De todos modos, se contin\u00faa \u201crecomendando\u201d su uso en espacios interiores, incluyendo los \u00e1mbitos laborales, educativos, sociales y el transporte p\u00fablico&#8221;. En la vida cotidiana, hace rato que la utilizaci\u00f3n del tapabocas pas\u00f3 a ser una decisi\u00f3n personal de los ciudadanos.<!--more--><\/p>\n<hr \/>\n<p><strong>El Ministerio de Salud dio un paso m\u00e1s hacia la \u201cnueva normalidad\u201d con el fin de la obligatoriedad del uso del barbijo en la Argentina.<\/strong> As\u00ed, se oficializa un hecho que en la vida cotidiana se ve\u00eda que ya era cada vez m\u00e1s com\u00fan.<\/p>\n<p>&nbsp;<\/p>\n<p>La decisi\u00f3n, dada a conocer en las primeras horas de hoy a trav\u00e9s de<strong> la resoluci\u00f3n 1849\/2022 publicada en el Bolet\u00edn Oficial, tiene lugar a dos a\u00f1os y medio del comienzo del aislamiento social, preventivo y obligatorio (ASPO)<\/strong> declarado por el Gobierno nacional para paliar los efectos de la pandemia de Covid-19.<\/p>\n<p>&nbsp;<\/p>\n<blockquote><p>De todas maneras, la cartera a cargo de Carla Vizzotti, contin\u00faa recomendando el uso de barbijo \u201cen espacios interiores, incluyendo los \u00e1mbitos laborales, educativos, sociales y el transporte p\u00fablico\u201d.<\/p><\/blockquote>\n<p>&nbsp;<\/p>\n<p>Entre las <strong>\u201cmedidas de prevenci\u00f3n general\u201d<\/strong> se sugiere asegurar la ventilaci\u00f3n de los ambientes; mantener la higiene adecuada y frecuente de manos; ante la presencia de s\u00edntomas evitar el contacto con otras personas, no acudir a actividades laborales, sociales, educativas, lugares p\u00fablicos y evitar el uso de transporte\u201d.<\/p>\n<p>&nbsp;<\/p>\n<p>La realidad muestra que<strong> ya hace rato los ciudadanos dejaron de usar barbijo en muchos \u00e1mbitos<\/strong> y su utilizaci\u00f3n depend\u00eda m\u00e1s de una decisi\u00f3n personal que de una norma. En el transporte p\u00fablico, por caso, hace ya varios meses que se ve\u00eda a gran parte de los usuarios con la cara descubierta, sin que nadie los se\u00f1alara.<\/p>\n<p>&nbsp;<\/p>\n<p><img data-recalc-dims=\"1\" loading=\"lazy\" decoding=\"async\" class=\"aligncenter wp-image-49574 size-large\" src=\"https:\/\/i0.wp.com\/cdnoticias.com\/wp-content\/uploads\/2022\/03\/barbijos-1068x709-1.jpg?resize=800%2C531&#038;ssl=1\" alt=\"\" width=\"800\" height=\"531\" srcset=\"https:\/\/i0.wp.com\/cdnoticias.com\/wp-content\/uploads\/2022\/03\/barbijos-1068x709-1.jpg?resize=1024%2C680&amp;ssl=1 1024w, https:\/\/i0.wp.com\/cdnoticias.com\/wp-content\/uploads\/2022\/03\/barbijos-1068x709-1.jpg?resize=300%2C199&amp;ssl=1 300w, https:\/\/i0.wp.com\/cdnoticias.com\/wp-content\/uploads\/2022\/03\/barbijos-1068x709-1.jpg?resize=768%2C510&amp;ssl=1 768w, https:\/\/i0.wp.com\/cdnoticias.com\/wp-content\/uploads\/2022\/03\/barbijos-1068x709-1.jpg?resize=272%2C182&amp;ssl=1 272w, https:\/\/i0.wp.com\/cdnoticias.com\/wp-content\/uploads\/2022\/03\/barbijos-1068x709-1.jpg?w=1068&amp;ssl=1 1068w\" sizes=\"auto, (max-width: 800px) 100vw, 800px\" \/><\/p>\n<p>&nbsp;<\/p>\n<p><strong>Circulaci\u00f3n estacional<\/strong><\/p>\n<p>&nbsp;<\/p>\n<blockquote><p>Seg\u00fan la resoluci\u00f3n, \u201cel SARS-CoV-2 se ha convertido en un virus de circulaci\u00f3n estacional\u201d, lo que hace que la utilizaci\u00f3n del barbijo quede solo reservada a la presentaci\u00f3n de \u201cescenarios particulares\u201d.<\/p><\/blockquote>\n<p>&nbsp;<\/p>\n<p>Asimismo, el texto resalta la importancia de las<strong> coberturas de vacunaci\u00f3n que \u201clograron disminuir de manera considerable la incidencia de enfermedad grave<\/strong> y la mortalidad por Covid-19, independientemente de la variante circulante\u201d.<\/p>\n<p>&nbsp;<\/p>\n<p>En tanto que sobre la aplicabilidad de estas medidas, la resoluci\u00f3n se\u00f1ala:<strong> \u201cCada jurisdicci\u00f3n podr\u00e1 adoptar las recomendaciones pertinentes en funci\u00f3n de su situaci\u00f3n epidemiol\u00f3gica particular y la estrategia sanitaria planificada\u201d<\/strong>. De esta manera, se espera que, entre otras, la provincia de Buenos Aires se emita sobre este particular.<\/p>\n<p>&nbsp;<\/p>\n<p><img data-recalc-dims=\"1\" loading=\"lazy\" decoding=\"async\" class=\"size-full wp-image-11143 aligncenter\" src=\"https:\/\/i0.wp.com\/cdnoticias.com\/wp-content\/uploads\/2021\/01\/DIB-vizzotti-barbijo-696x464.jpg?resize=696%2C464&#038;ssl=1\" alt=\"\" width=\"696\" height=\"464\" srcset=\"https:\/\/i0.wp.com\/cdnoticias.com\/wp-content\/uploads\/2021\/01\/DIB-vizzotti-barbijo-696x464.jpg?resize=696%2C464&amp;ssl=1 696w, https:\/\/i0.wp.com\/cdnoticias.com\/wp-content\/uploads\/2021\/01\/DIB-vizzotti-barbijo-696x464.jpg?resize=300%2C200&amp;ssl=1 300w, https:\/\/i0.wp.com\/cdnoticias.com\/wp-content\/uploads\/2021\/01\/DIB-vizzotti-barbijo-696x464.jpg?resize=272%2C182&amp;ssl=1 272w\" sizes=\"auto, (max-width: 696px) 100vw, 696px\" \/><\/p>\n<p>&nbsp;<\/p>\n<p><strong>Desde el comienzo<\/strong><\/p>\n<p>&nbsp;<\/p>\n<p>La obligatoriedad del uso del barbijo se dispuso al comienzo de la pandemia de coronavirus. Luego, a medida que avanz\u00f3 la campa\u00f1a de vacunaci\u00f3n, y fueron disminuyendo los contagios y las muertes, se fue flexibilizando en varios \u00e1mbitos manteni\u00e9ndose la obligaci\u00f3n de su uso en espacios cerrados y el transporte.<\/p>\n<p>&nbsp;<\/p>\n<p>El Gobierno se\u00f1al\u00f3<strong> \u201ctres grandes olas de contagios\u201d<\/strong> que ocurrieron en Argentina: la primera con dos picos a mediados de 2020 y al comienzo de 2021, la segunda a mitad del a\u00f1o pasado y la \u00faltima al inicio de 2022. Esta \u00faltima \u201cse da en el marco de una poblaci\u00f3n con altas coberturas de vacunaci\u00f3n\u201d, destac\u00f3 el Poder Ejecutivo. \u201cActualmente, luego de un nuevo per\u00edodo de aumento, de menor envergadura que los anteriores, se evidencia un per\u00edodo de descenso sostenido de casos\u201d, se agreg\u00f3.<\/p>\n<p>&nbsp;<\/p>\n<blockquote><p>\u201cDesde el inicio de la Campa\u00f1a Nacional de Vacunaci\u00f3n contra COVID-19 hasta el 6 de septiembre de 2022 se alcanz\u00f3 una cobertura del 82,5% en poblaci\u00f3n general y 81,7 % en mayores de 3 a\u00f1os con dos (2) dosis de vacuna, y de 46,7 % en poblaci\u00f3n general y 73,5% en mayores de 60 a\u00f1os con el primer refuerzo\u201d, precis\u00f3 el Ministerio de Salud. Con respecto a la ocupaci\u00f3n de camas de terapia intensiva por COVID-19, todas las provincias se ubican por debajo del 75% de ocupaci\u00f3n y la cantidad de pacientes en Unidades de Terapia Intensiva (UTI) reportados por las jurisdicciones presenta un leve descenso en las \u00faltimas cuatro semanas.<\/p><\/blockquote>\n<p>&nbsp;<\/p>\n<p>En tanto,<strong> en lo que va de 2022, \u201cpuede notarse un comportamiento inusual tanto en la estacionalidad y n\u00famero de casos registrados<\/strong> de influenza como la frecuencia y distribuci\u00f3n de otros virus respiratorios\u201d.<\/p>\n<p>&nbsp;<\/p>\n<p>Pese a que el Gobierno estableci\u00f3 que el uso del barbijo deja de ser obligatorio,<strong> se hizo hincapi\u00e9 en que es \u201cuna herramienta eficaz para evitar la trasmisi\u00f3n de virus respiratorios de persona a persona<\/strong> y su uso es beneficioso para la prevenci\u00f3n de enfermedades estacionales\u201d.<\/p>\n<p>&nbsp;<\/p>\n<blockquote><p>\u201cEn esta nueva etapa de la pandemia se puede afirmar que el SARS-CoV-2 es un virus de circulaci\u00f3n estacional y, adem\u00e1s, que la inmunidad natural y\/o por la vacuna no garantiza su eliminaci\u00f3n, por lo tanto se pueden presentar situaciones particulares donde sea necesario establecer el uso de barbijo\u201d, explic\u00f3 la cartera sanitaria.<\/p><\/blockquote>\n<p>&nbsp;<\/p>\n<p>Fuente: <em>Agencia DIB<\/em><\/p>\n","protected":false},"excerpt":{"rendered":"<p>El Ministerio de Salud emiti\u00f3 la resoluci\u00f3n que se public\u00f3 en el Bolet\u00edn Oficial. De todos modos, se contin\u00faa \u201crecomendando\u201d<\/p>\n","protected":false},"author":4,"featured_media":65329,"comment_status":"closed","ping_status":"closed","sticky":false,"template":"","format":"standard","meta":{"_jetpack_memberships_contains_paid_content":false,"footnotes":""},"categories":[16,1],"tags":[],"class_list":["post-65326","post","type-post","status-publish","format-standard","has-post-thumbnail","hentry","category-covid-19","category-portada"],"jetpack_featured_media_url":"https:\/\/i0.wp.com\/cdnoticias.com\/wp-content\/uploads\/2022\/09\/DIB-barbijo-no-obligatorio-696x476-1.jpg?fit=696%2C476&ssl=1","jetpack_sharing_enabled":true,"_links":{"self":[{"href":"https:\/\/cdnoticias.com\/index.php\/wp-json\/wp\/v2\/posts\/65326","targetHints":{"allow":["GET"]}}],"collection":[{"href":"https:\/\/cdnoticias.com\/index.php\/wp-json\/wp\/v2\/posts"}],"about":[{"href":"https:\/\/cdnoticias.com\/index.php\/wp-json\/wp\/v2\/types\/post"}],"author":[{"embeddable":true,"href":"https:\/\/cdnoticias.com\/index.php\/wp-json\/wp\/v2\/users\/4"}],"replies":[{"embeddable":true,"href":"https:\/\/cdnoticias.com\/index.php\/wp-json\/wp\/v2\/comments?post=65326"}],"version-history":[{"count":0,"href":"https:\/\/cdnoticias.com\/index.php\/wp-json\/wp\/v2\/posts\/65326\/revisions"}],"wp:featuredmedia":[{"embeddable":true,"href":"https:\/\/cdnoticias.com\/index.php\/wp-json\/wp\/v2\/media\/65329"}],"wp:attachment":[{"href":"https:\/\/cdnoticias.com\/index.php\/wp-json\/wp\/v2\/media?parent=65326"}],"wp:term":[{"taxonomy":"category","embeddable":true,"href":"https:\/\/cdnoticias.com\/index.php\/wp-json\/wp\/v2\/categories?post=65326"},{"taxonomy":"post_tag","embeddable":true,"href":"https:\/\/cdnoticias.com\/index.php\/wp-json\/wp\/v2\/tags?post=65326"}],"curies":[{"name":"wp","href":"https:\/\/api.w.org\/{rel}","templated":true}]}}