{"id":65289,"date":"2022-09-20T20:53:13","date_gmt":"2022-09-20T23:53:13","guid":{"rendered":"https:\/\/www.centraldenoticias.com.ar\/?p=65289"},"modified":"2022-09-20T20:53:13","modified_gmt":"2022-09-20T23:53:13","slug":"el-mundo-esta-reclamando-cosas-que-tenemos-los-argentinos","status":"publish","type":"post","link":"https:\/\/cdnoticias.com\/index.php\/2022\/09\/20\/el-mundo-esta-reclamando-cosas-que-tenemos-los-argentinos\/","title":{"rendered":"&#8220;El mundo est\u00e1 reclamando cosas que tenemos los argentinos&#8221;"},"content":{"rendered":"<p>Jorge Solmi, secretario de la Unidad de Coordinaci\u00f3n Federal y Operativa Agropecuaria del Ministerio de Econom\u00eda de la Naci\u00f3n estuvo en Olavarr\u00eda y se refiri\u00f3 a las posibilidades con los alimentos, la energ\u00eda, la miner\u00eda y el conocimiento.<!--more--><\/p>\n<hr \/>\n<p>En la tarde de este martes, <strong>Jorge Solmi<\/strong> secretario de la Unidad de Coordinaci\u00f3n Federal y Operativa Agropecuaria del Ministerio de Econom\u00eda de la Naci\u00f3n, lleg\u00f3 a la ciudad donde realiz\u00f3 una charla en el auditorio de Radio Olavarr\u00eda.<\/p>\n<p>&nbsp;<\/p>\n<p>Acompa\u00f1ado en todo momento por los concejales Gast\u00f3n Sarachu e In\u00e9s Creimer, as\u00ed como tambi\u00e9n del funcionario de Aubasa Eduardo Rodr\u00edguez, Solmi comenz\u00f3 al se\u00f1alar que &#8220;<strong>Todos los argentinos pasamos un invierno a tarifas de energ\u00eda razonables&#8221; dijo.<\/strong> &#8220;Eso en el mundo no sucedi\u00f3, producto del problema energ\u00e9tico que caus\u00f3 el conflicto entre Rusia y Ucrania. Esto caus\u00f3 dos aumentos considerables:<strong> el de la energ\u00eda y el de los alimentos.<\/strong> Nosotros somos productores de alimentos, pero no alcanzaba el aumento del valor internacional como para compensar el gasto energ\u00e9tico que tenemos nosotros porque dependemos de energ\u00eda importada&#8221; explic\u00f3 Solmi.<\/p>\n<p>&nbsp;<\/p>\n<blockquote><p>&#8220;Mientras tanto le cost\u00f3 al Banco Central 5 mil millones de d\u00f3lares de reserva pagar esa factura de la energ\u00eda. Eso hab\u00eda que recomponerlo r\u00e1pidamente por eso <strong>se pone en funcionamiento este programa de impulso exportador con la soja<\/strong>&#8221; y agreg\u00f3 que<strong> el 93% de soja se exporta mientras que en el pa\u00eds se consume el 7%&#8221;.<\/strong><\/p><\/blockquote>\n<p>&nbsp;<\/p>\n<p>Sobre la nueva medida dispuesta por el Banco Central, Solmi explic\u00f3 que &#8220;a la hora el Ministro la hab\u00eda corregido.<strong> Imped\u00eda a quienes se hab\u00edan incorporado a este programa de impulso exportador la adquisici\u00f3n de d\u00f3lares en el mercado financiero.<\/strong> Cuando se anunci\u00f3 el programa, fue muy claro que se hab\u00eda habilitado para los productores que vendan soja dentro de este convenio, una cuenta que puedan retirar el dinero en el momento que se le ocurre que va ajustado por d\u00f3lar link en la llamada cuenta chacarero. Est\u00e1n en todos los bancos y cualquier productor puede depositarla en esa cuenta y esa cuenta va a proteger su dinero movi\u00e9ndose de acuerdo a lo que se mueve el d\u00f3lar oficial&#8221;.<\/p>\n<p>&nbsp;<\/p>\n<p><img data-recalc-dims=\"1\" loading=\"lazy\" decoding=\"async\" class=\"aligncenter wp-image-65293 size-large\" src=\"https:\/\/i0.wp.com\/cdnoticias.com\/wp-content\/uploads\/2022\/09\/solmi1.jpg?resize=800%2C480&#038;ssl=1\" alt=\"\" width=\"800\" height=\"480\" srcset=\"https:\/\/i0.wp.com\/cdnoticias.com\/wp-content\/uploads\/2022\/09\/solmi1-scaled.jpg?resize=1024%2C614&amp;ssl=1 1024w, https:\/\/i0.wp.com\/cdnoticias.com\/wp-content\/uploads\/2022\/09\/solmi1-scaled.jpg?resize=300%2C180&amp;ssl=1 300w, https:\/\/i0.wp.com\/cdnoticias.com\/wp-content\/uploads\/2022\/09\/solmi1-scaled.jpg?resize=768%2C461&amp;ssl=1 768w, https:\/\/i0.wp.com\/cdnoticias.com\/wp-content\/uploads\/2022\/09\/solmi1-scaled.jpg?resize=1536%2C921&amp;ssl=1 1536w, https:\/\/i0.wp.com\/cdnoticias.com\/wp-content\/uploads\/2022\/09\/solmi1-scaled.jpg?resize=2048%2C1229&amp;ssl=1 2048w, https:\/\/i0.wp.com\/cdnoticias.com\/wp-content\/uploads\/2022\/09\/solmi1-scaled.jpg?w=1600&amp;ssl=1 1600w, https:\/\/i0.wp.com\/cdnoticias.com\/wp-content\/uploads\/2022\/09\/solmi1-scaled.jpg?w=2400&amp;ssl=1 2400w\" sizes=\"auto, (max-width: 800px) 100vw, 800px\" \/><\/p>\n<p>&nbsp;<\/p>\n<p>&#8220;Hoy<strong> las personas f\u00edsicas -que son la mayor\u00eda de los productores- pueden acceder a este tipo de d\u00f3lar financiero. <\/strong>Es muy dif\u00edcil en las personas jur\u00eddicas separar luego de la actividad porque no siempre la actividad es exclusivamente producci\u00f3n, generalmente incluye la compraventa&#8221; dijo Solmi.<\/p>\n<p>&nbsp;<\/p>\n<p>&#8220;Cuando Massa anuncia su plan de trabajo los ejes eran que primero tenemos que <strong>ordenar las finanzas y la econom\u00eda<\/strong>. Una vez ordenadas esas dos cuestiones poner en marcha, los<strong> cuatro motores de la econom\u00eda: que son la inversi\u00f3n, la producci\u00f3n, la exportaci\u00f3n y el consumo interno<\/strong>. Nosotros tambi\u00e9n tenemos que <strong>lograr que el consumidor pueda adquirir alimentos a precios racionales<\/strong> <strong>y en cantidad suficiente y por supuesto en calidad<\/strong>&#8221; resalt\u00f3.<\/p>\n<p>&nbsp;<\/p>\n<p>Entre varios ejemplos, coment\u00f3 que <strong>&#8220;el negocio del vino son de mil millones de d\u00f3lares,<\/strong> los mismo mil millones de d\u00f3lares es el <strong>negocio del man\u00ed.<\/strong> <strong>Hoy la Argentina es l\u00edder en exportaciones de man\u00ed,<\/strong> pero en vino tenemos un potencial enorme. Hay 19 provincias produciendo, muchas en pleno crecimiento y eso es un rubro que tiene mucho para crecer&#8221;.<\/p>\n<p>&nbsp;<\/p>\n<p>Sobre los<strong> problemas a resolver<\/strong>, cont\u00f3 que <strong>uno es el costo del transporte<\/strong>. &#8220;Estamos enfocados mucho al <strong>desarrollo del tren que abarata mucho los costos<\/strong>. Este a\u00f1o hemos tenido <strong>r\u00e9cord de movimiento de cereales en tren.<\/strong> Llevarnos las necesidades de los productores para nosotros es muy importante&#8221;.<\/p>\n<p>&nbsp;<\/p>\n<p><img data-recalc-dims=\"1\" loading=\"lazy\" decoding=\"async\" class=\"aligncenter wp-image-65295 size-large\" src=\"https:\/\/i0.wp.com\/cdnoticias.com\/wp-content\/uploads\/2022\/09\/solmi3.jpg?resize=800%2C480&#038;ssl=1\" alt=\"\" width=\"800\" height=\"480\" srcset=\"https:\/\/i0.wp.com\/cdnoticias.com\/wp-content\/uploads\/2022\/09\/solmi3-scaled.jpg?resize=1024%2C614&amp;ssl=1 1024w, https:\/\/i0.wp.com\/cdnoticias.com\/wp-content\/uploads\/2022\/09\/solmi3-scaled.jpg?resize=300%2C180&amp;ssl=1 300w, https:\/\/i0.wp.com\/cdnoticias.com\/wp-content\/uploads\/2022\/09\/solmi3-scaled.jpg?resize=768%2C461&amp;ssl=1 768w, https:\/\/i0.wp.com\/cdnoticias.com\/wp-content\/uploads\/2022\/09\/solmi3-scaled.jpg?resize=1536%2C921&amp;ssl=1 1536w, https:\/\/i0.wp.com\/cdnoticias.com\/wp-content\/uploads\/2022\/09\/solmi3-scaled.jpg?resize=2048%2C1228&amp;ssl=1 2048w, https:\/\/i0.wp.com\/cdnoticias.com\/wp-content\/uploads\/2022\/09\/solmi3-scaled.jpg?w=1600&amp;ssl=1 1600w, https:\/\/i0.wp.com\/cdnoticias.com\/wp-content\/uploads\/2022\/09\/solmi3-scaled.jpg?w=2400&amp;ssl=1 2400w\" sizes=\"auto, (max-width: 800px) 100vw, 800px\" \/><\/p>\n<p>&nbsp;<\/p>\n<p>Adem\u00e1s, Solmi expres\u00f3 su <strong>preocupaci\u00f3n por la sequ\u00eda que existe en la zona n\u00facleo de los cereales.<\/strong> \u201cSi no llueve 80 mil\u00edmetros no podemos sembrar. Esperemos que venga alg\u00fan alivio en octubre&#8221;.<\/p>\n<p>&nbsp;<\/p>\n<p>&#8220;<strong>El mundo est\u00e1 reclamando cuatro cosas que tenemos los argentinos. Tenemos alimentos, tenemos energ\u00eda, tenemos miner\u00eda y tenemos conocimiento.<\/strong> Tenemos que ponerlo en din\u00e1mica para que eso crezca, madure y se fortalezca. No es necesario estar en Buenos Aires o en las grandes ciudades para brindar conocimiento. Obviamente el resto de las cosas surgen, s\u00ed o s\u00ed, del interior no hay otra manera&#8221; resalt\u00f3 el secretario de la Unidad de Coordinaci\u00f3n Federal y Operativa Agropecuaria del Ministerio de Econom\u00eda.<\/p>\n<p>&nbsp;<\/p>\n<p>Por \u00faltimo, expres\u00f3 que los \u201c<strong>sueldos han sido destrozados y tambi\u00e9n hay que recomponerlo.<\/strong> El trabajador tiene que tener plata en el bolsillo para comprar carne, para comprar leche. <strong>Los sueldos no alcanzan. Esta es la realidad. Ha ca\u00eddo much\u00edsimo el consumo por problemas salariales y eso afecta a los productores sin ninguna duda&#8221;.\u00a0<\/strong><\/p>\n<p>&nbsp;<\/p>\n<p><img data-recalc-dims=\"1\" loading=\"lazy\" decoding=\"async\" class=\"aligncenter wp-image-65296 size-large\" src=\"https:\/\/i0.wp.com\/cdnoticias.com\/wp-content\/uploads\/2022\/09\/solmi4.jpg?resize=800%2C480&#038;ssl=1\" alt=\"\" width=\"800\" height=\"480\" srcset=\"https:\/\/i0.wp.com\/cdnoticias.com\/wp-content\/uploads\/2022\/09\/solmi4-scaled.jpg?resize=1024%2C614&amp;ssl=1 1024w, https:\/\/i0.wp.com\/cdnoticias.com\/wp-content\/uploads\/2022\/09\/solmi4-scaled.jpg?resize=300%2C180&amp;ssl=1 300w, https:\/\/i0.wp.com\/cdnoticias.com\/wp-content\/uploads\/2022\/09\/solmi4-scaled.jpg?resize=768%2C461&amp;ssl=1 768w, https:\/\/i0.wp.com\/cdnoticias.com\/wp-content\/uploads\/2022\/09\/solmi4-scaled.jpg?resize=1536%2C922&amp;ssl=1 1536w, https:\/\/i0.wp.com\/cdnoticias.com\/wp-content\/uploads\/2022\/09\/solmi4-scaled.jpg?resize=2048%2C1229&amp;ssl=1 2048w, https:\/\/i0.wp.com\/cdnoticias.com\/wp-content\/uploads\/2022\/09\/solmi4-scaled.jpg?w=1600&amp;ssl=1 1600w, https:\/\/i0.wp.com\/cdnoticias.com\/wp-content\/uploads\/2022\/09\/solmi4-scaled.jpg?w=2400&amp;ssl=1 2400w\" sizes=\"auto, (max-width: 800px) 100vw, 800px\" \/><\/p>\n<p>&nbsp;<\/p>\n<p>&nbsp;<\/p>\n<p>&nbsp;<\/p>\n<p>&nbsp;<\/p>\n","protected":false},"excerpt":{"rendered":"<p>Jorge Solmi, secretario de la Unidad de Coordinaci\u00f3n Federal y Operativa Agropecuaria del Ministerio de Econom\u00eda de la Naci\u00f3n estuvo<\/p>\n","protected":false},"author":6,"featured_media":65297,"comment_status":"closed","ping_status":"closed","sticky":false,"template":"","format":"standard","meta":{"_jetpack_memberships_contains_paid_content":false,"footnotes":""},"categories":[4,1],"tags":[],"class_list":["post-65289","post","type-post","status-publish","format-standard","has-post-thumbnail","hentry","category-politica","category-portada"],"jetpack_featured_media_url":"https:\/\/i0.wp.com\/cdnoticias.com\/wp-content\/uploads\/2022\/09\/solmi5-scaled.jpg?fit=2560%2C1536&ssl=1","jetpack_sharing_enabled":true,"_links":{"self":[{"href":"https:\/\/cdnoticias.com\/index.php\/wp-json\/wp\/v2\/posts\/65289","targetHints":{"allow":["GET"]}}],"collection":[{"href":"https:\/\/cdnoticias.com\/index.php\/wp-json\/wp\/v2\/posts"}],"about":[{"href":"https:\/\/cdnoticias.com\/index.php\/wp-json\/wp\/v2\/types\/post"}],"author":[{"embeddable":true,"href":"https:\/\/cdnoticias.com\/index.php\/wp-json\/wp\/v2\/users\/6"}],"replies":[{"embeddable":true,"href":"https:\/\/cdnoticias.com\/index.php\/wp-json\/wp\/v2\/comments?post=65289"}],"version-history":[{"count":0,"href":"https:\/\/cdnoticias.com\/index.php\/wp-json\/wp\/v2\/posts\/65289\/revisions"}],"wp:featuredmedia":[{"embeddable":true,"href":"https:\/\/cdnoticias.com\/index.php\/wp-json\/wp\/v2\/media\/65297"}],"wp:attachment":[{"href":"https:\/\/cdnoticias.com\/index.php\/wp-json\/wp\/v2\/media?parent=65289"}],"wp:term":[{"taxonomy":"category","embeddable":true,"href":"https:\/\/cdnoticias.com\/index.php\/wp-json\/wp\/v2\/categories?post=65289"},{"taxonomy":"post_tag","embeddable":true,"href":"https:\/\/cdnoticias.com\/index.php\/wp-json\/wp\/v2\/tags?post=65289"}],"curies":[{"name":"wp","href":"https:\/\/api.w.org\/{rel}","templated":true}]}}