{"id":65281,"date":"2022-09-20T19:15:19","date_gmt":"2022-09-20T22:15:19","guid":{"rendered":"https:\/\/www.centraldenoticias.com.ar\/?p=65281"},"modified":"2022-09-21T08:03:13","modified_gmt":"2022-09-21T11:03:13","slug":"polemica-por-una-presentacion-de-distintivos-con-violencia-simbolica-a-cristina-fernandez","status":"publish","type":"post","link":"https:\/\/cdnoticias.com\/index.php\/2022\/09\/20\/polemica-por-una-presentacion-de-distintivos-con-violencia-simbolica-a-cristina-fernandez\/","title":{"rendered":"Pol\u00e9mica por una presentaci\u00f3n de distintivos \u201ccon violencia simb\u00f3lica\u201d a Cristina Fern\u00e1ndez"},"content":{"rendered":"<p>Se registr\u00f3 este martes por la ma\u00f1ana, en el Paseo Jes\u00fas Mend\u00eda. La parodia mostraba a la vicepresidenta \u201ctirando cajas de vino\u201d y tratando a sus militantes de \u201cvagos\u201d, \u201cplaneros\u201d y \u201cnegros de mierda\u201d. <!--more--><\/p>\n<hr \/>\n<p>En la ma\u00f1ana de este martes,<strong> una presentaci\u00f3n de distintivos del Colegio Privado \u201cMonse\u00f1or C\u00e1neva\u201d en el Paseo Jes\u00fas Mend\u00eda se vio empa\u00f1ada por un acto de \u201cviolencia simb\u00f3lica\u201d contra la vicepresidenta Cristina Fern\u00e1ndez de Kirchner,<\/strong> por una repudiable parodia que catalogaba a sus militantes como \u201cplaneros\u201d y que les arrojaban cajas de vino.<\/p>\n<p>&nbsp;<\/p>\n<p>All\u00ed,<strong> la actuaci\u00f3n mostraba una joven caracterizada como la vicepresidenta arrojando polenta hacia sus \u201cmilitantes\u201d trat\u00e1ndolos de \u201cvagos\u201d y \u201cplaneros\u201d con una <em>\u201cclara connotaci\u00f3n discriminadora hacia un sector social\u201d<\/em><\/strong> se\u00f1alaron un grupo de padres que dialogaron con <strong>Central de Noticias<\/strong>, alertados por la situaci\u00f3n en el mismo momento en que se desarrollaba.<\/p>\n<p>&nbsp;<\/p>\n<blockquote><p>De hecho, la adolescente que actuaba de Cristina tiraba cajas de vinos a este grupo de \u201cplaneros\u201d y dijo que a la oposici\u00f3n \u201clos iba a partir al medio como un chorizo mariposa\u201d.<\/p><\/blockquote>\n<p>&nbsp;<\/p>\n<p>Seg\u00fan logr\u00f3 saber este medio,<strong> los padres denunciaron la situaci\u00f3n y se solicit\u00f3 la intervenci\u00f3n a la Direcci\u00f3n de Educaci\u00f3n de Gesti\u00f3n Privada (DIEGEP) para que reconstruya lo sucedido<\/strong>, teniendo en cuenta que, seg\u00fan se explic\u00f3, <em>\u201clos directivos del colegio deber\u00edan haber autorizado la actividad, con el contenido que se pudo ver esta ma\u00f1ana\u201d.<\/em><\/p>\n<p>&nbsp;<\/p>\n<p>Incluso, <strong>no se descart\u00f3 alguna sanci\u00f3n contra el Colegio teniendo en cuenta que es una instituci\u00f3n educativa privada con subvenci\u00f3n estatal<\/strong> y que <em>\u201cse trata de una nueva muestra de un claro discurso de odio, en un contexto donde se est\u00e1n discutiendo estas cuestiones\u201d<\/em> cerraron.<\/p>\n","protected":false},"excerpt":{"rendered":"<p>Se registr\u00f3 este martes por la ma\u00f1ana, en el Paseo Jes\u00fas Mend\u00eda. La parodia mostraba a la vicepresidenta \u201ctirando cajas<\/p>\n","protected":false},"author":2,"featured_media":65282,"comment_status":"closed","ping_status":"closed","sticky":false,"template":"","format":"standard","meta":{"_jetpack_memberships_contains_paid_content":false,"footnotes":""},"categories":[4,1],"tags":[],"class_list":["post-65281","post","type-post","status-publish","format-standard","has-post-thumbnail","hentry","category-politica","category-portada"],"jetpack_featured_media_url":"https:\/\/i0.wp.com\/cdnoticias.com\/wp-content\/uploads\/2022\/09\/escuela-parodia-odio.jpg?fit=900%2C680&ssl=1","jetpack_sharing_enabled":true,"_links":{"self":[{"href":"https:\/\/cdnoticias.com\/index.php\/wp-json\/wp\/v2\/posts\/65281","targetHints":{"allow":["GET"]}}],"collection":[{"href":"https:\/\/cdnoticias.com\/index.php\/wp-json\/wp\/v2\/posts"}],"about":[{"href":"https:\/\/cdnoticias.com\/index.php\/wp-json\/wp\/v2\/types\/post"}],"author":[{"embeddable":true,"href":"https:\/\/cdnoticias.com\/index.php\/wp-json\/wp\/v2\/users\/2"}],"replies":[{"embeddable":true,"href":"https:\/\/cdnoticias.com\/index.php\/wp-json\/wp\/v2\/comments?post=65281"}],"version-history":[{"count":0,"href":"https:\/\/cdnoticias.com\/index.php\/wp-json\/wp\/v2\/posts\/65281\/revisions"}],"wp:featuredmedia":[{"embeddable":true,"href":"https:\/\/cdnoticias.com\/index.php\/wp-json\/wp\/v2\/media\/65282"}],"wp:attachment":[{"href":"https:\/\/cdnoticias.com\/index.php\/wp-json\/wp\/v2\/media?parent=65281"}],"wp:term":[{"taxonomy":"category","embeddable":true,"href":"https:\/\/cdnoticias.com\/index.php\/wp-json\/wp\/v2\/categories?post=65281"},{"taxonomy":"post_tag","embeddable":true,"href":"https:\/\/cdnoticias.com\/index.php\/wp-json\/wp\/v2\/tags?post=65281"}],"curies":[{"name":"wp","href":"https:\/\/api.w.org\/{rel}","templated":true}]}}