{"id":6527,"date":"2020-11-15T09:45:20","date_gmt":"2020-11-15T12:45:20","guid":{"rendered":"http:\/\/www.centraldenoticias.com.ar\/?p=6527"},"modified":"2020-11-15T13:41:39","modified_gmt":"2020-11-15T16:41:39","slug":"empatia-y-resistencia-para-mirar-al-futuro","status":"publish","type":"post","link":"https:\/\/cdnoticias.com\/index.php\/2020\/11\/15\/empatia-y-resistencia-para-mirar-al-futuro\/","title":{"rendered":"Empat\u00eda y resistencia para mirar al futuro"},"content":{"rendered":"<div><\/div>\n<div>Por Alejandro Cellillo (*)<\/div>\n<p><!--more--><\/p>\n<hr \/>\n<div><img data-recalc-dims=\"1\" loading=\"lazy\" decoding=\"async\" class=\"alignleft size-thumbnail wp-image-6528\" src=\"https:\/\/i0.wp.com\/cdnoticias.com\/wp-content\/uploads\/2020\/11\/frente-opcion-1.jpg?resize=150%2C150&#038;ssl=1\" alt=\"\" width=\"150\" height=\"150\" srcset=\"https:\/\/i0.wp.com\/cdnoticias.com\/wp-content\/uploads\/2020\/11\/frente-opcion-1.jpg?resize=150%2C150&amp;ssl=1 150w, https:\/\/i0.wp.com\/cdnoticias.com\/wp-content\/uploads\/2020\/11\/frente-opcion-1.jpg?zoom=2&amp;resize=150%2C150&amp;ssl=1 300w, https:\/\/i0.wp.com\/cdnoticias.com\/wp-content\/uploads\/2020\/11\/frente-opcion-1.jpg?zoom=3&amp;resize=150%2C150&amp;ssl=1 450w\" sizes=\"auto, (max-width: 150px) 100vw, 150px\" \/>Desde que el Coronavirus irrumpi\u00f3 en nuestras vidas este a\u00f1o,<strong> nos puso a prueba a todos.<\/strong> Familiares, amigos, vecinos, pol\u00edticos, empresarios, trabajadores, a todos.<\/div>\n<div>\n<p>&nbsp;<\/p>\n<p>De entrada, nos enfrentamos a una fuerte incertidumbre. Tuvimos que ejercitar la paciencia, la templanza, el valor y la capacidad de adaptaci\u00f3n. <strong>El virus nos oblig\u00f3 a encerrarnos y distanciarnos de nuestros seres queridos.<\/strong><\/p>\n<p>&nbsp;<\/p>\n<p>Con el paso del tiempo<strong> fuimos aprendiendo c\u00f3mo cuidarnos<\/strong>, tanto a nosotros mismos como al resto. Barbijo, alcohol en gel y distancia social forman parte de nuestra rutina. Si nos falta alguno, nos sentimos incompletos.<\/p>\n<p>&nbsp;<\/p>\n<p>Actualmente todo parece indicar que lo peor ha pasado.<strong> Lo \u00fanico que puede cambiar el porvenir ser\u00eda una nueva ola de contagios o, lo que el mundo espera, la vacuna.<\/strong> A prop\u00f3sito, respecto a las pol\u00e9micas recientes, debemos tener en claro dos cuestiones: que sea segura y eficaz. Privilegiar el rigor cient\u00edfico en detrimento de la politizaci\u00f3n.<\/p>\n<p>&nbsp;<\/p>\n<p>Dejamos atr\u00e1s una sufrida etapa de Aislamiento Social, Preventivo y Obligatorio en la que fuimos testigos de una gran cantidad de gente que entendi\u00f3 r\u00e1pidamente lo que suced\u00eda. <strong>La empat\u00eda aflor\u00f3 en muchas personas que, con mucho sacrificio, comprendieron que la salida es el esfuerzo conjunto.<\/strong> Hablo de m\u00e9dicos, enfermeros, camilleros, voluntarios, trabajadores municipales, docentes, tambi\u00e9n funcionarios y militantes.<\/p>\n<p>&nbsp;<\/p>\n<p><strong>A lo largo de esta pandemia he visto a personal de la salud cumpliendo diversas tareas por incalculable cantidad de horas.<\/strong> Municipales difundiendo y explicando medidas a vecinos por las calles. Fuerzas de seguridad solicitando permisos bajo lluvia en la ruta. Voluntarios y militantes siempre dispuestos a colaborar en lo que sea.<\/p>\n<p>&nbsp;<\/p>\n<p><strong>Adem\u00e1s de esa empat\u00eda, pudimos observar una capacidad de resistencia feroz. Por parte de emprendedores, peque\u00f1as y medianas empresas, comerciantes y sus trabajadores.<\/strong> La imposibilidad de movernos libremente, gener\u00f3 una crisis muy fuerte con severas p\u00e9rdidas en diferentes industrias. Las chimeneas y la productividad se apagaron.<\/p>\n<p>&nbsp;<\/p>\n<p>El virus y la cuarentena afectaron gravemente a quienes diariamente conf\u00edan en su fuerza de trabajo. Aquellos que forman parte del coraz\u00f3n de la econom\u00eda e invierten recursos y creatividad para que el pa\u00eds funcione. <strong>Para que la Argentina crezca.<\/strong><\/p>\n<p>&nbsp;<\/p>\n<p>No obstante, no tengo dudas de que estas virtudes:<strong> empat\u00eda, resistencia, paciencia, valor, templanza y capacidad de adaptaci\u00f3n, que vimos en tantos compatriotas, ser\u00e1n las bases para continuar.<\/strong> Desde donde podemos construir una naci\u00f3n mejor, capitalizando aprendizajes. Mirando al futuro distintos, pero con la misma esperanza.<\/p>\n<p>&nbsp;<\/p>\n<p><i>(*)\u00a0Senador UCR &#8211; Ex intendente de General Alvear &#8211;\u00a0M\u00e9dico<\/i><\/p>\n<\/div>\n","protected":false},"excerpt":{"rendered":"<p>Por Alejandro Cellillo (*)<\/p>\n","protected":false},"author":2,"featured_media":6536,"comment_status":"closed","ping_status":"closed","sticky":false,"template":"","format":"standard","meta":{"_jetpack_memberships_contains_paid_content":false,"footnotes":""},"categories":[11,1],"tags":[],"class_list":["post-6527","post","type-post","status-publish","format-standard","has-post-thumbnail","hentry","category-mipalabra","category-portada"],"jetpack_featured_media_url":"https:\/\/i0.wp.com\/cdnoticias.com\/wp-content\/uploads\/2020\/11\/coronavirus.jpeg?fit=750%2C422&ssl=1","jetpack_sharing_enabled":true,"_links":{"self":[{"href":"https:\/\/cdnoticias.com\/index.php\/wp-json\/wp\/v2\/posts\/6527","targetHints":{"allow":["GET"]}}],"collection":[{"href":"https:\/\/cdnoticias.com\/index.php\/wp-json\/wp\/v2\/posts"}],"about":[{"href":"https:\/\/cdnoticias.com\/index.php\/wp-json\/wp\/v2\/types\/post"}],"author":[{"embeddable":true,"href":"https:\/\/cdnoticias.com\/index.php\/wp-json\/wp\/v2\/users\/2"}],"replies":[{"embeddable":true,"href":"https:\/\/cdnoticias.com\/index.php\/wp-json\/wp\/v2\/comments?post=6527"}],"version-history":[{"count":0,"href":"https:\/\/cdnoticias.com\/index.php\/wp-json\/wp\/v2\/posts\/6527\/revisions"}],"wp:featuredmedia":[{"embeddable":true,"href":"https:\/\/cdnoticias.com\/index.php\/wp-json\/wp\/v2\/media\/6536"}],"wp:attachment":[{"href":"https:\/\/cdnoticias.com\/index.php\/wp-json\/wp\/v2\/media?parent=6527"}],"wp:term":[{"taxonomy":"category","embeddable":true,"href":"https:\/\/cdnoticias.com\/index.php\/wp-json\/wp\/v2\/categories?post=6527"},{"taxonomy":"post_tag","embeddable":true,"href":"https:\/\/cdnoticias.com\/index.php\/wp-json\/wp\/v2\/tags?post=6527"}],"curies":[{"name":"wp","href":"https:\/\/api.w.org\/{rel}","templated":true}]}}