{"id":65262,"date":"2022-09-20T16:55:35","date_gmt":"2022-09-20T19:55:35","guid":{"rendered":"https:\/\/www.centraldenoticias.com.ar\/?p=65262"},"modified":"2022-09-20T19:36:31","modified_gmt":"2022-09-20T22:36:31","slug":"se-programaron-operativos-para-el-dia-de-la-primavera-y-del-estudiante","status":"publish","type":"post","link":"https:\/\/cdnoticias.com\/index.php\/2022\/09\/20\/se-programaron-operativos-para-el-dia-de-la-primavera-y-del-estudiante\/","title":{"rendered":"Se programaron operativos para el D\u00eda de la Primavera y del Estudiante"},"content":{"rendered":"<p>La Estaci\u00f3n de Polic\u00eda Departamental inform\u00f3 que m\u00e1s de 180 efectivos estar\u00e1n abocados a las medidas de prevenci\u00f3n que comenzar\u00e1n esta noche.<!--more--><\/p>\n<hr \/>\n<p><strong>La Estaci\u00f3n de Polic\u00eda Departamental de Seguridad de Olavarr\u00eda<\/strong> inform\u00f3 que trabaja en la <strong>programaci\u00f3n de los operativos para este mi\u00e9rcoles, D\u00eda de la Primavera y del Estudiante<\/strong>.<\/p>\n<p>&nbsp;<\/p>\n<p>La dependencia a cargo del comisario inspector Roberto Landoni hizo saber que \u201cse diagramaran operativos y controles en distintos puntos de la ciudad, <strong>focalizandose sobre los espacios verdes<\/strong> a los fines de prevenir incidentes y reforzar la presencia y recorrida policial, <strong>tanto en la planta urbana como en las localidades serranas<\/strong>\u201d.<\/p>\n<p>&nbsp;<\/p>\n<p>Para estas tareas se afectar\u00e1n <strong>m\u00e1s de 180 efectivos, m\u00e1s de 40 m\u00f3viles policiales y motopolicias y a pie<\/strong>.<\/p>\n<p>&nbsp;<\/p>\n<p>Los operativos y controles <strong>comenzar\u00e1n este martes desde las 20 horas<\/strong> y se extender\u00e1n hasta el mi\u00e9rcoles en horas de la noche, una vez finalizados los festejos.<\/p>\n<p>&nbsp;<\/p>\n<blockquote><p>Se adelant\u00f3 que \u201cse volcar\u00e1n todos los recursos humanos y log\u00edsticos disponibles por parte de la totalidad de las dependencias policiales correspondientes a esta Estaci\u00f3n Departamental, juntamente con sus respectivos titulares, contando tambi\u00e9n con la presencia de personal de SubDDI, Drogas Il\u00edcitas, Grupo Infanter\u00eda y el Grupo GAD y la colaboraci\u00f3n de personal de Control Urbano dependiente de la Subsecretar\u00eda de Seguridad Municipal\u201d.<\/p><\/blockquote>\n<p>&nbsp;<\/p>\n<p>\u201cSe espera que sea <strong>un festejo a conciencia y en paz<\/strong> de parte de todos los vecinos de Olavarr\u00eda\u201d se destac\u00f3 desde la Estaci\u00f3n Departamental.<\/p>\n<p>&nbsp;<\/p>\n","protected":false},"excerpt":{"rendered":"<p>La Estaci\u00f3n de Polic\u00eda Departamental inform\u00f3 que m\u00e1s de 180 efectivos estar\u00e1n abocados a las medidas de prevenci\u00f3n que comenzar\u00e1n<\/p>\n","protected":false},"author":4,"featured_media":4435,"comment_status":"closed","ping_status":"closed","sticky":false,"template":"","format":"standard","meta":{"_jetpack_memberships_contains_paid_content":false,"footnotes":""},"categories":[14,1],"tags":[],"class_list":["post-65262","post","type-post","status-publish","format-standard","has-post-thumbnail","hentry","category-policiales","category-portada"],"jetpack_featured_media_url":"https:\/\/i0.wp.com\/cdnoticias.com\/wp-content\/uploads\/2020\/10\/departamental-comandopatrullas1.jpg?fit=1152%2C648&ssl=1","jetpack_sharing_enabled":true,"_links":{"self":[{"href":"https:\/\/cdnoticias.com\/index.php\/wp-json\/wp\/v2\/posts\/65262","targetHints":{"allow":["GET"]}}],"collection":[{"href":"https:\/\/cdnoticias.com\/index.php\/wp-json\/wp\/v2\/posts"}],"about":[{"href":"https:\/\/cdnoticias.com\/index.php\/wp-json\/wp\/v2\/types\/post"}],"author":[{"embeddable":true,"href":"https:\/\/cdnoticias.com\/index.php\/wp-json\/wp\/v2\/users\/4"}],"replies":[{"embeddable":true,"href":"https:\/\/cdnoticias.com\/index.php\/wp-json\/wp\/v2\/comments?post=65262"}],"version-history":[{"count":0,"href":"https:\/\/cdnoticias.com\/index.php\/wp-json\/wp\/v2\/posts\/65262\/revisions"}],"wp:featuredmedia":[{"embeddable":true,"href":"https:\/\/cdnoticias.com\/index.php\/wp-json\/wp\/v2\/media\/4435"}],"wp:attachment":[{"href":"https:\/\/cdnoticias.com\/index.php\/wp-json\/wp\/v2\/media?parent=65262"}],"wp:term":[{"taxonomy":"category","embeddable":true,"href":"https:\/\/cdnoticias.com\/index.php\/wp-json\/wp\/v2\/categories?post=65262"},{"taxonomy":"post_tag","embeddable":true,"href":"https:\/\/cdnoticias.com\/index.php\/wp-json\/wp\/v2\/tags?post=65262"}],"curies":[{"name":"wp","href":"https:\/\/api.w.org\/{rel}","templated":true}]}}