{"id":65239,"date":"2022-09-20T10:10:35","date_gmt":"2022-09-20T13:10:35","guid":{"rendered":"https:\/\/www.centraldenoticias.com.ar\/?p=65239"},"modified":"2022-09-20T10:10:35","modified_gmt":"2022-09-20T13:10:35","slug":"solmi-en-olavarria-reunion-con-productores-y-participacion-en-expo-nacional-de-angus","status":"publish","type":"post","link":"https:\/\/cdnoticias.com\/index.php\/2022\/09\/20\/solmi-en-olavarria-reunion-con-productores-y-participacion-en-expo-nacional-de-angus\/","title":{"rendered":"Solmi en Olavarr\u00eda: Reuni\u00f3n con productores y participaci\u00f3n en Expo Nacional de Angus"},"content":{"rendered":"<p>El funcionario nacional estar\u00e1 en la ciudad los d\u00edas martes y mi\u00e9rcoles.<!--more--><\/p>\n<hr \/>\n<p><strong>Jorge Solmi, secretario de la Unidad de Coordinaci\u00f3n Federal y Operativa Agropecuaria del Ministerio de Econom\u00eda de la Naci\u00f3n<\/strong>, llega a Olavarr\u00eda donde mantendr\u00e1 un<strong> encuentro con productores agropecuarios<\/strong> en la tarde de este martes.<\/p>\n<p>&nbsp;<\/p>\n<p>El mismo se desarrollar\u00e1 en el auditorio de Radio Olavarr\u00eda (Alsina 3377) a las 19. El mi\u00e9rcoles, Solmi participar\u00e1 de la Exposici\u00f3n Nacional de Angus en la Sociedad Rural.<\/p>\n<p>&nbsp;<\/p>\n<p>\u201cDesde Foro Olavarr\u00eda &#8211; Frente Renovador abrimos la convocatoria para aquellas personas que est\u00e9n interesadas en participar del encuentro con el Secretario Jorge Solmi\u201d, dijo <strong>Eduardo Rodr\u00edguez<\/strong>, referente del espacio que representa a Sergio Massa en Olavarr\u00eda.<\/p>\n","protected":false},"excerpt":{"rendered":"<p>El funcionario nacional estar\u00e1 en la ciudad los d\u00edas martes y mi\u00e9rcoles.<\/p>\n","protected":false},"author":5,"featured_media":65240,"comment_status":"closed","ping_status":"closed","sticky":false,"template":"","format":"standard","meta":{"_jetpack_memberships_contains_paid_content":false,"footnotes":""},"categories":[4,1],"tags":[],"class_list":["post-65239","post","type-post","status-publish","format-standard","has-post-thumbnail","hentry","category-politica","category-portada"],"jetpack_featured_media_url":"https:\/\/i0.wp.com\/cdnoticias.com\/wp-content\/uploads\/2022\/09\/Jorge-Solmi-Olavarria.jpg?fit=750%2C450&ssl=1","jetpack_sharing_enabled":true,"_links":{"self":[{"href":"https:\/\/cdnoticias.com\/index.php\/wp-json\/wp\/v2\/posts\/65239","targetHints":{"allow":["GET"]}}],"collection":[{"href":"https:\/\/cdnoticias.com\/index.php\/wp-json\/wp\/v2\/posts"}],"about":[{"href":"https:\/\/cdnoticias.com\/index.php\/wp-json\/wp\/v2\/types\/post"}],"author":[{"embeddable":true,"href":"https:\/\/cdnoticias.com\/index.php\/wp-json\/wp\/v2\/users\/5"}],"replies":[{"embeddable":true,"href":"https:\/\/cdnoticias.com\/index.php\/wp-json\/wp\/v2\/comments?post=65239"}],"version-history":[{"count":0,"href":"https:\/\/cdnoticias.com\/index.php\/wp-json\/wp\/v2\/posts\/65239\/revisions"}],"wp:featuredmedia":[{"embeddable":true,"href":"https:\/\/cdnoticias.com\/index.php\/wp-json\/wp\/v2\/media\/65240"}],"wp:attachment":[{"href":"https:\/\/cdnoticias.com\/index.php\/wp-json\/wp\/v2\/media?parent=65239"}],"wp:term":[{"taxonomy":"category","embeddable":true,"href":"https:\/\/cdnoticias.com\/index.php\/wp-json\/wp\/v2\/categories?post=65239"},{"taxonomy":"post_tag","embeddable":true,"href":"https:\/\/cdnoticias.com\/index.php\/wp-json\/wp\/v2\/tags?post=65239"}],"curies":[{"name":"wp","href":"https:\/\/api.w.org\/{rel}","templated":true}]}}