{"id":65228,"date":"2022-09-20T08:22:58","date_gmt":"2022-09-20T11:22:58","guid":{"rendered":"https:\/\/www.centraldenoticias.com.ar\/?p=65228"},"modified":"2022-09-20T10:32:05","modified_gmt":"2022-09-20T13:32:05","slug":"venta-de-droga-dos-olavarrienses-fueron-condenados-a-seis-anos-de-prision","status":"publish","type":"post","link":"https:\/\/cdnoticias.com\/index.php\/2022\/09\/20\/venta-de-droga-dos-olavarrienses-fueron-condenados-a-seis-anos-de-prision\/","title":{"rendered":"Venta de droga: dos olavarrienses fueron condenados a seis a\u00f1os de prisi\u00f3n"},"content":{"rendered":"<p>Hab\u00edan sido arrestados en 2019 en el barrio Provincias Unidas. La condena fue impuesta por el Tribunal Oral 2 de Azul tras un juicio abreviado.<!--more--><\/p>\n<hr \/>\n<p><strong>Respectivas penas de seis a\u00f1os de prisi\u00f3n y el pago de una multa les fueron impuestas a dos j\u00f3venes de Olavarr\u00eda<\/strong> que, tras la tramitaci\u00f3n de un juicio abreviado, resultaron condenados por una infracci\u00f3n a la Ley 23.737.<\/p>\n<p>&nbsp;<\/p>\n<p>La informaci\u00f3n fue dada a conocer por diario El Tiempo de Azul que hizo p\u00fablico el fallo del <strong>Tribunal Oral en lo Criminal n\u00famero 2 de Azul.<\/strong><\/p>\n<p>&nbsp;<\/p>\n<blockquote><p>Las condenas recayeron sobre Juan Ernesto Ricavarra, quien actualmente tiene 25 a\u00f1os de edad, y Lucas Alexis Vivas de 29 a\u00f1os.<\/p><\/blockquote>\n<p>&nbsp;<\/p>\n<p>Teniendo en cuenta los elementos reunidos en lo que hab\u00eda sido la Investigaci\u00f3n Penal Preparatoria, en el juicio abreviado los j\u00f3venes fueron declarados <strong>\u201ccoautores penalmente responsables del delito de Tenencia Ileg\u00edtima de estupefacientes con fines de comercializaci\u00f3n en dosis fraccionadas destinadas al consumidor agravado por su lugar de comisi\u00f3n\u201d<\/strong>, seg\u00fan se refiere textualmente en el fallo.<\/p>\n<p>&nbsp;<\/p>\n<p>En el juicio actuaron el <strong>fiscal Lucas Moyano<\/strong>, de la UFI 22 con asiento en Azul y de la 19 con sede en Olavarr\u00eda, y la <strong>defensora oficial azule\u00f1a Soledad Kelly<\/strong>.<\/p>\n<p>&nbsp;<\/p>\n<p>Ricavarra y Vivas quedaron detenidos tras el allanamiento realizado en 2019 que inici\u00f3 el proceso judicial y actualmente<strong> est\u00e1n alojados en la Unidad 38 de Sierra Chica<\/strong>.<\/p>\n<p>&nbsp;<\/p>\n<p><strong>Allanamiento y aprehensiones<\/strong><\/p>\n<p>&nbsp;<\/p>\n<p>De acuerdo con lo se\u00f1alado en esta resoluci\u00f3n, un procedimiento que personal policial de la delegaci\u00f3n antinarc\u00f3ticos con sede en Azul llev\u00f3 a cabo <strong>el 24 de octubre de 2019 en un inmueble situado sobre Azopardo casi Santa Cruz de Olavarr\u00eda<\/strong>, en el barrio Provincia Unidas, hab\u00eda derivado en los arrestos de los j\u00f3venes condenados en este proceso abreviado.<\/p>\n<p>&nbsp;<\/p>\n<blockquote><p>En la casa convertida en escenario de este procedimiento ambos j\u00f3venes encausados -se menciona textualmente en el fallo- \u201cdetentaron bajo su guarda y disposici\u00f3n con fines de comercializaci\u00f3n directamente al consumidor\u201d dos trozos compactos de marihuana que, en total, pesaron poco m\u00e1s de 98 gramos.<\/p><\/blockquote>\n<p>&nbsp;<\/p>\n<p>Esa vivienda donde en aquel entonces se domiciliaban Ricavarra y Vivas <strong>est\u00e1 ubicada en cercan\u00edas a la Sociedad de Fomento Provincias Unidas, entidad donde funciona un comedor y se desarrollan diferentes actividades deportivas y de apoyo escolar<\/strong> a ni\u00f1os y adolescentes.<\/p>\n<p>&nbsp;<\/p>\n<p>Adem\u00e1s de esos trozos compactos de marihuana, durante el allanamiento que se tradujo en las aprehensiones de ambos j\u00f3venes personal policial incaut\u00f3 <strong>dinero en efectivo y \u201celementos aptos\u201d para llevar a cabo la comercializaci\u00f3n de estupefacientes<\/strong> bajo la modalidad conocida como \u201cnarcomenudeo\u201d, trat\u00e1ndose de <em>siete tel\u00e9fonos celulares, una balanza de precisi\u00f3n electr\u00f3nica, recortes de nylon y bandas el\u00e1sticas.<\/em><\/p>\n<p>&nbsp;<\/p>\n<p>Tareas de vigilancia y observaci\u00f3n realizadas en el domicilio donde despu\u00e9s ser\u00edan arrestados los ahora condenados en este proceso abreviado hab\u00edan servido como evidencias para demostrar que <strong>era habitual que en las inmediaciones de ese inmueble se observaran situaciones compatibles con la venta de drogas al menudeo<\/strong>, a trav\u00e9s -por ejemplo- de los llamados \u201cpases de manos\u201d entre los encausados y consumidores de estupefacientes.<\/p>\n<p>&nbsp;<\/p>\n<p>Adem\u00e1s, hab\u00eda sido posible determinar que en esa vivienda se domiciliaban los j\u00f3venes condenados en este juicio.<\/p>\n<p>&nbsp;<\/p>\n<blockquote><p>\u201cCon los elementos de convicci\u00f3n referidos, analizados en forma arm\u00f3nica e integral, concluyo que Juan Ernesto Ricavarra y Lucas Alexis Vivas resultan ser autores penalmente responsables del hecho referido\u201d, escribi\u00f3 en la resoluci\u00f3n de este proceso Javier Barda, uno de los actuales jueces del Tribunal Oral en lo Criminal n\u00famero 2 que terminara condenando a ambos olavarrienses por esta infracci\u00f3n a la Ley 23.737.<\/p><\/blockquote>\n<p>&nbsp;<\/p>\n<p>Teniendo en cuenta lo convenido por las partes -en la previa a que desde la Acusaci\u00f3n fuera formulado ante el TOC 2 el pedido para la realizaci\u00f3n de este juicio abreviado- ese magistrado valor\u00f3 s\u00f3lo una circunstancia, y de tipo atenuante, para los j\u00f3venes a los que termin\u00f3 condenando en esta instancia: que <strong>ninguno de ellos registraba hasta el momento antecedentes penales.<\/strong><\/p>\n<p>&nbsp;<\/p>\n<p>Los montos de pena impuestos a los encausados fueron los mismos que las partes acordaron, en la previa a que se hiciera el pedido para la realizaci\u00f3n de este juicio abreviado.<\/p>\n<p>&nbsp;<\/p>\n<p>Fuente: <em>Diario El Tiempo de Azul<\/em><\/p>\n","protected":false},"excerpt":{"rendered":"<p>Hab\u00edan sido arrestados en 2019 en el barrio Provincias Unidas. La condena fue impuesta por el Tribunal Oral 2 de<\/p>\n","protected":false},"author":4,"featured_media":12885,"comment_status":"closed","ping_status":"closed","sticky":false,"template":"","format":"standard","meta":{"_jetpack_memberships_contains_paid_content":false,"footnotes":""},"categories":[14,1],"tags":[],"class_list":["post-65228","post","type-post","status-publish","format-standard","has-post-thumbnail","hentry","category-policiales","category-portada"],"jetpack_featured_media_url":"https:\/\/i0.wp.com\/cdnoticias.com\/wp-content\/uploads\/2021\/02\/tribunales-e1748092128270.jpg?fit=791%2C417&ssl=1","jetpack_sharing_enabled":true,"_links":{"self":[{"href":"https:\/\/cdnoticias.com\/index.php\/wp-json\/wp\/v2\/posts\/65228","targetHints":{"allow":["GET"]}}],"collection":[{"href":"https:\/\/cdnoticias.com\/index.php\/wp-json\/wp\/v2\/posts"}],"about":[{"href":"https:\/\/cdnoticias.com\/index.php\/wp-json\/wp\/v2\/types\/post"}],"author":[{"embeddable":true,"href":"https:\/\/cdnoticias.com\/index.php\/wp-json\/wp\/v2\/users\/4"}],"replies":[{"embeddable":true,"href":"https:\/\/cdnoticias.com\/index.php\/wp-json\/wp\/v2\/comments?post=65228"}],"version-history":[{"count":0,"href":"https:\/\/cdnoticias.com\/index.php\/wp-json\/wp\/v2\/posts\/65228\/revisions"}],"wp:featuredmedia":[{"embeddable":true,"href":"https:\/\/cdnoticias.com\/index.php\/wp-json\/wp\/v2\/media\/12885"}],"wp:attachment":[{"href":"https:\/\/cdnoticias.com\/index.php\/wp-json\/wp\/v2\/media?parent=65228"}],"wp:term":[{"taxonomy":"category","embeddable":true,"href":"https:\/\/cdnoticias.com\/index.php\/wp-json\/wp\/v2\/categories?post=65228"},{"taxonomy":"post_tag","embeddable":true,"href":"https:\/\/cdnoticias.com\/index.php\/wp-json\/wp\/v2\/tags?post=65228"}],"curies":[{"name":"wp","href":"https:\/\/api.w.org\/{rel}","templated":true}]}}