{"id":65183,"date":"2022-09-19T14:07:59","date_gmt":"2022-09-19T17:07:59","guid":{"rendered":"https:\/\/www.centraldenoticias.com.ar\/?p=65183"},"modified":"2022-09-19T18:00:47","modified_gmt":"2022-09-19T21:00:47","slug":"asalto-en-la-estacion-de-servicio-son-dos-los-acusados-y-se-negaron-a-declarar","status":"publish","type":"post","link":"https:\/\/cdnoticias.com\/index.php\/2022\/09\/19\/asalto-en-la-estacion-de-servicio-son-dos-los-acusados-y-se-negaron-a-declarar\/","title":{"rendered":"Asalto en la estaci\u00f3n de servicio: son dos los acusados y se negaron a declarar"},"content":{"rendered":"<p>Las audiencias indagatorias se realizaron en la ma\u00f1ana de este lunes en la UFI N\u00ba 10 que interviene en la causa que se sigue por \u201chomicidio en grado de tentativa agravado criminis causa\u201d.<!--more--><\/p>\n<hr \/>\n<p><strong>En la ma\u00f1ana de este lunes se llevaron adelante las audiencias en los t\u00e9rminos del art\u00edculo 308 por el asalto que se produjo el d\u00eda s\u00e1bado<\/strong> y que dej\u00f3 <a href=\"https:\/\/cdnoticias.com\/index.php\/2022\/09\/17\/un-joven-playero-se-encuentra-en-grave-estado-tras-recibir-un-disparo-en-un-robo\/\" target=\"_blank\" rel=\"noopener\">como consecuencia un trabajador herido de bala en Rivadavia y ruta 226<\/a>.<\/p>\n<p>&nbsp;<\/p>\n<p>A la UFI N\u00ba 10 que encabeza el fiscal Miguel Pi\u00f1eiro fueron citados<strong> Gustavo Ezequiel Steimberg y Juan Manuel Gallo,<\/strong> ambos acusados por <em>\u201chomicidio en grado de tentativa agravado criminis causa, agravado por uso de arma de fuego, portaci\u00f3n ilegal de arma de fuego y desobediencia\u201d<\/em>.<\/p>\n<p>&nbsp;<\/p>\n<blockquote><p>De esta forma se confirm\u00f3 que son dos las personas arrestadas y acusadas por el hecho: Steimberg est\u00e1 se\u00f1alado como el autor del intento de robo y disparo, mientras que Gallo fue apuntado como quien conduc\u00eda el auto en el que Steimberg lleg\u00f3 a la escena del delito.<\/p><\/blockquote>\n<p>&nbsp;<\/p>\n<p>En cuanto al resultado de la audiencia, se pudo saber que <strong>ambos se negaron a declarar<\/strong>. La Fiscal\u00eda les inform\u00f3 de los delitos que se les imputan.<\/p>\n<p>&nbsp;<\/p>\n<p>Por \u00faltimo, cabe recordar que este lunes <strong>Central de Noticias<\/strong> inform\u00f3 que <strong>la v\u00edctima, Danilo Preisegger, contin\u00faa internada en el Hospital Municipal con <a href=\"https:\/\/cdnoticias.com\/index.php\/2022\/09\/19\/evoluciona-favorablemente-el-joven-playero-baleado-en-un-intento-de-robo\/\" target=\"_blank\" rel=\"noopener\">evoluci\u00f3n \u201cfavorable\u201d<\/a>.<\/strong><\/p>\n<p>&nbsp;<\/p>\n","protected":false},"excerpt":{"rendered":"<p>Las audiencias indagatorias se realizaron en la ma\u00f1ana de este lunes en la UFI N\u00ba 10 que interviene en la<\/p>\n","protected":false},"author":4,"featured_media":65071,"comment_status":"closed","ping_status":"closed","sticky":false,"template":"","format":"standard","meta":{"_jetpack_memberships_contains_paid_content":false,"footnotes":""},"categories":[14,1],"tags":[],"class_list":["post-65183","post","type-post","status-publish","format-standard","has-post-thumbnail","hentry","category-policiales","category-portada"],"jetpack_featured_media_url":"https:\/\/i0.wp.com\/cdnoticias.com\/wp-content\/uploads\/2022\/09\/robo-estacion4.jpg?fit=1160%2C696&ssl=1","jetpack_sharing_enabled":true,"_links":{"self":[{"href":"https:\/\/cdnoticias.com\/index.php\/wp-json\/wp\/v2\/posts\/65183","targetHints":{"allow":["GET"]}}],"collection":[{"href":"https:\/\/cdnoticias.com\/index.php\/wp-json\/wp\/v2\/posts"}],"about":[{"href":"https:\/\/cdnoticias.com\/index.php\/wp-json\/wp\/v2\/types\/post"}],"author":[{"embeddable":true,"href":"https:\/\/cdnoticias.com\/index.php\/wp-json\/wp\/v2\/users\/4"}],"replies":[{"embeddable":true,"href":"https:\/\/cdnoticias.com\/index.php\/wp-json\/wp\/v2\/comments?post=65183"}],"version-history":[{"count":0,"href":"https:\/\/cdnoticias.com\/index.php\/wp-json\/wp\/v2\/posts\/65183\/revisions"}],"wp:featuredmedia":[{"embeddable":true,"href":"https:\/\/cdnoticias.com\/index.php\/wp-json\/wp\/v2\/media\/65071"}],"wp:attachment":[{"href":"https:\/\/cdnoticias.com\/index.php\/wp-json\/wp\/v2\/media?parent=65183"}],"wp:term":[{"taxonomy":"category","embeddable":true,"href":"https:\/\/cdnoticias.com\/index.php\/wp-json\/wp\/v2\/categories?post=65183"},{"taxonomy":"post_tag","embeddable":true,"href":"https:\/\/cdnoticias.com\/index.php\/wp-json\/wp\/v2\/tags?post=65183"}],"curies":[{"name":"wp","href":"https:\/\/api.w.org\/{rel}","templated":true}]}}