{"id":65180,"date":"2022-09-19T13:15:56","date_gmt":"2022-09-19T16:15:56","guid":{"rendered":"https:\/\/www.centraldenoticias.com.ar\/?p=65180"},"modified":"2022-09-19T13:15:56","modified_gmt":"2022-09-19T16:15:56","slug":"haydee-maria-somma-q-e-p-d","status":"publish","type":"post","link":"https:\/\/cdnoticias.com\/index.php\/2022\/09\/19\/haydee-maria-somma-q-e-p-d\/","title":{"rendered":"Haydee Mar\u00eda Somma (Q.E.P.D.)"},"content":{"rendered":"<p>&nbsp;<\/p>\n<p>Falleci\u00f3 en Olavarr\u00eda el d\u00eda 19 de septiembre de 2022 a los 91 a\u00f1os de edad.<\/p>\n<p>&nbsp;<\/p>\n<p>Su hija Graciela Haydee Fern\u00e1ndez. Sus nietos Nicol\u00e1s Martin Bosso, Florencia Bosso y Juan Ignacio Bosso. Sus nietos pol\u00edticos Martin Alzaga y Marianela Cardozo. Sus queridos bisnietos Athos Bosso, Enzo Bosso, Agust\u00edn Alzaga, Gonzalo Alzaga y Hassan Bosso. Su familia y dem\u00e1s deudos participan de su fallecimiento.<\/p>\n<p>&nbsp;<\/p>\n<p>Sin velatorio. Responso: Capilla ardiente. Fecha y horario a confirmar. Cremaci\u00f3n: Crematorio Pinos de Paz, en d\u00eda a confirmar. Servicio adherido a Coopelectric.<\/p>\n<p>&nbsp;<\/p>\n<p>Barrio en el que viv\u00eda: Centro<\/p>\n<p>&nbsp;<\/p>\n<p>Lugar de nacimiento: Olavarr\u00eda<\/p>\n<p>&nbsp;<\/p>\n<p>Actividad que desarrollaba: Jubilada y Pensionada<\/p>\n<p>&nbsp;<\/p>\n","protected":false},"excerpt":{"rendered":"<p>&nbsp; Falleci\u00f3 en Olavarr\u00eda el d\u00eda 19 de septiembre de 2022 a los 91 a\u00f1os de edad. &nbsp; Su hija<\/p>\n","protected":false},"author":4,"featured_media":51544,"comment_status":"closed","ping_status":"closed","sticky":false,"template":"","format":"standard","meta":{"_jetpack_memberships_contains_paid_content":false,"footnotes":""},"categories":[10],"tags":[],"class_list":["post-65180","post","type-post","status-publish","format-standard","has-post-thumbnail","hentry","category-necrologicas"],"jetpack_featured_media_url":"https:\/\/i0.wp.com\/cdnoticias.com\/wp-content\/uploads\/2022\/04\/necrologicas-390-x-240.jpg?fit=390%2C240&ssl=1","jetpack_sharing_enabled":true,"_links":{"self":[{"href":"https:\/\/cdnoticias.com\/index.php\/wp-json\/wp\/v2\/posts\/65180","targetHints":{"allow":["GET"]}}],"collection":[{"href":"https:\/\/cdnoticias.com\/index.php\/wp-json\/wp\/v2\/posts"}],"about":[{"href":"https:\/\/cdnoticias.com\/index.php\/wp-json\/wp\/v2\/types\/post"}],"author":[{"embeddable":true,"href":"https:\/\/cdnoticias.com\/index.php\/wp-json\/wp\/v2\/users\/4"}],"replies":[{"embeddable":true,"href":"https:\/\/cdnoticias.com\/index.php\/wp-json\/wp\/v2\/comments?post=65180"}],"version-history":[{"count":0,"href":"https:\/\/cdnoticias.com\/index.php\/wp-json\/wp\/v2\/posts\/65180\/revisions"}],"wp:featuredmedia":[{"embeddable":true,"href":"https:\/\/cdnoticias.com\/index.php\/wp-json\/wp\/v2\/media\/51544"}],"wp:attachment":[{"href":"https:\/\/cdnoticias.com\/index.php\/wp-json\/wp\/v2\/media?parent=65180"}],"wp:term":[{"taxonomy":"category","embeddable":true,"href":"https:\/\/cdnoticias.com\/index.php\/wp-json\/wp\/v2\/categories?post=65180"},{"taxonomy":"post_tag","embeddable":true,"href":"https:\/\/cdnoticias.com\/index.php\/wp-json\/wp\/v2\/tags?post=65180"}],"curies":[{"name":"wp","href":"https:\/\/api.w.org\/{rel}","templated":true}]}}