{"id":65142,"date":"2022-09-19T15:03:43","date_gmt":"2022-09-19T18:03:43","guid":{"rendered":"https:\/\/www.centraldenoticias.com.ar\/?p=65142"},"modified":"2022-09-19T15:03:43","modified_gmt":"2022-09-19T18:03:43","slug":"covid-cayo-en-218-la-cifra-de-contagios-en-el-pais","status":"publish","type":"post","link":"https:\/\/cdnoticias.com\/index.php\/2022\/09\/19\/covid-cayo-en-218-la-cifra-de-contagios-en-el-pais\/","title":{"rendered":"Covid: cay\u00f3 en 21,8% la cifra de contagios en el pa\u00eds"},"content":{"rendered":"<p>Hubo 6.175 contagios de coronavirus. El Ministerio de Salud indic\u00f3 que son 308 los internados en unidades de terapia intensiva.<!--more--><\/p>\n<hr \/>\n<p><strong>El Ministerio de Salud report\u00f3 este domingo 25 muertes por coronavirus y 6.175 contagios en la \u00faltima semana en la Argentina<\/strong>, lo que representa un 21,8% menos de casos que el domingo pasado (7.902).<\/p>\n<p>&nbsp;<\/p>\n<p>De acuerdo a los datos difundidos, <strong>la cantidad de muertes disminuy\u00f3 59%<\/strong> en relaci\u00f3n a la semana pasada cuando <a href=\"https:\/\/cdnoticias.com\/index.php\/2022\/09\/12\/coronavirus-siguen-bajando-los-casos-diagnosticados-no-asi-los-muertos\/\" target=\"_blank\" rel=\"noopener\">se hab\u00edan informado 61 fallecimientos<\/a>.<\/p>\n<p>&nbsp;<\/p>\n<p>De esta manera, <strong>suman 129.855 los fallecidos<\/strong> registrados oficialmente a nivel nacional y <strong>9.703.938 los contagiados<\/strong> desde el inicio de la pandemia.<\/p>\n<p>&nbsp;<\/p>\n<p><img data-recalc-dims=\"1\" loading=\"lazy\" decoding=\"async\" class=\"size-full wp-image-65145 aligncenter\" src=\"https:\/\/i0.wp.com\/cdnoticias.com\/wp-content\/uploads\/2022\/09\/Telam-Covid-semanal0.jpg?resize=450%2C450&#038;ssl=1\" alt=\"\" width=\"450\" height=\"450\" srcset=\"https:\/\/i0.wp.com\/cdnoticias.com\/wp-content\/uploads\/2022\/09\/Telam-Covid-semanal0.jpg?w=450&amp;ssl=1 450w, https:\/\/i0.wp.com\/cdnoticias.com\/wp-content\/uploads\/2022\/09\/Telam-Covid-semanal0.jpg?resize=300%2C300&amp;ssl=1 300w, https:\/\/i0.wp.com\/cdnoticias.com\/wp-content\/uploads\/2022\/09\/Telam-Covid-semanal0.jpg?resize=150%2C150&amp;ssl=1 150w\" sizes=\"auto, (max-width: 450px) 100vw, 450px\" \/><\/p>\n<p>&nbsp;<\/p>\n<p><strong>Durante la \u00faltima semana murieron 8 personas en Buenos Aires<\/strong>, 2 en la Ciudad de Buenos Aires, 1 en Chaco, 2 en Corrientes, 2 en C\u00f3rdoba, 1 en Entre R\u00edos, 1 en La Pampa, 2 en Mendoza, 2 en Salta, 2 en San Juan, y 2 en San Luis.<\/p>\n<p>&nbsp;<\/p>\n<p><strong>Seg\u00fan el Monitor P\u00fablico de Vacunaci\u00f3n, el total de dosis aplicadas asciende a 109.339.943<\/strong>, de los cuales 40.971.441 recibieron una dosis, 37.809.056 las dos, 3.150.175 una adicional, 21.511.428 el primer refuerzo, y 5.857.504 el segundo, mientras que las vacunas distribuidas a las jurisdicciones llegan a 117.138.712 y las donadas a 5.083.000.<\/p>\n<p>&nbsp;<\/p>\n<p>Fuente: <em>Telam<\/em><\/p>\n","protected":false},"excerpt":{"rendered":"<p>Hubo 6.175 contagios de coronavirus. El Ministerio de Salud indic\u00f3 que son 308 los internados en unidades de terapia intensiva.<\/p>\n","protected":false},"author":4,"featured_media":44926,"comment_status":"closed","ping_status":"closed","sticky":false,"template":"","format":"standard","meta":{"_jetpack_memberships_contains_paid_content":false,"footnotes":""},"categories":[16],"tags":[],"class_list":["post-65142","post","type-post","status-publish","format-standard","has-post-thumbnail","hentry","category-covid-19"],"jetpack_featured_media_url":"https:\/\/i0.wp.com\/cdnoticias.com\/wp-content\/uploads\/2022\/01\/hisopados.jpg?fit=1280%2C852&ssl=1","jetpack_sharing_enabled":true,"_links":{"self":[{"href":"https:\/\/cdnoticias.com\/index.php\/wp-json\/wp\/v2\/posts\/65142","targetHints":{"allow":["GET"]}}],"collection":[{"href":"https:\/\/cdnoticias.com\/index.php\/wp-json\/wp\/v2\/posts"}],"about":[{"href":"https:\/\/cdnoticias.com\/index.php\/wp-json\/wp\/v2\/types\/post"}],"author":[{"embeddable":true,"href":"https:\/\/cdnoticias.com\/index.php\/wp-json\/wp\/v2\/users\/4"}],"replies":[{"embeddable":true,"href":"https:\/\/cdnoticias.com\/index.php\/wp-json\/wp\/v2\/comments?post=65142"}],"version-history":[{"count":0,"href":"https:\/\/cdnoticias.com\/index.php\/wp-json\/wp\/v2\/posts\/65142\/revisions"}],"wp:featuredmedia":[{"embeddable":true,"href":"https:\/\/cdnoticias.com\/index.php\/wp-json\/wp\/v2\/media\/44926"}],"wp:attachment":[{"href":"https:\/\/cdnoticias.com\/index.php\/wp-json\/wp\/v2\/media?parent=65142"}],"wp:term":[{"taxonomy":"category","embeddable":true,"href":"https:\/\/cdnoticias.com\/index.php\/wp-json\/wp\/v2\/categories?post=65142"},{"taxonomy":"post_tag","embeddable":true,"href":"https:\/\/cdnoticias.com\/index.php\/wp-json\/wp\/v2\/tags?post=65142"}],"curies":[{"name":"wp","href":"https:\/\/api.w.org\/{rel}","templated":true}]}}