{"id":65084,"date":"2022-09-18T16:03:04","date_gmt":"2022-09-18T19:03:04","guid":{"rendered":"https:\/\/www.centraldenoticias.com.ar\/?p=65084"},"modified":"2022-09-18T16:03:04","modified_gmt":"2022-09-18T19:03:04","slug":"calculan-que-un-millon-de-turistas-viajaran-con-previaje-3","status":"publish","type":"post","link":"https:\/\/cdnoticias.com\/index.php\/2022\/09\/18\/calculan-que-un-millon-de-turistas-viajaran-con-previaje-3\/","title":{"rendered":"Calculan que un mill\u00f3n de turistas viajar\u00e1n con Previaje 3"},"content":{"rendered":"<p>Seg\u00fan el Ministerio de Turismo y Deportes, la adhesi\u00f3n al programa tendr\u00e1 un impacto econ\u00f3mico superior a los $ 35.000 millones.<!--more--><\/p>\n<hr \/>\n<p>La tercera edici\u00f3n del programa PreViaje tendr\u00e1, seg\u00fan cifras oficiales, un impacto superior a los<strong> $ 35.000 millones para la temporada baja y ser\u00e1 aprovechado por un mill\u00f3n de turistas<\/strong> disfrutar\u00e1n de esta tercera edici\u00f3n.<\/p>\n<p>&nbsp;<\/p>\n<p>\u201cPreViaje se consolid\u00f3 con esta tercera edici\u00f3n como la pol\u00edtica p\u00fablica m\u00e1s importante de la historia del turismo en nuestro pa\u00eds. En la Argentina este a\u00f1o no va a haber temporada baja por el boom de PreViaje. Los destinos trabajaron todos los meses del a\u00f1o con excelentes niveles de ocupaci\u00f3n\u201d, sostuvo el<strong> ministro de Turismo y Deportes, Mat\u00edas Lammens<\/strong>, en un comunicado.<\/p>\n<p>&nbsp;<\/p>\n<p>De acuerdo con los primeros relevamientos del Ministerio de Turismo y Deportes, un mill\u00f3n de turistas disfrutar\u00e1n la tercera edici\u00f3n del programa PreViaje. Quienes compraron anticipadamente sus escapadas entre el 10 de octubre y el 5 de diciembre y cargaron sus comprobantes hasta el 15 de septiembre inclusive en previaje.gob.ar, podr\u00e1n obtener un <strong>reintegro del 50% de los gastos<\/strong> para volver a usar en toda la cadena tur\u00edstica del pa\u00eds.<\/p>\n<p>&nbsp;<\/p>\n<blockquote><p>Adem\u00e1s, se inform\u00f3 que m\u00e1s de 150.000 turistas obtendr\u00e1n la devoluci\u00f3n del 70%, beneficio para personas afiliadas a PAMI.<\/p><\/blockquote>\n<p>&nbsp;<\/p>\n<p><strong>Impacto y destinos<\/strong><\/p>\n<p>&nbsp;<\/p>\n<p>Los destinos de la provincia de <strong>Buenos Aires, R\u00edo Negro, Misiones, CABA, Mendoza, Salta, C\u00f3rdoba, Santa Cruz, Tierra del Fuego, Ant\u00e1rtida e Islas del Atl\u00e1ntico Sur, Chubut, Neuqu\u00e9n y Jujuy<\/strong> fueron los m\u00e1s elegidos en esta edici\u00f3n, de la que participaron m\u00e1s de 12.000 prestadores tur\u00edsticos de todo el pa\u00eds.<\/p>\n<p>&nbsp;<\/p>\n<blockquote><p>Las localidades preferidas por turistas en esta edici\u00f3n fueron San Carlos de Bariloche, Puerto Iguaz\u00fa, Salta, Ushuaia, El Calafate, Mar del Plata, Mendoza, Puerto Madryn, Villa Carlos Paz y Merlo.<\/p><\/blockquote>\n<p>&nbsp;<\/p>\n<p>PreViaje es una inversi\u00f3n hist\u00f3rica del Estado Nacional que inici\u00f3 la reactivaci\u00f3n del sector tur\u00edstico interno tras su mayor crisis global, y el programa benefici\u00f3 a seis millones de personas, con un impacto econ\u00f3mico cercano a los $ 200.000 millones en sus tres ediciones, destac\u00f3 el informe oficial.<\/p>\n<p>&nbsp;<\/p>\n<p>Fuente: DIB.<\/p>\n","protected":false},"excerpt":{"rendered":"<p>Seg\u00fan el Ministerio de Turismo y Deportes, la adhesi\u00f3n al programa tendr\u00e1 un impacto econ\u00f3mico superior a los $ 35.000<\/p>\n","protected":false},"author":2,"featured_media":65085,"comment_status":"closed","ping_status":"closed","sticky":false,"template":"","format":"standard","meta":{"_jetpack_memberships_contains_paid_content":false,"footnotes":""},"categories":[6,1],"tags":[],"class_list":["post-65084","post","type-post","status-publish","format-standard","has-post-thumbnail","hentry","category-nacionales","category-portada"],"jetpack_featured_media_url":"https:\/\/i0.wp.com\/cdnoticias.com\/wp-content\/uploads\/2022\/09\/turismo-cordoba.jpg?fit=1800%2C1200&ssl=1","jetpack_sharing_enabled":true,"_links":{"self":[{"href":"https:\/\/cdnoticias.com\/index.php\/wp-json\/wp\/v2\/posts\/65084","targetHints":{"allow":["GET"]}}],"collection":[{"href":"https:\/\/cdnoticias.com\/index.php\/wp-json\/wp\/v2\/posts"}],"about":[{"href":"https:\/\/cdnoticias.com\/index.php\/wp-json\/wp\/v2\/types\/post"}],"author":[{"embeddable":true,"href":"https:\/\/cdnoticias.com\/index.php\/wp-json\/wp\/v2\/users\/2"}],"replies":[{"embeddable":true,"href":"https:\/\/cdnoticias.com\/index.php\/wp-json\/wp\/v2\/comments?post=65084"}],"version-history":[{"count":0,"href":"https:\/\/cdnoticias.com\/index.php\/wp-json\/wp\/v2\/posts\/65084\/revisions"}],"wp:featuredmedia":[{"embeddable":true,"href":"https:\/\/cdnoticias.com\/index.php\/wp-json\/wp\/v2\/media\/65085"}],"wp:attachment":[{"href":"https:\/\/cdnoticias.com\/index.php\/wp-json\/wp\/v2\/media?parent=65084"}],"wp:term":[{"taxonomy":"category","embeddable":true,"href":"https:\/\/cdnoticias.com\/index.php\/wp-json\/wp\/v2\/categories?post=65084"},{"taxonomy":"post_tag","embeddable":true,"href":"https:\/\/cdnoticias.com\/index.php\/wp-json\/wp\/v2\/tags?post=65084"}],"curies":[{"name":"wp","href":"https:\/\/api.w.org\/{rel}","templated":true}]}}