{"id":65081,"date":"2022-09-17T18:16:33","date_gmt":"2022-09-17T21:16:33","guid":{"rendered":"https:\/\/www.centraldenoticias.com.ar\/?p=65081"},"modified":"2022-09-17T18:16:33","modified_gmt":"2022-09-17T21:16:33","slug":"olavarrienses-involucrados-en-un-accidente-en-ruta-3","status":"publish","type":"post","link":"https:\/\/cdnoticias.com\/index.php\/2022\/09\/17\/olavarrienses-involucrados-en-un-accidente-en-ruta-3\/","title":{"rendered":"Olavarrienses involucrados en un accidente en ruta 3"},"content":{"rendered":"<p>Ocurri\u00f3 en el kil\u00f3metro 274 de la ruta nacional. Un olavarriense result\u00f3 herido en un choque entre dos autos.<!--more--><\/p>\n<hr \/>\n<p>Dos autos colisionaron de forma lateral en el <strong>kil\u00f3metro 274 de la ruta nacional 3<\/strong>, en Azul, durante la jornada del viernes.<\/p>\n<p>&nbsp;<\/p>\n<p>El accidente se produjo entre <strong>un auto BMW<\/strong> conducido por Fernando Antelo, oriundo de la ciudad de La Plata y un auto <strong>Ford Fiesta con cuatro olavarrienses a bordo.<\/strong><\/p>\n<p>&nbsp;<\/p>\n<blockquote><p>El veh\u00edculo iba conducido por Sergio Arcumano, quien transitaba acompa\u00f1ado por Sof\u00eda Spina, Georgina Albanese y Elena Arcumano, todos oriundos de nuestra ciudad.<\/p><\/blockquote>\n<p>&nbsp;<\/p>\n<p>Como consecuencia del impacto, e<strong>l conductor del Ford Fiesta debi\u00f3 ser asistido por lesiones de car\u00e1cter leves.<\/strong><\/p>\n<p>&nbsp;<\/p>\n<p>Trabajaron en el lugar del hecho, personal de polic\u00eda Vial Azul y agentes de peajes de \u201cCorredores viales\u201d.<\/p>\n<p>&nbsp;<\/p>\n<p><em>Fuente: Noticias de Azul.<\/em><\/p>\n","protected":false},"excerpt":{"rendered":"<p>Ocurri\u00f3 en el kil\u00f3metro 274 de la ruta nacional. Un olavarriense result\u00f3 herido en un choque entre dos autos.<\/p>\n","protected":false},"author":2,"featured_media":65082,"comment_status":"closed","ping_status":"closed","sticky":false,"template":"","format":"standard","meta":{"_jetpack_memberships_contains_paid_content":false,"footnotes":""},"categories":[14,1],"tags":[],"class_list":["post-65081","post","type-post","status-publish","format-standard","has-post-thumbnail","hentry","category-policiales","category-portada"],"jetpack_featured_media_url":"https:\/\/i0.wp.com\/cdnoticias.com\/wp-content\/uploads\/2022\/09\/accidente-azul.jpg?fit=700%2C448&ssl=1","jetpack_sharing_enabled":true,"_links":{"self":[{"href":"https:\/\/cdnoticias.com\/index.php\/wp-json\/wp\/v2\/posts\/65081","targetHints":{"allow":["GET"]}}],"collection":[{"href":"https:\/\/cdnoticias.com\/index.php\/wp-json\/wp\/v2\/posts"}],"about":[{"href":"https:\/\/cdnoticias.com\/index.php\/wp-json\/wp\/v2\/types\/post"}],"author":[{"embeddable":true,"href":"https:\/\/cdnoticias.com\/index.php\/wp-json\/wp\/v2\/users\/2"}],"replies":[{"embeddable":true,"href":"https:\/\/cdnoticias.com\/index.php\/wp-json\/wp\/v2\/comments?post=65081"}],"version-history":[{"count":0,"href":"https:\/\/cdnoticias.com\/index.php\/wp-json\/wp\/v2\/posts\/65081\/revisions"}],"wp:featuredmedia":[{"embeddable":true,"href":"https:\/\/cdnoticias.com\/index.php\/wp-json\/wp\/v2\/media\/65082"}],"wp:attachment":[{"href":"https:\/\/cdnoticias.com\/index.php\/wp-json\/wp\/v2\/media?parent=65081"}],"wp:term":[{"taxonomy":"category","embeddable":true,"href":"https:\/\/cdnoticias.com\/index.php\/wp-json\/wp\/v2\/categories?post=65081"},{"taxonomy":"post_tag","embeddable":true,"href":"https:\/\/cdnoticias.com\/index.php\/wp-json\/wp\/v2\/tags?post=65081"}],"curies":[{"name":"wp","href":"https:\/\/api.w.org\/{rel}","templated":true}]}}