{"id":65072,"date":"2022-09-17T10:54:22","date_gmt":"2022-09-17T13:54:22","guid":{"rendered":"https:\/\/www.centraldenoticias.com.ar\/?p=65072"},"modified":"2022-09-17T12:55:37","modified_gmt":"2022-09-17T15:55:37","slug":"belen-vergel-se-reunio-con-especialistas-de-gestion-ambiental-de-la-unlp","status":"publish","type":"post","link":"https:\/\/cdnoticias.com\/index.php\/2022\/09\/17\/belen-vergel-se-reunio-con-especialistas-de-gestion-ambiental-de-la-unlp\/","title":{"rendered":"Bel\u00e9n Vergel se reuni\u00f3 con especialistas de gesti\u00f3n ambiental de la UNLP"},"content":{"rendered":"<p>La concejala busc\u00f3 interiorizarse en las diferentes herramientas que la alta casa de estudios brinda a diversos municipios de la Provincia.<!--more--><\/p>\n<hr \/>\n<p>D\u00edas pasados, <strong>la concejala radical Bel\u00e9n Vergel se reuni\u00f3 con Federico Ducasse, Director de Gesti\u00f3n Sustentable de la UNLP, y Mat\u00edas Barrenechea, Secretario de Relaciones Institucionales de la Facultad de Ciencias Agrarias y Forestales<\/strong>.<\/p>\n<p>&nbsp;<\/p>\n<p>El encuentro se llev\u00f3 a cabo con el objetivo de<strong> interiorizarse e informarse sobre las diferentes herramientas que la alta casa de estudios brinda a diversos municipios bonaerenses en materia de gesti\u00f3n y cuidado del medio ambiente.<\/strong><\/p>\n<p>&nbsp;<\/p>\n<p>Al respecto, la Presidenta de la Comisi\u00f3n de Ambiente del Honorable Concejo Deliberante manifest\u00f3:<em> \u201cLa Universidad no solo brinda profesionales en relaci\u00f3n al medio ambiente sino que asesora y acompa\u00f1a los procesos de cambio que emprenden en este sentido los municipios de la Provincia\u201d.<\/em><\/p>\n<p>&nbsp;<\/p>\n<blockquote><p>A trav\u00e9s de esta reuni\u00f3n, desde el bloque se gener\u00f3 el v\u00ednculo y el acuerdo para que los profesionales visiten nuestra ciudad y se vea la posibilidad de aplicar alguno de sus programas en Olavarr\u00eda.<\/p><\/blockquote>\n<p>&nbsp;<\/p>\n<p>La <strong>Universidad Nacional de La Plata tiene una direcci\u00f3n exclusivamente para trabajar en materia ambiental y desde la cual se brinda asesoramiento a diferentes instituciones.<\/strong> Actualmente, tiene a cargo los subprogramas operativos <em>\u201cLa Bioeconom\u00eda como motor de desarrollo\u201d y \u201cLa Promoci\u00f3n de Buenas Pr\u00e1cticas en la Producci\u00f3n\u201d.<\/em><\/p>\n","protected":false},"excerpt":{"rendered":"<p>La concejala busc\u00f3 interiorizarse en las diferentes herramientas que la alta casa de estudios brinda a diversos municipios de la<\/p>\n","protected":false},"author":2,"featured_media":65073,"comment_status":"closed","ping_status":"closed","sticky":false,"template":"","format":"standard","meta":{"_jetpack_memberships_contains_paid_content":false,"footnotes":""},"categories":[4,1],"tags":[],"class_list":["post-65072","post","type-post","status-publish","format-standard","has-post-thumbnail","hentry","category-politica","category-portada"],"jetpack_featured_media_url":"https:\/\/i0.wp.com\/cdnoticias.com\/wp-content\/uploads\/2022\/09\/IMG-20220917-WA0003.jpg?fit=1600%2C1200&ssl=1","jetpack_sharing_enabled":true,"_links":{"self":[{"href":"https:\/\/cdnoticias.com\/index.php\/wp-json\/wp\/v2\/posts\/65072","targetHints":{"allow":["GET"]}}],"collection":[{"href":"https:\/\/cdnoticias.com\/index.php\/wp-json\/wp\/v2\/posts"}],"about":[{"href":"https:\/\/cdnoticias.com\/index.php\/wp-json\/wp\/v2\/types\/post"}],"author":[{"embeddable":true,"href":"https:\/\/cdnoticias.com\/index.php\/wp-json\/wp\/v2\/users\/2"}],"replies":[{"embeddable":true,"href":"https:\/\/cdnoticias.com\/index.php\/wp-json\/wp\/v2\/comments?post=65072"}],"version-history":[{"count":0,"href":"https:\/\/cdnoticias.com\/index.php\/wp-json\/wp\/v2\/posts\/65072\/revisions"}],"wp:featuredmedia":[{"embeddable":true,"href":"https:\/\/cdnoticias.com\/index.php\/wp-json\/wp\/v2\/media\/65073"}],"wp:attachment":[{"href":"https:\/\/cdnoticias.com\/index.php\/wp-json\/wp\/v2\/media?parent=65072"}],"wp:term":[{"taxonomy":"category","embeddable":true,"href":"https:\/\/cdnoticias.com\/index.php\/wp-json\/wp\/v2\/categories?post=65072"},{"taxonomy":"post_tag","embeddable":true,"href":"https:\/\/cdnoticias.com\/index.php\/wp-json\/wp\/v2\/tags?post=65072"}],"curies":[{"name":"wp","href":"https:\/\/api.w.org\/{rel}","templated":true}]}}