{"id":65043,"date":"2022-09-19T17:12:51","date_gmt":"2022-09-19T20:12:51","guid":{"rendered":"https:\/\/www.centraldenoticias.com.ar\/?p=65043"},"modified":"2022-09-19T17:12:51","modified_gmt":"2022-09-19T20:12:51","slug":"se-inaugura-la-muestra-colectiva-vihsibles","status":"publish","type":"post","link":"https:\/\/cdnoticias.com\/index.php\/2022\/09\/19\/se-inaugura-la-muestra-colectiva-vihsibles\/","title":{"rendered":"Se inaugura la Muestra Colectiva &#8220;Vihsibles&#8221;"},"content":{"rendered":"<p>Ser\u00e1 el martes 20 de septiembre en el Centro Cultural Universitario. Contar\u00e1 con la presencia de autoridades de la Comisi\u00f3n Provincial por la Memoria.<!--more--><\/p>\n<hr \/>\n<p>&nbsp;<\/p>\n<p>El<strong> martes 20 de septiembre<\/strong> a partir de las 14:30 se inaugurar\u00e1 la <strong>Muestra Colectiva Vihsibles<\/strong> del Museo de Arte y Memoria,<strong> perteneciente a la Comisi\u00f3n Provincial por la Memoria<\/strong> (CPM).<\/p>\n<p>&nbsp;<\/p>\n<p>Fue <strong>elaborada a 40 a\u00f1os del inicio de la pandemia del VIH<\/strong> junto a una serie de organizaciones que trabajan en la tem\u00e1tica del VIH, entre ellas la <strong>Facultad de Ciencias Sociales.<\/strong><\/p>\n<p>&nbsp;<\/p>\n<p>La muestra propone un recorrido a <strong>40 a\u00f1os de la pandemia del VIH en el mundo y\u00a0 el activismo y la resistencia de las organizaciones de personas viviendo con VIH,<\/strong> demandando y proponiendo al Estado en sus tres niveles pol\u00edticas p\u00fablicas integrales.<\/p>\n<p>&nbsp;<\/p>\n<p>En la misma se exhibe el control y espionaje realizado por la Direcci\u00f3n de Inteligencia de la Polic\u00eda de la Provincia de Buenos Aires (DIPPBA) hacia las personas viviendo con VIH, que fueron clasificadas como peligrosas y observadas por su sexualidad. La DIPPBA, se encarg\u00f3 de fichar casos individuales, mapear \u201czonas de riesgo de contagio\u201d y vigilar a las organizaciones que luchaban por la ampliaci\u00f3n de derechos de las personas con VIH.<\/p>\n<p>&nbsp;<\/p>\n<p><img data-recalc-dims=\"1\" loading=\"lazy\" decoding=\"async\" class=\"aligncenter wp-image-65045 size-large\" src=\"https:\/\/i0.wp.com\/cdnoticias.com\/wp-content\/uploads\/2022\/09\/porlaint.jpg?resize=800%2C800&#038;ssl=1\" alt=\"\" width=\"800\" height=\"800\" srcset=\"https:\/\/i0.wp.com\/cdnoticias.com\/wp-content\/uploads\/2022\/09\/porlaint.jpg?resize=1024%2C1024&amp;ssl=1 1024w, https:\/\/i0.wp.com\/cdnoticias.com\/wp-content\/uploads\/2022\/09\/porlaint.jpg?resize=300%2C300&amp;ssl=1 300w, https:\/\/i0.wp.com\/cdnoticias.com\/wp-content\/uploads\/2022\/09\/porlaint.jpg?resize=150%2C150&amp;ssl=1 150w, https:\/\/i0.wp.com\/cdnoticias.com\/wp-content\/uploads\/2022\/09\/porlaint.jpg?resize=768%2C768&amp;ssl=1 768w, https:\/\/i0.wp.com\/cdnoticias.com\/wp-content\/uploads\/2022\/09\/porlaint.jpg?w=1133&amp;ssl=1 1133w\" sizes=\"auto, (max-width: 800px) 100vw, 800px\" \/><\/p>\n<p>&nbsp;<\/p>\n<p>&#8220;Vihsibles refleja a trav\u00e9s de <strong>relatos y fotograf\u00edas<\/strong> las historias y los activismos de las organizaciones de personas viviendo con VIH, demostrando c\u00f3mo el rol de los medios contribuy\u00f3 a la reproducci\u00f3n del estigma y la discriminaci\u00f3n hacia las personas que viven con VIH, situaci\u00f3n que a\u00fan persiste&#8221; se indic\u00f3.<\/p>\n<p>&nbsp;<\/p>\n<p>Forman parte de esta muestra el Programa Chesida y C\u00e1tedra Libre Sexualidades, G\u00e9nero y Derechos Humanos de la Facultad de Ciencias Sociales y la Red Bonaerense de Personas Viviendo con VIH, junto a otras organizaciones de la Provincia de Buenos Aires.<\/p>\n<p>&nbsp;<\/p>\n<p>En este marco, se ha elaborado material pedag\u00f3gico a partir de la muestra Vihsibles, que promueve el abordaje del VIH en relaci\u00f3n con los ejes de la Educaci\u00f3n Sexual Integral, el acceso a la Salud Sexual y a los Derechos Sexuales. Este material, que ser\u00e1 presentado en la inauguraci\u00f3n, es de libre acceso y est\u00e1 dirigido a estudiantes del nivel secundario.<\/p>\n<p>&nbsp;<\/p>\n<p>La muestra se expondr\u00e1 en el <strong>Centro Cultural Universitario<\/strong> (San Mart\u00edn 1955) desde el 20 de septiembre hasta el 7 de octubre. <strong>Contar\u00e1 con la presencia de autoridades de la Comisi\u00f3n Provincial por la Memoria.<\/strong><\/p>\n<p>&nbsp;<\/p>\n<p><strong>Cronograma de visitas<\/strong><\/p>\n<p>&nbsp;<\/p>\n<p>La muestra estar\u00e1 abierta al p\u00fablico en general y escuelas secundarias en los siguientes horarios:<\/p>\n<p>&nbsp;<\/p>\n<p>-Martes 20\/9: 9 a 11 horas y de 13 a 16 horas<\/p>\n<p>&nbsp;<\/p>\n<p>-Jueves 22\/9: 9 a 11 horas y de 13 a 16 horas<\/p>\n<p>&nbsp;<\/p>\n<p>-Viernes 23\/9: 9 a 11 horas y de 13 a 18 horas<\/p>\n<p>&nbsp;<\/p>\n<p>-Lunes 26\/9: 9 a 11 horas<\/p>\n<p>&nbsp;<\/p>\n<p>-Martes 27\/9: 9 a 11 horas y 13 a 16 horas<\/p>\n<p>&nbsp;<\/p>\n<p>-Mi\u00e9rcoles 28\/9: 9 a 11 horas y 13 a 16 horas<\/p>\n<p>&nbsp;<\/p>\n<p>-Jueves 29\/9: 9 a 11 horas<\/p>\n<p>&nbsp;<\/p>\n<p>-Viernes 30\/9: 9 a 11 horas y 13 a 18 horas<\/p>\n<p>&nbsp;<\/p>\n<p>-Lunes 3\/10: 9 a 11 horas<\/p>\n<p>&nbsp;<\/p>\n<p>-Martes 4\/10: 9 a 11 horas y 13 a 16 horas<\/p>\n<p>&nbsp;<\/p>\n<p>-Mi\u00e9rcoles 5\/10: 9 a 11 horas y 13 a 16 horas<\/p>\n<p>&nbsp;<\/p>\n<p>-Jueves 6\/10: 9 a 11 horas<\/p>\n<p>&nbsp;<\/p>\n<p>-Viernes 7\/10: 9 a 11 horas y 13 a 18 horas<\/p>\n<p>&nbsp;<\/p>\n<p>En el caso de las escuelas secundarias deber\u00e1n registrar la inscripci\u00f3n en centroculturalunicen@gmail.com, indicando los siguientes datos: nombre de la escuela, curso, cantidad de estudiantes que asistir\u00e1n y docente a cargo. Una vez finalizada la muestra en nuestra ciudad, se expondr\u00e1 en las sedes de Azul y Tandil de la UNICEN.<\/p>\n","protected":false},"excerpt":{"rendered":"<p>Ser\u00e1 el martes 20 de septiembre en el Centro Cultural Universitario. Contar\u00e1 con la presencia de autoridades de la Comisi\u00f3n<\/p>\n","protected":false},"author":6,"featured_media":25165,"comment_status":"closed","ping_status":"closed","sticky":false,"template":"","format":"standard","meta":{"_jetpack_memberships_contains_paid_content":false,"footnotes":""},"categories":[9,1],"tags":[],"class_list":["post-65043","post","type-post","status-publish","format-standard","has-post-thumbnail","hentry","category-cultura","category-portada"],"jetpack_featured_media_url":"https:\/\/i0.wp.com\/cdnoticias.com\/wp-content\/uploads\/2021\/06\/orgullo-centro-cultural-unicen.jpg?fit=960%2C1280&ssl=1","jetpack_sharing_enabled":true,"_links":{"self":[{"href":"https:\/\/cdnoticias.com\/index.php\/wp-json\/wp\/v2\/posts\/65043","targetHints":{"allow":["GET"]}}],"collection":[{"href":"https:\/\/cdnoticias.com\/index.php\/wp-json\/wp\/v2\/posts"}],"about":[{"href":"https:\/\/cdnoticias.com\/index.php\/wp-json\/wp\/v2\/types\/post"}],"author":[{"embeddable":true,"href":"https:\/\/cdnoticias.com\/index.php\/wp-json\/wp\/v2\/users\/6"}],"replies":[{"embeddable":true,"href":"https:\/\/cdnoticias.com\/index.php\/wp-json\/wp\/v2\/comments?post=65043"}],"version-history":[{"count":0,"href":"https:\/\/cdnoticias.com\/index.php\/wp-json\/wp\/v2\/posts\/65043\/revisions"}],"wp:featuredmedia":[{"embeddable":true,"href":"https:\/\/cdnoticias.com\/index.php\/wp-json\/wp\/v2\/media\/25165"}],"wp:attachment":[{"href":"https:\/\/cdnoticias.com\/index.php\/wp-json\/wp\/v2\/media?parent=65043"}],"wp:term":[{"taxonomy":"category","embeddable":true,"href":"https:\/\/cdnoticias.com\/index.php\/wp-json\/wp\/v2\/categories?post=65043"},{"taxonomy":"post_tag","embeddable":true,"href":"https:\/\/cdnoticias.com\/index.php\/wp-json\/wp\/v2\/tags?post=65043"}],"curies":[{"name":"wp","href":"https:\/\/api.w.org\/{rel}","templated":true}]}}