{"id":65024,"date":"2022-09-16T19:39:15","date_gmt":"2022-09-16T22:39:15","guid":{"rendered":"https:\/\/www.centraldenoticias.com.ar\/?p=65024"},"modified":"2022-09-16T20:24:32","modified_gmt":"2022-09-16T23:24:32","slug":"en-un-operativo-en-el-barrio-belen-recuperaron-articulos-robados","status":"publish","type":"post","link":"https:\/\/cdnoticias.com\/index.php\/2022\/09\/16\/en-un-operativo-en-el-barrio-belen-recuperaron-articulos-robados\/","title":{"rendered":"En un operativo en el barrio Bel\u00e9n recuperaron art\u00edculos robados"},"content":{"rendered":"<p>Se realiz\u00f3 en el marco de la investigaci\u00f3n de un &#8220;robo agravado&#8221; denunciado en agosto. Se hallaron una bicicleta y un cuerpo de andamios.<!--more--><\/p>\n<hr \/>\n<p>Este viernes personal de la <strong>SubDDI de Olavarr\u00eda<\/strong> encabez\u00f3 un importante despliegue operativo <strong>en el barrio Bel\u00e9n de nuestra ciudad<\/strong> en el marco de una <strong>causa caratulada &#8220;robo agravado&#8221;<\/strong> acontecido a finales del mes de agosto.<\/p>\n<p>&nbsp;<\/p>\n<p>La causa tramita ante la <strong>UFI 4 local a cargo de la fiscal Paula Serrano<\/strong> y <strong>UFI N 23 del Fuero Penal Juvenil<\/strong> que lleva adelante el doctor Miguel Pi\u00f1eiro.<\/p>\n<p>&nbsp;<\/p>\n<blockquote><p>Se destac\u00f3 que \u201cel resultado fue positivo\u201d con el secuestro de elementos de inter\u00e9s para la investigaci\u00f3n, al tiempo que los investigadores dieron con una bicicleta rodado 29 recientemente sustra\u00edda y un cuerpo de andamios de ca\u00f1o tambi\u00e9n denunciado como sustra\u00eddo en los \u00faltimos d\u00edas.<\/p><\/blockquote>\n<p>&nbsp;<\/p>\n<p>En tal sentido tom\u00f3 intervenci\u00f3n la doctora Mirta Deroni titular de la Ayudant\u00eda Fiscal de Autores Ignorados quien dispuso su <strong>incautaci\u00f3n e inicio de actuaciones correspondientes.<\/strong><\/p>\n<p>&nbsp;<\/p>\n<p>Prest\u00f3 colaboraci\u00f3n con las diligencias el Gabinete externo de Comisar\u00eda Segunda Local, Motopolic\u00edas, Comisar\u00eda de la Mujer y GAD.<\/p>\n","protected":false},"excerpt":{"rendered":"<p>Se realiz\u00f3 en el marco de la investigaci\u00f3n de un &#8220;robo agravado&#8221; denunciado en agosto. Se hallaron una bicicleta y<\/p>\n","protected":false},"author":4,"featured_media":65026,"comment_status":"closed","ping_status":"closed","sticky":false,"template":"","format":"standard","meta":{"_jetpack_memberships_contains_paid_content":false,"footnotes":""},"categories":[14,1],"tags":[],"class_list":["post-65024","post","type-post","status-publish","format-standard","has-post-thumbnail","hentry","category-policiales","category-portada"],"jetpack_featured_media_url":"https:\/\/i0.wp.com\/cdnoticias.com\/wp-content\/uploads\/2022\/09\/allanamiento-DDI.jpg?fit=1326%2C738&ssl=1","jetpack_sharing_enabled":true,"_links":{"self":[{"href":"https:\/\/cdnoticias.com\/index.php\/wp-json\/wp\/v2\/posts\/65024","targetHints":{"allow":["GET"]}}],"collection":[{"href":"https:\/\/cdnoticias.com\/index.php\/wp-json\/wp\/v2\/posts"}],"about":[{"href":"https:\/\/cdnoticias.com\/index.php\/wp-json\/wp\/v2\/types\/post"}],"author":[{"embeddable":true,"href":"https:\/\/cdnoticias.com\/index.php\/wp-json\/wp\/v2\/users\/4"}],"replies":[{"embeddable":true,"href":"https:\/\/cdnoticias.com\/index.php\/wp-json\/wp\/v2\/comments?post=65024"}],"version-history":[{"count":0,"href":"https:\/\/cdnoticias.com\/index.php\/wp-json\/wp\/v2\/posts\/65024\/revisions"}],"wp:featuredmedia":[{"embeddable":true,"href":"https:\/\/cdnoticias.com\/index.php\/wp-json\/wp\/v2\/media\/65026"}],"wp:attachment":[{"href":"https:\/\/cdnoticias.com\/index.php\/wp-json\/wp\/v2\/media?parent=65024"}],"wp:term":[{"taxonomy":"category","embeddable":true,"href":"https:\/\/cdnoticias.com\/index.php\/wp-json\/wp\/v2\/categories?post=65024"},{"taxonomy":"post_tag","embeddable":true,"href":"https:\/\/cdnoticias.com\/index.php\/wp-json\/wp\/v2\/tags?post=65024"}],"curies":[{"name":"wp","href":"https:\/\/api.w.org\/{rel}","templated":true}]}}