{"id":65001,"date":"2022-09-16T12:53:20","date_gmt":"2022-09-16T15:53:20","guid":{"rendered":"https:\/\/www.centraldenoticias.com.ar\/?p=65001"},"modified":"2022-09-16T14:07:11","modified_gmt":"2022-09-16T17:07:11","slug":"funsaga-reunio-7-millones-y-medio-de-pesos-para-ayudar-a-productores-de-corrientes","status":"publish","type":"post","link":"https:\/\/cdnoticias.com\/index.php\/2022\/09\/16\/funsaga-reunio-7-millones-y-medio-de-pesos-para-ayudar-a-productores-de-corrientes\/","title":{"rendered":"FunSaGa reuni\u00f3 7 millones y medio de pesos para ayudar a productores de Corrientes"},"content":{"rendered":"<p>Se trata de peque\u00f1os y medianos productores afectados por los incendios que se registraron a principios de este a\u00f1o en la regi\u00f3n noroeste del pa\u00eds. \u00a0 <!--more--><\/p>\n<hr \/>\n<p>Al inicio de este a\u00f1o se registraron<strong> importantes incendios en la provincia de Corrientes<\/strong> que se extendieron durante meses y afectaron miles de hect\u00e1reas, lo que representa m\u00e1s del 10% de la provincia.<\/p>\n<p>&nbsp;<\/p>\n<p>En ese contexto la <strong>Fundaci\u00f3n para la Sanidad Ganadera local (FunSaGa)<\/strong> organiz\u00f3 una campa\u00f1a de aportes sumando <strong>$10 al arancel por vacunaci\u00f3n en la campa\u00f1a de vacunaci\u00f3n contra la aftosa.<\/strong><\/p>\n<p>&nbsp;<\/p>\n<p>Este viernes, <strong>Sebasti\u00e1n Matrella (presidente de la fundaci\u00f3n en ese momento) y el actual presidente de la entidad Daniel Ay\u00e7aguer,<\/strong> brindaron una conferencia de prensa en la sede de la Sociedad Rural para informar los resultados de la campa\u00f1a.<\/p>\n<p>&nbsp;<\/p>\n<p>Matrella <strong>destac\u00f3 la participaci\u00f3n de los productores locales<\/strong> y record\u00f3 que \u201cpara tomar dimensi\u00f3n de lo que fueron los incendios en Corrientes, se quemaron casi 600 mil hect\u00e1reas que es lo que tiene casi el partido de Olavarr\u00eda. Fue muy grave\u201d.<\/p>\n<p>&nbsp;<\/p>\n<p>Fue as\u00ed que \u201csurgi\u00f3 la idea desde FunSaGa \u2013en ese momento yo estaba de presidente, ahora est\u00e1 Daniel-de poner 10 pesos por animal vacunado. Quiero agradecer a todos los productores de Olavarr\u00eda y decir que <strong>logramos recaudar un dinero importante para enviar en dos etapas a la provincia de Corrientes para poder ayudarlos<\/strong>\u201d, relat\u00f3 Matrella.<\/p>\n<blockquote><p>&nbsp;<\/p>\n<p>Por su parte, Daniel Ay\u00e7aguer tambi\u00e9n resalt\u00f3 la respuesta a la campa\u00f1a y se\u00f1al\u00f3 que \u201ccolaboraron 1200 productores y juntamos 7 millones y medio de pesos\u201d.<\/p><\/blockquote>\n<p>&nbsp;<\/p>\n<p><strong>\u201cQuer\u00edamos hacer algo con los peque\u00f1os y medianos productores y nos contactamos con un Instituto de Formaci\u00f3n Docente de gesti\u00f3n agropecuaria\u201d<\/strong>, indic\u00f3. De esta forma, se realizaron las gestiones y<strong> \u201cse compr\u00f3 alimento balanceado de mantenci\u00f3n de vacas y terneros\u201d.<\/strong><\/p>\n<p>&nbsp;<\/p>\n<blockquote class=\"instagram-media\" style=\"background: #FFF; border: 0; border-radius: 3px; box-shadow: 0 0 1px 0 rgba(0,0,0,0.5),0 1px 10px 0 rgba(0,0,0,0.15); margin: 1px; max-width: 540px; min-width: 326px; padding: 0; width: calc(100% - 2px);\" data-instgrm-captioned=\"\" data-instgrm-permalink=\"https:\/\/www.instagram.com\/reel\/CikqjAfAjVR\/?utm_source=ig_embed&amp;utm_campaign=loading\" data-instgrm-version=\"14\">\n<div style=\"padding: 16px;\">\n<p>&nbsp;<\/p>\n<div style=\"display: flex; flex-direction: row; align-items: center;\">\n<div style=\"background-color: #f4f4f4; border-radius: 50%; flex-grow: 0; height: 40px; margin-right: 14px; width: 40px;\"><\/div>\n<div style=\"display: flex; flex-direction: column; flex-grow: 1; justify-content: center;\">\n<div style=\"background-color: #f4f4f4; border-radius: 4px; flex-grow: 0; height: 14px; margin-bottom: 6px; width: 100px;\"><\/div>\n<div style=\"background-color: #f4f4f4; border-radius: 4px; flex-grow: 0; height: 14px; width: 60px;\"><\/div>\n<\/div>\n<\/div>\n<div style=\"padding: 19% 0;\"><\/div>\n<div style=\"display: block; height: 50px; margin: 0 auto 12px; width: 50px;\"><\/div>\n<div style=\"padding-top: 8px;\">\n<div style=\"color: #3897f0; font-family: Arial,sans-serif; font-size: 14px; font-style: normal; font-weight: 550; line-height: 18px;\">Ver esta publicaci\u00f3n en Instagram<\/div>\n<\/div>\n<div style=\"padding: 12.5% 0;\"><\/div>\n<div style=\"display: flex; flex-direction: row; margin-bottom: 14px; align-items: center;\">\n<div>\n<div style=\"background-color: #f4f4f4; border-radius: 50%; height: 12.5px; width: 12.5px; transform: translateX(0px) translateY(7px);\"><\/div>\n<div style=\"background-color: #f4f4f4; height: 12.5px; transform: rotate(-45deg) translateX(3px) translateY(1px); width: 12.5px; flex-grow: 0; margin-right: 14px; margin-left: 2px;\"><\/div>\n<div style=\"background-color: #f4f4f4; border-radius: 50%; height: 12.5px; width: 12.5px; transform: translateX(9px) translateY(-18px);\"><\/div>\n<\/div>\n<div style=\"margin-left: 8px;\">\n<div style=\"background-color: #f4f4f4; border-radius: 50%; flex-grow: 0; height: 20px; width: 20px;\"><\/div>\n<div style=\"width: 0; height: 0; border-top: 2px solid transparent; border-left: 6px solid #f4f4f4; border-bottom: 2px solid transparent; transform: translateX(16px) translateY(-4px) rotate(30deg);\"><\/div>\n<\/div>\n<div style=\"margin-left: auto;\">\n<div style=\"width: 0px; border-top: 8px solid #F4F4F4; border-right: 8px solid transparent; transform: translateY(16px);\"><\/div>\n<div style=\"background-color: #f4f4f4; flex-grow: 0; height: 12px; width: 16px; transform: translateY(-4px);\"><\/div>\n<div style=\"width: 0; height: 0; border-top: 8px solid #F4F4F4; border-left: 8px solid transparent; transform: translateY(-4px) translateX(8px);\"><\/div>\n<\/div>\n<\/div>\n<div style=\"display: flex; flex-direction: column; flex-grow: 1; justify-content: center; margin-bottom: 24px;\">\n<div style=\"background-color: #f4f4f4; border-radius: 4px; flex-grow: 0; height: 14px; margin-bottom: 6px; width: 224px;\"><\/div>\n<div style=\"background-color: #f4f4f4; border-radius: 4px; flex-grow: 0; height: 14px; width: 144px;\"><\/div>\n<\/div>\n<p>&nbsp;<\/p>\n<p style=\"color: #c9c8cd; font-family: Arial,sans-serif; font-size: 14px; line-height: 17px; margin-bottom: 0; margin-top: 8px; overflow: hidden; padding: 8px 0 7px; text-align: center; text-overflow: ellipsis; white-space: nowrap;\"><a style=\"color: #c9c8cd; font-family: Arial,sans-serif; font-size: 14px; font-style: normal; font-weight: normal; line-height: 17px; text-decoration: none;\" href=\"https:\/\/www.instagram.com\/reel\/CikqjAfAjVR\/?utm_source=ig_embed&amp;utm_campaign=loading\" target=\"_blank\" rel=\"noopener\">Una publicaci\u00f3n compartida por Central de Noticias Olavarr\u00eda (@cdnolavarria)<\/a><\/p>\n<\/div>\n<\/blockquote>\n<p><script async src=\"\/\/www.instagram.com\/embed.js\"><\/script><\/p>\n<p>&nbsp;<\/p>\n<p>Resalt\u00f3 que \u201cen este momento ya se repartieron dos camiones y esta semana se reparte un cami\u00f3n m\u00e1s\u201d y <strong>\u201cahora estamos presupuestando casi dos millones de pesos que nos queda para comprar<\/strong>\u201d. Espec\u00edficamente se hizo en primer lugar \u201cuna compra grande de un poquito m\u00e1s de 5 millones de pesos donde se compraron 110 toneladas que son tres camiones y se reparte en bolsas de 40 kilos\u201d.<\/p>\n<p>&nbsp;<\/p>\n<p><strong>\u201cEs muy emocionante ver a gente que tiene muy poco y ha perdido mucho de lo que tienen\u201d<\/strong>, concluy\u00f3 Ay\u00e7aguer.<\/p>\n","protected":false},"excerpt":{"rendered":"<p>Se trata de peque\u00f1os y medianos productores afectados por los incendios que se registraron a principios de este a\u00f1o en<\/p>\n","protected":false},"author":5,"featured_media":65010,"comment_status":"closed","ping_status":"closed","sticky":false,"template":"","format":"standard","meta":{"_jetpack_memberships_contains_paid_content":false,"footnotes":""},"categories":[5,1],"tags":[],"class_list":["post-65001","post","type-post","status-publish","format-standard","has-post-thumbnail","hentry","category-informacion-general","category-portada"],"jetpack_featured_media_url":"https:\/\/i0.wp.com\/cdnoticias.com\/wp-content\/uploads\/2022\/09\/funsaga-corrientes-00.jpg?fit=800%2C445&ssl=1","jetpack_sharing_enabled":true,"_links":{"self":[{"href":"https:\/\/cdnoticias.com\/index.php\/wp-json\/wp\/v2\/posts\/65001","targetHints":{"allow":["GET"]}}],"collection":[{"href":"https:\/\/cdnoticias.com\/index.php\/wp-json\/wp\/v2\/posts"}],"about":[{"href":"https:\/\/cdnoticias.com\/index.php\/wp-json\/wp\/v2\/types\/post"}],"author":[{"embeddable":true,"href":"https:\/\/cdnoticias.com\/index.php\/wp-json\/wp\/v2\/users\/5"}],"replies":[{"embeddable":true,"href":"https:\/\/cdnoticias.com\/index.php\/wp-json\/wp\/v2\/comments?post=65001"}],"version-history":[{"count":0,"href":"https:\/\/cdnoticias.com\/index.php\/wp-json\/wp\/v2\/posts\/65001\/revisions"}],"wp:featuredmedia":[{"embeddable":true,"href":"https:\/\/cdnoticias.com\/index.php\/wp-json\/wp\/v2\/media\/65010"}],"wp:attachment":[{"href":"https:\/\/cdnoticias.com\/index.php\/wp-json\/wp\/v2\/media?parent=65001"}],"wp:term":[{"taxonomy":"category","embeddable":true,"href":"https:\/\/cdnoticias.com\/index.php\/wp-json\/wp\/v2\/categories?post=65001"},{"taxonomy":"post_tag","embeddable":true,"href":"https:\/\/cdnoticias.com\/index.php\/wp-json\/wp\/v2\/tags?post=65001"}],"curies":[{"name":"wp","href":"https:\/\/api.w.org\/{rel}","templated":true}]}}