{"id":64974,"date":"2022-09-15T19:59:59","date_gmt":"2022-09-15T22:59:59","guid":{"rendered":"https:\/\/www.centraldenoticias.com.ar\/?p=64974"},"modified":"2022-09-16T09:01:56","modified_gmt":"2022-09-16T12:01:56","slug":"se-cumplen-10-anos-de-estrellas-amarillas-en-olavarria-entre-el-amor-y-la-concientizacion-vial","status":"publish","type":"post","link":"https:\/\/cdnoticias.com\/index.php\/2022\/09\/15\/se-cumplen-10-anos-de-estrellas-amarillas-en-olavarria-entre-el-amor-y-la-concientizacion-vial\/","title":{"rendered":"Se cumplen 10 a\u00f1os de Estrellas Amarillas en Olavarr\u00eda, entre el amor y la concientizaci\u00f3n vial"},"content":{"rendered":"<p>Coincide con el aniversario 14 de la \u201cTragedia de la combi\u201d. El dolor de perder a un ser querido reconvertido en el amor por el otro y la concientizaci\u00f3n para evitar m\u00e1s siniestros viales. <!--more--><\/p>\n<hr \/>\n<p>Fue una de las primeras entrevistas a fondo realizadas en <strong>Central de Noticias<\/strong>. La conocida \u201cTragedia de la combi\u201d \u2013con cuatro j\u00f3venes olavarrienses fallecidos- <a href=\"https:\/\/cdnoticias.com\/index.php\/2020\/09\/15\/a-12-anos-de-la-tragedia-de-la-combi-la-bronca-va-a-estar-siempre-cada-aniversario-duele\/\" target=\"_blank\" rel=\"noopener\">convocaba, en un nuevo aniversario, a Gustavo Spaltro y Daniel Cabrera, que por primera vez decid\u00eda hablar p\u00fablicamente sobre lo sucedido.<\/a><\/p>\n<p>&nbsp;<\/p>\n<p><img data-recalc-dims=\"1\" loading=\"lazy\" decoding=\"async\" class=\"alignnone size-large wp-image-1513\" src=\"https:\/\/i0.wp.com\/cdnoticias.com\/wp-content\/uploads\/2020\/09\/CabreraSpaltro.jpg?resize=800%2C534&#038;ssl=1\" alt=\"\" width=\"800\" height=\"534\" srcset=\"https:\/\/i0.wp.com\/cdnoticias.com\/wp-content\/uploads\/2020\/09\/CabreraSpaltro.jpg?resize=1024%2C683&amp;ssl=1 1024w, https:\/\/i0.wp.com\/cdnoticias.com\/wp-content\/uploads\/2020\/09\/CabreraSpaltro.jpg?resize=300%2C200&amp;ssl=1 300w, https:\/\/i0.wp.com\/cdnoticias.com\/wp-content\/uploads\/2020\/09\/CabreraSpaltro.jpg?resize=768%2C512&amp;ssl=1 768w, https:\/\/i0.wp.com\/cdnoticias.com\/wp-content\/uploads\/2020\/09\/CabreraSpaltro.jpg?resize=272%2C182&amp;ssl=1 272w, https:\/\/i0.wp.com\/cdnoticias.com\/wp-content\/uploads\/2020\/09\/CabreraSpaltro.jpg?w=1600&amp;ssl=1 1600w, https:\/\/i0.wp.com\/cdnoticias.com\/wp-content\/uploads\/2020\/09\/CabreraSpaltro.jpg?w=2400&amp;ssl=1 2400w\" sizes=\"auto, (max-width: 800px) 100vw, 800px\" \/><\/p>\n<p>&nbsp;<\/p>\n<p>El dolor de perder a un hijo o una hija tocaba en lo profundo del coraz\u00f3n de ellos cada 15 de septiembre,<strong> fecha que se reconvirti\u00f3 en el a\u00f1o 2012 con la llegada de Estrellas Amarillas a nuestra ciudad.<\/strong><\/p>\n<p>&nbsp;<\/p>\n<p>Familiares de Nadia Spaltro, Mat\u00edas Cabrera, Mariana Azcona y Mar\u00eda Bel\u00e9n Laveglia fueron tomando distintos caminos. Pero a muchos de ellos los uni\u00f3 una Estrella Amarilla. Incluso el propio Gustavo Spaltro admiti\u00f3, en esa misma entrevista, que <strong><em>\u201cjam\u00e1s fui a un psic\u00f3logo, canalic\u00e9 lo m\u00edo con Estrellas Amarillas\u201d.<\/em><\/strong><\/p>\n<p>&nbsp;<\/p>\n<blockquote><p>En septiembre de 2012, las primeras cuatro Estrellas Amarillas que se pintaron fueron, justamente, la de los cuatro fallecidos en el paso nivel del Camino de los Pueblos.<\/p><\/blockquote>\n<p>&nbsp;<\/p>\n<p><strong>Gustavo fue el nexo entre el Municipio y las v\u00edctimas de tr\u00e1nsito locales como representante de la Fundaci\u00f3n \u201cLaura Cristina Ambrosio Battistel\u201d<\/strong> que fue quien dio inicio a esta historia, que m\u00e1s all\u00e1 de lo simb\u00f3lico tiene un <strong>trasfondo de cuidar al otro, de formarlos, de concientizarlos.<\/strong><\/p>\n<p>&nbsp;<\/p>\n<figure id=\"attachment_11801\" aria-describedby=\"caption-attachment-11801\" style=\"width: 970px\" class=\"wp-caption alignnone\"><img data-recalc-dims=\"1\" loading=\"lazy\" decoding=\"async\" class=\"size-full wp-image-11801\" src=\"https:\/\/i0.wp.com\/cdnoticias.com\/wp-content\/uploads\/2021\/01\/spaltro.jpg?resize=800%2C492&#038;ssl=1\" alt=\"\" width=\"800\" height=\"492\" srcset=\"https:\/\/i0.wp.com\/cdnoticias.com\/wp-content\/uploads\/2021\/01\/spaltro.jpg?w=970&amp;ssl=1 970w, https:\/\/i0.wp.com\/cdnoticias.com\/wp-content\/uploads\/2021\/01\/spaltro.jpg?resize=300%2C184&amp;ssl=1 300w, https:\/\/i0.wp.com\/cdnoticias.com\/wp-content\/uploads\/2021\/01\/spaltro.jpg?resize=768%2C472&amp;ssl=1 768w\" sizes=\"auto, (max-width: 800px) 100vw, 800px\" \/><figcaption id=\"caption-attachment-11801\" class=\"wp-caption-text\">A\u00f1os atr\u00e1s Spaltro pudo llevar una imagen con la foto de su hija en una estrella amarilla a las puertas del Vaticano. Foto Facebook Gustavo Spaltro<\/figcaption><\/figure>\n<p>&nbsp;<\/p>\n<p>Porque la novedad estaba en la estrella que se pod\u00eda ver en una ruta, en una calle, en una avenida, que daba cuenta de que ah\u00ed falleci\u00f3 una persona, que un amigo perdi\u00f3 a otro, que un padre perdi\u00f3 a su hijo y as\u00ed, much\u00edsimas relaciones filiales. <strong>Al final del camino, el Estado perd\u00eda a un ciudadano en el marco de un siniestro vial, de una imprudencia, un error o un accidente.<\/strong><\/p>\n<p>&nbsp;<\/p>\n<p>Pero<strong> adem\u00e1s de la novedad simb\u00f3lica, tambi\u00e9n estaban los hechos: capacitaciones en escuelas, charlas, campa\u00f1as de concientizaci\u00f3n p\u00fablicas<\/strong>, y cada acto que tiene, al d\u00eda de hoy, 164 estrellas amarillas pintadas en el Partido de Olavarr\u00eda.<\/p>\n<p>&nbsp;<\/p>\n<p>En este largo camino, tambi\u00e9n tuvo un importante reconocimiento nacional: <strong>a partir de una decisi\u00f3n de la Agencia Nacional de Seguridad Vial (ANSV), desde el 1 de abril de 2020 todos los centros emisores de la Licencia Nacional incorporaron el s\u00edmbolo de las Estrellas Amarillas a las se\u00f1ales viales en los manuales de estudio del curso te\u00f3rico de educaci\u00f3n vial<\/strong>. De esta manera, la estrella amarilla que se coloca en las rutas y calles del pa\u00eds como emblema de atenci\u00f3n y memoria de las v\u00edctimas en siniestros viales, ser\u00e1 materia de estudio para los conductores que quieran obtener por primera vez o renovar la Licencia Nacional de Conducir.<\/p>\n<p>&nbsp;<\/p>\n<figure id=\"attachment_33122\" aria-describedby=\"caption-attachment-33122\" style=\"width: 800px\" class=\"wp-caption alignnone\"><img data-recalc-dims=\"1\" loading=\"lazy\" decoding=\"async\" class=\"size-large wp-image-33122\" src=\"https:\/\/i0.wp.com\/cdnoticias.com\/wp-content\/uploads\/2021\/09\/74277964_1399504706872400_4574821850269351936_n.jpg?resize=800%2C600&#038;ssl=1\" alt=\"\" width=\"800\" height=\"600\" srcset=\"https:\/\/i0.wp.com\/cdnoticias.com\/wp-content\/uploads\/2021\/09\/74277964_1399504706872400_4574821850269351936_n.jpg?resize=1024%2C768&amp;ssl=1 1024w, https:\/\/i0.wp.com\/cdnoticias.com\/wp-content\/uploads\/2021\/09\/74277964_1399504706872400_4574821850269351936_n.jpg?resize=300%2C225&amp;ssl=1 300w, https:\/\/i0.wp.com\/cdnoticias.com\/wp-content\/uploads\/2021\/09\/74277964_1399504706872400_4574821850269351936_n.jpg?resize=768%2C576&amp;ssl=1 768w, https:\/\/i0.wp.com\/cdnoticias.com\/wp-content\/uploads\/2021\/09\/74277964_1399504706872400_4574821850269351936_n.jpg?w=2040&amp;ssl=1 2040w, https:\/\/i0.wp.com\/cdnoticias.com\/wp-content\/uploads\/2021\/09\/74277964_1399504706872400_4574821850269351936_n.jpg?w=1600&amp;ssl=1 1600w\" sizes=\"auto, (max-width: 800px) 100vw, 800px\" \/><figcaption id=\"caption-attachment-33122\" class=\"wp-caption-text\">Foto Facebook Estrellas Amarillas Olavarr\u00eda<\/figcaption><\/figure>\n<p>&nbsp;<\/p>\n<p>A eso se le sum\u00f3,<strong> en 2015, la novedad de los carteles que se colocaron tambi\u00e9n en distintos puntos de la ciudad<\/strong> como recuerdo a las v\u00edctimas de siniestros viales.<strong> Por aquellos que fallecieron en calles de tierra, aquellos a que el mismo tr\u00e1nsito fue borrando esa estrella pintada por familiares y amigos, les llegaba un recuerdo cada vez m\u00e1s permanente. Y una se\u00f1al.<\/strong><\/p>\n<p>&nbsp;<\/p>\n<p>A esta historia que cumple 10 a\u00f1os se le sum\u00f3 un importante \u2013y merecido- <strong>homenaje en otro aniversario n\u00famero 10, pero del lamentable choque: en 2018, entre recuerdos y emociones, qued\u00f3 inaugurado el monumento de Estrellas Amarillas (que mide cinco metros de alto y 2.65 de ancho) con una placa en homenaje a las v\u00edctimas del accidente<\/strong> descubierta por el intendente Ezequiel Galli y las familias Laveglia, Spaltro, Azcona y Cabrera. Se encuentra ubicado en el ingreso a la ciudad por avenida Pringles.<\/p>\n<p>&nbsp;<\/p>\n<p><img data-recalc-dims=\"1\" loading=\"lazy\" decoding=\"async\" class=\"alignnone size-large wp-image-64975\" src=\"https:\/\/i0.wp.com\/cdnoticias.com\/wp-content\/uploads\/2022\/09\/estrella-amarilla1.jpg?resize=800%2C534&#038;ssl=1\" alt=\"\" width=\"800\" height=\"534\" srcset=\"https:\/\/i0.wp.com\/cdnoticias.com\/wp-content\/uploads\/2022\/09\/estrella-amarilla1-scaled.jpg?resize=1024%2C683&amp;ssl=1 1024w, https:\/\/i0.wp.com\/cdnoticias.com\/wp-content\/uploads\/2022\/09\/estrella-amarilla1-scaled.jpg?resize=300%2C200&amp;ssl=1 300w, https:\/\/i0.wp.com\/cdnoticias.com\/wp-content\/uploads\/2022\/09\/estrella-amarilla1-scaled.jpg?resize=768%2C512&amp;ssl=1 768w, https:\/\/i0.wp.com\/cdnoticias.com\/wp-content\/uploads\/2022\/09\/estrella-amarilla1-scaled.jpg?resize=1536%2C1024&amp;ssl=1 1536w, https:\/\/i0.wp.com\/cdnoticias.com\/wp-content\/uploads\/2022\/09\/estrella-amarilla1-scaled.jpg?resize=2048%2C1365&amp;ssl=1 2048w, https:\/\/i0.wp.com\/cdnoticias.com\/wp-content\/uploads\/2022\/09\/estrella-amarilla1-scaled.jpg?resize=272%2C182&amp;ssl=1 272w, https:\/\/i0.wp.com\/cdnoticias.com\/wp-content\/uploads\/2022\/09\/estrella-amarilla1-scaled.jpg?w=1600&amp;ssl=1 1600w, https:\/\/i0.wp.com\/cdnoticias.com\/wp-content\/uploads\/2022\/09\/estrella-amarilla1-scaled.jpg?w=2400&amp;ssl=1 2400w\" sizes=\"auto, (max-width: 800px) 100vw, 800px\" \/><\/p>\n<p>&nbsp;<\/p>\n<p><img data-recalc-dims=\"1\" loading=\"lazy\" decoding=\"async\" class=\"alignnone size-large wp-image-64977\" src=\"https:\/\/i0.wp.com\/cdnoticias.com\/wp-content\/uploads\/2022\/09\/estrella-amarilla3.jpg?resize=800%2C534&#038;ssl=1\" alt=\"\" width=\"800\" height=\"534\" srcset=\"https:\/\/i0.wp.com\/cdnoticias.com\/wp-content\/uploads\/2022\/09\/estrella-amarilla3-scaled.jpg?resize=1024%2C683&amp;ssl=1 1024w, https:\/\/i0.wp.com\/cdnoticias.com\/wp-content\/uploads\/2022\/09\/estrella-amarilla3-scaled.jpg?resize=300%2C200&amp;ssl=1 300w, https:\/\/i0.wp.com\/cdnoticias.com\/wp-content\/uploads\/2022\/09\/estrella-amarilla3-scaled.jpg?resize=768%2C512&amp;ssl=1 768w, https:\/\/i0.wp.com\/cdnoticias.com\/wp-content\/uploads\/2022\/09\/estrella-amarilla3-scaled.jpg?resize=1536%2C1024&amp;ssl=1 1536w, https:\/\/i0.wp.com\/cdnoticias.com\/wp-content\/uploads\/2022\/09\/estrella-amarilla3-scaled.jpg?resize=2048%2C1365&amp;ssl=1 2048w, https:\/\/i0.wp.com\/cdnoticias.com\/wp-content\/uploads\/2022\/09\/estrella-amarilla3-scaled.jpg?resize=272%2C182&amp;ssl=1 272w, https:\/\/i0.wp.com\/cdnoticias.com\/wp-content\/uploads\/2022\/09\/estrella-amarilla3-scaled.jpg?w=1600&amp;ssl=1 1600w, https:\/\/i0.wp.com\/cdnoticias.com\/wp-content\/uploads\/2022\/09\/estrella-amarilla3-scaled.jpg?w=2400&amp;ssl=1 2400w\" sizes=\"auto, (max-width: 800px) 100vw, 800px\" \/><\/p>\n<p>&nbsp;<\/p>\n<p>Resuenan a\u00fan las palabras de Spaltro, conmovido por ese hecho, quien no sab\u00eda<strong><em> \u201cc\u00f3mo agradecerles a todos ustedes, que siempre est\u00e1n apoy\u00e1ndonos, a los medios de comunicaci\u00f3n, a los periodistas, el apoyo del Municipio: sin esto Estrellas Amarillas no hubiera llegado tan lejos como estamos hoy. No tengo m\u00e1s palabras\u201d.<\/em><\/strong><\/p>\n<p>&nbsp;<\/p>\n<p>Marcelo Erretegui, t\u00edo de Nadia Spaltro y otro de los importantes pilares de Estrellas Amarillas en nuestra ciudad, resumi\u00f3 el trabajo en su discurso hace cuatro a\u00f1os: <em>\u201c<strong>Estamos ac\u00e1 inaugurando este fant\u00e1stico monolito, esta estrella gigante que lo primero que tiene que indicar es que para nuestra ciudad la concientizaci\u00f3n vial es una cuesti\u00f3n de Estado,<\/strong> porque no quiero dejar de mencionar que nuestro trabajo empez\u00f3 con la gesti\u00f3n municipal anterior, con el doctor Jos\u00e9 Eseverri y todo su equipo, contin\u00faa hoy con el mismo \u00edmpetu, las mismas ganas y el mismo apoyo incondicional de todo el equipo que lidera el doctor Ezequiel Galli y seguiremos trabajando m\u00e1s all\u00e1 del color pol\u00edtico que tenga nuestro municipio\u201d.<\/em><\/p>\n<p>&nbsp;<\/p>\n<p><img data-recalc-dims=\"1\" loading=\"lazy\" decoding=\"async\" class=\"alignnone size-large wp-image-64976\" src=\"https:\/\/i0.wp.com\/cdnoticias.com\/wp-content\/uploads\/2022\/09\/estrella-amarilla2.jpg?resize=800%2C534&#038;ssl=1\" alt=\"\" width=\"800\" height=\"534\" srcset=\"https:\/\/i0.wp.com\/cdnoticias.com\/wp-content\/uploads\/2022\/09\/estrella-amarilla2-scaled.jpg?resize=1024%2C683&amp;ssl=1 1024w, https:\/\/i0.wp.com\/cdnoticias.com\/wp-content\/uploads\/2022\/09\/estrella-amarilla2-scaled.jpg?resize=300%2C200&amp;ssl=1 300w, https:\/\/i0.wp.com\/cdnoticias.com\/wp-content\/uploads\/2022\/09\/estrella-amarilla2-scaled.jpg?resize=768%2C512&amp;ssl=1 768w, https:\/\/i0.wp.com\/cdnoticias.com\/wp-content\/uploads\/2022\/09\/estrella-amarilla2-scaled.jpg?resize=1536%2C1024&amp;ssl=1 1536w, https:\/\/i0.wp.com\/cdnoticias.com\/wp-content\/uploads\/2022\/09\/estrella-amarilla2-scaled.jpg?resize=2048%2C1365&amp;ssl=1 2048w, https:\/\/i0.wp.com\/cdnoticias.com\/wp-content\/uploads\/2022\/09\/estrella-amarilla2-scaled.jpg?resize=272%2C182&amp;ssl=1 272w, https:\/\/i0.wp.com\/cdnoticias.com\/wp-content\/uploads\/2022\/09\/estrella-amarilla2-scaled.jpg?w=1600&amp;ssl=1 1600w, https:\/\/i0.wp.com\/cdnoticias.com\/wp-content\/uploads\/2022\/09\/estrella-amarilla2-scaled.jpg?w=2400&amp;ssl=1 2400w\" sizes=\"auto, (max-width: 800px) 100vw, 800px\" \/><\/p>\n<p>&nbsp;<\/p>\n<p>En Olavarr\u00eda, Marcelo y Gustavo (como pr\u00e1cticamente todos los conocen) abrazaron a centenares de familiares de v\u00edctimas de tr\u00e1nsito en Olavarr\u00eda. Con el amor y el cari\u00f1o de un amigo, de un padre, de un hermano o una pareja.<strong><em> \u201cDel mismo dolor, vendr\u00e1 un nuevo amanecer\u201d<\/em> cant\u00f3 alguna vez Gustavo Cerati. Y esa transformaci\u00f3n, hoy, cumple 10 a\u00f1os.<\/strong><\/p>\n","protected":false},"excerpt":{"rendered":"<p>Coincide con el aniversario 14 de la \u201cTragedia de la combi\u201d. El dolor de perder a un ser querido reconvertido<\/p>\n","protected":false},"author":2,"featured_media":21735,"comment_status":"closed","ping_status":"closed","sticky":false,"template":"","format":"standard","meta":{"_jetpack_memberships_contains_paid_content":false,"footnotes":""},"categories":[5,1],"tags":[],"class_list":["post-64974","post","type-post","status-publish","format-standard","has-post-thumbnail","hentry","category-informacion-general","category-portada"],"jetpack_featured_media_url":"https:\/\/i0.wp.com\/cdnoticias.com\/wp-content\/uploads\/2021\/05\/estrellas03.jpg?fit=800%2C445&ssl=1","jetpack_sharing_enabled":true,"_links":{"self":[{"href":"https:\/\/cdnoticias.com\/index.php\/wp-json\/wp\/v2\/posts\/64974","targetHints":{"allow":["GET"]}}],"collection":[{"href":"https:\/\/cdnoticias.com\/index.php\/wp-json\/wp\/v2\/posts"}],"about":[{"href":"https:\/\/cdnoticias.com\/index.php\/wp-json\/wp\/v2\/types\/post"}],"author":[{"embeddable":true,"href":"https:\/\/cdnoticias.com\/index.php\/wp-json\/wp\/v2\/users\/2"}],"replies":[{"embeddable":true,"href":"https:\/\/cdnoticias.com\/index.php\/wp-json\/wp\/v2\/comments?post=64974"}],"version-history":[{"count":0,"href":"https:\/\/cdnoticias.com\/index.php\/wp-json\/wp\/v2\/posts\/64974\/revisions"}],"wp:featuredmedia":[{"embeddable":true,"href":"https:\/\/cdnoticias.com\/index.php\/wp-json\/wp\/v2\/media\/21735"}],"wp:attachment":[{"href":"https:\/\/cdnoticias.com\/index.php\/wp-json\/wp\/v2\/media?parent=64974"}],"wp:term":[{"taxonomy":"category","embeddable":true,"href":"https:\/\/cdnoticias.com\/index.php\/wp-json\/wp\/v2\/categories?post=64974"},{"taxonomy":"post_tag","embeddable":true,"href":"https:\/\/cdnoticias.com\/index.php\/wp-json\/wp\/v2\/tags?post=64974"}],"curies":[{"name":"wp","href":"https:\/\/api.w.org\/{rel}","templated":true}]}}