{"id":64937,"date":"2022-09-15T13:04:25","date_gmt":"2022-09-15T16:04:25","guid":{"rendered":"https:\/\/www.centraldenoticias.com.ar\/?p=64937"},"modified":"2022-09-15T13:04:43","modified_gmt":"2022-09-15T16:04:43","slug":"finalmente-trabajadores-de-el-popular-cobraron-lo-adeudado-y-levantaron-el-paro","status":"publish","type":"post","link":"https:\/\/cdnoticias.com\/index.php\/2022\/09\/15\/finalmente-trabajadores-de-el-popular-cobraron-lo-adeudado-y-levantaron-el-paro\/","title":{"rendered":"Finalmente trabajadores de El Popular cobraron lo adeudado y levantaron el paro"},"content":{"rendered":"<p>La empresa manten\u00eda una deuda de m\u00e1s del 60% del salario. Este jueves se acredit\u00f3 el pago de la totalidad de los salarios.<!--more--><\/p>\n<hr \/>\n<p>Pasado el mediod\u00eda de este jueves se levant\u00f3 el <a href=\"https:\/\/cdnoticias.com\/index.php\/2022\/09\/13\/trabajadores-de-el-popular-realizan-un-paro-total-por-tiempo-indeterminado\/\" target=\"_blank\" rel=\"noopener\">paro de actividades<\/a> que llevaban adelante los trabajadores y las trabajadoras de El Popular Medios.<\/p>\n<p>&nbsp;<\/p>\n<p>Recordemos que el martes 13 de septiembre, comenz\u00f3 un <a href=\"https:\/\/cdnoticias.com\/index.php\/2022\/09\/13\/paro-en-el-popular-hay-cansancio-y-hartazgo-ante-la-falta-de-pago\/\" target=\"_blank\" rel=\"noopener\">paro total de actividades<\/a> ante \u201clos reiterados incumplimientos de la empresa en el pago de sueldos\u201d. La medida se adopt\u00f3 debido a que<strong> la empresa adeudaba el pago de una parte de los haberes de julio y la totalidad de los haberes de agosto.<\/strong><\/p>\n<p>&nbsp;<\/p>\n<p>Al inicio de la medida de fuerza,<strong> Andr\u00e9s Pellegrini referente de la Asociaci\u00f3n de Periodistas<\/strong>, relat\u00f3 que entre los trabajadores hay \u201csensaciones encontradas\u201d y ejemplific\u00f3: \u201cPor un lado, hay cansancio y hartazgo ante la falta de pago, por el otro, much\u00edsima bronca porque nadie da la cara y tercero el hecho que uno observa movimientos extra\u00f1os dentro de la empresa, como la presencia del posible comprador a cualquier horario sin ser quien es el due\u00f1o en los papeles. Y quienes tienen que dar la informaci\u00f3n o responder ante esto no la dan, no hay voz oficial\u201d.<\/p>\n<p>&nbsp;<\/p>\n<p><img data-recalc-dims=\"1\" loading=\"lazy\" decoding=\"async\" class=\"aligncenter size-full wp-image-64802\" src=\"https:\/\/i0.wp.com\/cdnoticias.com\/wp-content\/uploads\/2022\/09\/paro-elpopular.jpg?resize=800%2C480&#038;ssl=1\" alt=\"\" width=\"800\" height=\"480\" srcset=\"https:\/\/i0.wp.com\/cdnoticias.com\/wp-content\/uploads\/2022\/09\/paro-elpopular.jpg?w=1600&amp;ssl=1 1600w, https:\/\/i0.wp.com\/cdnoticias.com\/wp-content\/uploads\/2022\/09\/paro-elpopular.jpg?resize=300%2C180&amp;ssl=1 300w, https:\/\/i0.wp.com\/cdnoticias.com\/wp-content\/uploads\/2022\/09\/paro-elpopular.jpg?resize=1024%2C614&amp;ssl=1 1024w, https:\/\/i0.wp.com\/cdnoticias.com\/wp-content\/uploads\/2022\/09\/paro-elpopular.jpg?resize=768%2C461&amp;ssl=1 768w, https:\/\/i0.wp.com\/cdnoticias.com\/wp-content\/uploads\/2022\/09\/paro-elpopular.jpg?resize=1536%2C922&amp;ssl=1 1536w\" sizes=\"auto, (max-width: 800px) 100vw, 800px\" \/><\/p>\n<p>&nbsp;<\/p>\n<p>El mi\u00e9rcoles hubo una <a href=\"https:\/\/cdnoticias.com\/index.php\/2022\/09\/14\/hubo-manifestacion-frente-a-las-puertas-de-el-popular-y-sigue-el-paro-de-trabajadores\/\" target=\"_blank\" rel=\"noopener\">manifestaci\u00f3n frente al edificio c\u00e9ntrico donde funciona el multimedios.<\/a> La medida fue convocada por el sindicato Sat-Said, de trabajadores de televisi\u00f3n, que declar\u00f3 el martes el estado de asamblea permanente y movilizaci\u00f3n. Se sumaron tambi\u00e9n los trabajadores de otros sindicatos que tienen representados en la misma empresa, la Asociaci\u00f3n de Periodistas (Fatpren) y Gr\u00e1ficos.<\/p>\n<p>&nbsp;<\/p>\n<p>Las acciones llevadas delante de los trabajadores significaron la<strong> no emisi\u00f3n del diario en papel durante dos jornadas, no hubo noticieros ni programaci\u00f3n radial.<\/strong><\/p>\n<p>&nbsp;<\/p>\n","protected":false},"excerpt":{"rendered":"<p>La empresa manten\u00eda una deuda de m\u00e1s del 60% del salario. Este jueves se acredit\u00f3 el pago de la totalidad<\/p>\n","protected":false},"author":5,"featured_media":64866,"comment_status":"closed","ping_status":"closed","sticky":false,"template":"","format":"standard","meta":{"_jetpack_memberships_contains_paid_content":false,"footnotes":""},"categories":[5,1],"tags":[],"class_list":["post-64937","post","type-post","status-publish","format-standard","has-post-thumbnail","hentry","category-informacion-general","category-portada"],"jetpack_featured_media_url":"https:\/\/i0.wp.com\/cdnoticias.com\/wp-content\/uploads\/2022\/09\/el-popular-manifestacion-sat-said-1.jpg?fit=800%2C445&ssl=1","jetpack_sharing_enabled":true,"_links":{"self":[{"href":"https:\/\/cdnoticias.com\/index.php\/wp-json\/wp\/v2\/posts\/64937","targetHints":{"allow":["GET"]}}],"collection":[{"href":"https:\/\/cdnoticias.com\/index.php\/wp-json\/wp\/v2\/posts"}],"about":[{"href":"https:\/\/cdnoticias.com\/index.php\/wp-json\/wp\/v2\/types\/post"}],"author":[{"embeddable":true,"href":"https:\/\/cdnoticias.com\/index.php\/wp-json\/wp\/v2\/users\/5"}],"replies":[{"embeddable":true,"href":"https:\/\/cdnoticias.com\/index.php\/wp-json\/wp\/v2\/comments?post=64937"}],"version-history":[{"count":0,"href":"https:\/\/cdnoticias.com\/index.php\/wp-json\/wp\/v2\/posts\/64937\/revisions"}],"wp:featuredmedia":[{"embeddable":true,"href":"https:\/\/cdnoticias.com\/index.php\/wp-json\/wp\/v2\/media\/64866"}],"wp:attachment":[{"href":"https:\/\/cdnoticias.com\/index.php\/wp-json\/wp\/v2\/media?parent=64937"}],"wp:term":[{"taxonomy":"category","embeddable":true,"href":"https:\/\/cdnoticias.com\/index.php\/wp-json\/wp\/v2\/categories?post=64937"},{"taxonomy":"post_tag","embeddable":true,"href":"https:\/\/cdnoticias.com\/index.php\/wp-json\/wp\/v2\/tags?post=64937"}],"curies":[{"name":"wp","href":"https:\/\/api.w.org\/{rel}","templated":true}]}}