{"id":64930,"date":"2022-09-15T16:17:06","date_gmt":"2022-09-15T19:17:06","guid":{"rendered":"https:\/\/www.centraldenoticias.com.ar\/?p=64930"},"modified":"2022-09-15T16:17:06","modified_gmt":"2022-09-15T19:17:06","slug":"kicillof-anuncio-la-extension-del-boleto-estudiantil-para-universidades-del-interior","status":"publish","type":"post","link":"https:\/\/cdnoticias.com\/index.php\/2022\/09\/15\/kicillof-anuncio-la-extension-del-boleto-estudiantil-para-universidades-del-interior\/","title":{"rendered":"Kicillof anunci\u00f3 la extensi\u00f3n del boleto estudiantil para universidades del interior"},"content":{"rendered":"<p>Fue en el Encuentro de las Juventudes. La aplicaci\u00f3n ser\u00e1 escalonada y Olavarr\u00eda es uno de los municipios incluidos. Tambi\u00e9n se present\u00f3 el debate para una ley que aborde las necesidades de las y los j\u00f3venes bonaerenses.<!--more--><\/p>\n<hr \/>\n<p><strong>El gobernador Axel Kicillof anunci\u00f3 este mi\u00e9rcoles la ampliaci\u00f3n escalonada del boleto estudiantil para los y las alumnas de universidades del interior<\/strong> y la creaci\u00f3n de foros de debate que permitan redactar una Ley Integral de Promoci\u00f3n y Protecci\u00f3n de las y los J\u00f3venes de la provincia de Buenos Aires. Fue en el marco del <strong>Encuentro de las Juventudes que reuni\u00f3 a m\u00e1s de 3 mil j\u00f3venes en Tecn\u00f3polis<\/strong>, junto a los ministros de Desarrollo de la Comunidad, Andr\u00e9s Larroque; y de Transporte, Jorge D\u2019 Onofrio; la directora ejecutiva de la ANSES, Fernanda Raverta; y la directora provincial de Juventudes, Ayel\u00e9n L\u00f3pez.<\/p>\n<p>&nbsp;<\/p>\n<blockquote><p>\u201cEste encuentro, en el que vamos a escuchar las opiniones de miles de chicos y chicas, dar\u00e1 comienzo a una serie de foros que se desarrollar\u00e1n en todos los rincones de la Provincia para encontrarnos y compartir las ideas que den lugar al texto de una Ley para la juventud bonaerense\u201d, expres\u00f3 Kicillof y agreg\u00f3: \u201cNo hay mejor norma que la que surge de las discusiones, los debates y las voces de quienes luego van a exigir que se cumplan sus derechos\u201d.<\/p><\/blockquote>\n<p>&nbsp;<\/p>\n<p>En ese sentido, el Gobernador se\u00f1al\u00f3 que \u201cnuestra agenda no es otra que la de las necesidades de nuestro pueblo, muchas de las cuales se han plasmado en una historia de luchas y resistencias\u201d. \u201cConseguimos ya que el boleto estudiantil sea una realidad en todas las universidades del \u00e1rea metropolitana; ahora lo ampliaremos a universidades del interior de la Provincia\u201d, anunci\u00f3. De esta forma,<strong> se ampliar\u00e1 de forma escalonada hacia los municipios en donde se utiliza el sistema SUBE: Bah\u00eda Blanca, Balcarce, Coronel Rosales, General Pueyrredon, Jun\u00edn, Necochea, Olavarr\u00eda, Pergamino, San Nicol\u00e1s y Tandil (donde SUBE est\u00e1 en proceso de implementaci\u00f3n).<\/strong><\/p>\n<p>&nbsp;<\/p>\n<p>Cabe se\u00f1alar que <strong>en Olavarr\u00eda el boleto para los estudiantes universitarios ya es gratuito debido a que el Municipio incorpor\u00f3 el nivel educativo al sistema local.<\/strong><\/p>\n<p>&nbsp;<\/p>\n<p><img data-recalc-dims=\"1\" loading=\"lazy\" decoding=\"async\" class=\"size-full wp-image-64932 aligncenter\" src=\"https:\/\/i0.wp.com\/cdnoticias.com\/wp-content\/uploads\/2022\/09\/boleto-universitario-kicillof-00.jpg?resize=800%2C445&#038;ssl=1\" alt=\"\" width=\"800\" height=\"445\" srcset=\"https:\/\/i0.wp.com\/cdnoticias.com\/wp-content\/uploads\/2022\/09\/boleto-universitario-kicillof-00.jpg?w=800&amp;ssl=1 800w, https:\/\/i0.wp.com\/cdnoticias.com\/wp-content\/uploads\/2022\/09\/boleto-universitario-kicillof-00.jpg?resize=300%2C167&amp;ssl=1 300w, https:\/\/i0.wp.com\/cdnoticias.com\/wp-content\/uploads\/2022\/09\/boleto-universitario-kicillof-00.jpg?resize=768%2C427&amp;ssl=1 768w\" sizes=\"auto, (max-width: 800px) 100vw, 800px\" \/><\/p>\n<p>&nbsp;<\/p>\n<p><span style=\"text-decoration: underline;\"><strong>Encuentro de las Juventudes<\/strong><\/span><\/p>\n<p>&nbsp;<\/p>\n<p>En el marco de la conmemoraci\u00f3n de la Noche de los L\u00e1pices el pr\u00f3ximo viernes 16 se celebra el D\u00eda Nacional de la Juventud y <strong>bajo el lema \u201cLas juventudes debaten y construyen futuro\u201d<\/strong>, el Encuentro fue un espacio pensado para reconocer a las y los j\u00f3venes bonaerenses como sujetos centrales de las transformaciones pol\u00edticas y sociales. Para ello, se llevaron a cabo diferentes actividades, entre las que<em> se destacaron talleres y comisiones de intercambio sobre g\u00e9nero y diversidad, educaci\u00f3n sexual integral, la violencia en los barrios, ambiente, salud, trabajo y transporte.<\/em><\/p>\n<p>&nbsp;<\/p>\n<p>Adem\u00e1s, Kicillof destac\u00f3 la puesta en marcha del <strong>programa Puentes<\/strong>: <strong>\u201cVamos a abrir centros universitarios en el interior de la Provincia y a implementar el boleto estudiantil para que todos y todas puedan acceder y partir desde el mismo escal\u00f3n\u201d<\/strong>. \u201cSi los j\u00f3venes no llegan a la universidad, la universidad tiene que llegar a los j\u00f3venes: esa es la funci\u00f3n de un Estado que incluye y trabaja al servicio de quienes m\u00e1s nos necesitan\u201d, afirm\u00f3.<\/p>\n<p>&nbsp;<\/p>\n<p>Por su parte, Larroque hizo hincapi\u00e9 en que <strong>&#8220;pusimos al Estado a resolver los problemas de la gente<\/strong> y seguimos un proyecto pol\u00edtico que le modifica la vida a millones de personas\u201d. &#8220;Hoy tenemos muy claro hacia d\u00f3nde ir: frente al odio, respondemos con solidaridad, encuentro y amor&#8221;, dijo.<\/p>\n<p>&nbsp;<\/p>\n<p>\u201cDesde la Provincia estamos trabajando para <strong>ampliar derechos<\/strong> y que los y las j\u00f3venes tengan el acompa\u00f1amiento del Estado no solo para llegar a la universidad p\u00fablica y gratuita, sino tambi\u00e9n para que se puedan quedar y transitar ese camino\u201d, expres\u00f3 D\u2019 Onofrio.<\/p>\n<p>&nbsp;<\/p>\n<p>En tanto, Raverta remarc\u00f3 que \u201ceste encuentro es un espacio para compartir y seguir reflexionando sobre<strong> el rol del Estado y la funci\u00f3n de la pol\u00edtica<\/strong> como \u00e1mbitos para pensar en los dem\u00e1s, creando un piso para que todos y todas puedan empezar desde el mismo escal\u00f3n\u201d. \u201cTodas estas decisiones de pol\u00edticas p\u00fablicas apuntan a combatir las desigualdades y a brindarles m\u00e1s oportunidades a los chicos y las chicas\u201d, valor\u00f3.<\/p>\n<p>&nbsp;<\/p>\n<p>\u201cEste encuentro lo pensamos hace mucho tiempo para que los pibes y las pibas puedan debatir, construir presente y futuro como lo hacemos todos los d\u00edas en los barrios\u201d, expres\u00f3 Ayel\u00e9n L\u00f3pez y agreg\u00f3: \u201cNecesitamos escucharlos para saber lo que falta. Ac\u00e1 somos m\u00e1s de 3 mil que creemos en el Estado y nos juntamos para transformar la vida cotidiana en los barrios\u201d.<\/p>\n<p>&nbsp;<\/p>\n<blockquote><p>Por \u00faltimo, Kicillof se\u00f1al\u00f3: \u201cLos pibes y las pibas no son el futuro, son el presente y el principal motor de transformaci\u00f3n de la sociedad\u201d. \u201cSu tiempo es ahora, es hoy que tienen que luchar por sus derechos, organizarse y reclamar lo que necesitan para construir una Provincia mejor\u201d, concluy\u00f3.<\/p><\/blockquote>\n<p>&nbsp;<\/p>\n<p>Participaron el ministro de Cultura de la Naci\u00f3n, Trist\u00e1n Bauer; la ministra de Mujeres, Pol\u00edticas de G\u00e9nero y Diversidad Sexual, Estela D\u00edaz; su par de Trabajo, Walter Correa; la presidenta del Instituto Cultural de la Provincia, Florencia Saintout; las diputadas provinciales Micaela Olivetto y Natalia S\u00e1nchez J\u00e1uregui; <strong>el legislador C\u00e9sar Valicenti<\/strong>; la intendenta de Quilmes, Mayra Mendoza; los intendentes de de San Mart\u00edn, Fernando Moreira; de Hurlingham, Dami\u00e1n Selci; y de Mor\u00f3n, Lucas Ghi; la directora de Tecn\u00f3polis, Mar\u00eda Rosenfeldt; funcionarios y funcionarias de la Provincia.<\/p>\n","protected":false},"excerpt":{"rendered":"<p>Fue en el Encuentro de las Juventudes. La aplicaci\u00f3n ser\u00e1 escalonada y Olavarr\u00eda es uno de los municipios incluidos. Tambi\u00e9n<\/p>\n","protected":false},"author":4,"featured_media":64931,"comment_status":"closed","ping_status":"closed","sticky":false,"template":"","format":"standard","meta":{"_jetpack_memberships_contains_paid_content":false,"footnotes":""},"categories":[6,1],"tags":[],"class_list":["post-64930","post","type-post","status-publish","format-standard","has-post-thumbnail","hentry","category-nacionales","category-portada"],"jetpack_featured_media_url":"https:\/\/i0.wp.com\/cdnoticias.com\/wp-content\/uploads\/2022\/09\/boleto-universitario-kicillof-01.jpg?fit=800%2C445&ssl=1","jetpack_sharing_enabled":true,"_links":{"self":[{"href":"https:\/\/cdnoticias.com\/index.php\/wp-json\/wp\/v2\/posts\/64930","targetHints":{"allow":["GET"]}}],"collection":[{"href":"https:\/\/cdnoticias.com\/index.php\/wp-json\/wp\/v2\/posts"}],"about":[{"href":"https:\/\/cdnoticias.com\/index.php\/wp-json\/wp\/v2\/types\/post"}],"author":[{"embeddable":true,"href":"https:\/\/cdnoticias.com\/index.php\/wp-json\/wp\/v2\/users\/4"}],"replies":[{"embeddable":true,"href":"https:\/\/cdnoticias.com\/index.php\/wp-json\/wp\/v2\/comments?post=64930"}],"version-history":[{"count":0,"href":"https:\/\/cdnoticias.com\/index.php\/wp-json\/wp\/v2\/posts\/64930\/revisions"}],"wp:featuredmedia":[{"embeddable":true,"href":"https:\/\/cdnoticias.com\/index.php\/wp-json\/wp\/v2\/media\/64931"}],"wp:attachment":[{"href":"https:\/\/cdnoticias.com\/index.php\/wp-json\/wp\/v2\/media?parent=64930"}],"wp:term":[{"taxonomy":"category","embeddable":true,"href":"https:\/\/cdnoticias.com\/index.php\/wp-json\/wp\/v2\/categories?post=64930"},{"taxonomy":"post_tag","embeddable":true,"href":"https:\/\/cdnoticias.com\/index.php\/wp-json\/wp\/v2\/tags?post=64930"}],"curies":[{"name":"wp","href":"https:\/\/api.w.org\/{rel}","templated":true}]}}