{"id":64927,"date":"2022-09-15T14:24:29","date_gmt":"2022-09-15T17:24:29","guid":{"rendered":"https:\/\/www.centraldenoticias.com.ar\/?p=64927"},"modified":"2022-09-15T14:24:29","modified_gmt":"2022-09-15T17:24:29","slug":"luz-formalizan-la-quita-de-subsidios","status":"publish","type":"post","link":"https:\/\/cdnoticias.com\/index.php\/2022\/09\/15\/luz-formalizan-la-quita-de-subsidios\/","title":{"rendered":"Luz: formalizan la quita de subsidios"},"content":{"rendered":"<p>Alcanza a los consumos mayores a 400 kWh por mes. Quienes superen ese valor pagar\u00e1n la tarifa plena. Aseguran que el consumo promedio a nivel pa\u00eds est\u00e1 por debajo de los 300 kWh.<!--more--><\/p>\n<hr \/>\n<p><strong>La Secretar\u00eda de Energ\u00eda oficializ\u00f3 este jueves la quita de subsidios para los hogares de ingresos medios que consuman m\u00e1s de 400 kWh (kilovatios horarios) por mes<\/strong>, a trav\u00e9s de la resoluci\u00f3n 649\/2022 publicada en el Bolet\u00edn Oficial.<\/p>\n<p>&nbsp;<\/p>\n<p>De esta forma, <strong>no recibir\u00e1n subsidios y pagar\u00e1n la tarifa plena los consumos realizados desde el 1 de septiembre de 2022 que excedan el umbral de 400 kWh mensuales<\/strong> de quienes se han categorizado en el nivel 3 (de ingresos medios, de entre $ 104.216,80 y $ 354.748,80) del Registro de Acceso a los Subsidios a la Energ\u00eda (RASE). Es decir, el consumo que exceda ese tope pasar\u00e1 a pagar la misma tarifa -exenta de subsidios- que paga el Nivel 1, integrado por los usuarios de mayores ingresos.<\/p>\n<p>&nbsp;<\/p>\n<blockquote><p>Seg\u00fan indic\u00f3 d\u00edas atr\u00e1s la secretaria de Energ\u00eda, Flavia Royon, el l\u00edmite de consumo de 400 kWh mensuales es \u201cgeneroso\u201d porque de los 9 millones de hogares que solicitaron mantener subsidios de luz y gas, \u201cel 80% consume menos que eso\u201d y \u201cun hogar tipo consume entre 200 y 250 kWh\u201d.<\/p><\/blockquote>\n<p>&nbsp;<\/p>\n<p><strong>El l\u00edmite rige para todo el pa\u00eds con excepci\u00f3n de las provincias de Misiones, Corrientes, Formosa, Chaco y La Rioja<\/strong>, cuyo tope ser\u00e1 de 550 kWh\/mes debido a que en dichas jurisdicciones la cobertura de gas natural por redes no supera el 25% de los hogares.<\/p>\n<p>&nbsp;<\/p>\n<p>El tope apunta a que no haya s\u00f3lo un ahorro de subsidios por la v\u00eda tarifaria sino tambi\u00e9n por el <strong>ahorro de energ\u00eda<\/strong>. En ese sentido, la resoluci\u00f3n se\u00f1ala en sus considerandos que <strong>\u201cla eficiencia energ\u00e9tica\u201d<\/strong> se entiende como un \u201clineamiento estrat\u00e9gico que debe encontrarse presente en las regulaciones atinentes a la materia, debido al impacto positivo que representa\u201d, y las medidas que la tienen en cuenta \u201cimplican una significativa reducci\u00f3n de las emisiones de di\u00f3xido de carbono y de otros gases de efecto invernadero\u201d.<\/p>\n<p>&nbsp;<\/p>\n<blockquote><p>En su momento, el subsecretario de Energ\u00eda El\u00e9ctrica, Santiago Yanotti, indic\u00f3 que el promedio de consumo a nivel pa\u00eds est\u00e1 por debajo de los 300 kWh, por lo que la mayor\u00eda de los usuarios incluidos en Tarifa 3 continuar\u00e1n teniendo el servicio subsidiado. A modo de ejemplo, coment\u00f3 que el importe b\u00e1sico (sin impuestos) por un consumo de 300 kWh pasar\u00e1 de $1.467 en agosto a $2.285 en septiembre considerando un usuario de la distribuidora Edesur. El incremento ser\u00eda del 56%, o unos $818.<\/p><\/blockquote>\n<p>&nbsp;<\/p>\n<p>Fuente: <em>Agencia DIB<\/em><\/p>\n","protected":false},"excerpt":{"rendered":"<p>Alcanza a los consumos mayores a 400 kWh por mes. Quienes superen ese valor pagar\u00e1n la tarifa plena. Aseguran que<\/p>\n","protected":false},"author":4,"featured_media":64928,"comment_status":"closed","ping_status":"closed","sticky":false,"template":"","format":"standard","meta":{"_jetpack_memberships_contains_paid_content":false,"footnotes":""},"categories":[6],"tags":[],"class_list":["post-64927","post","type-post","status-publish","format-standard","has-post-thumbnail","hentry","category-nacionales"],"jetpack_featured_media_url":"https:\/\/i0.wp.com\/cdnoticias.com\/wp-content\/uploads\/2022\/09\/DIB-electricidad.jpeg?fit=696%2C464&ssl=1","jetpack_sharing_enabled":true,"_links":{"self":[{"href":"https:\/\/cdnoticias.com\/index.php\/wp-json\/wp\/v2\/posts\/64927","targetHints":{"allow":["GET"]}}],"collection":[{"href":"https:\/\/cdnoticias.com\/index.php\/wp-json\/wp\/v2\/posts"}],"about":[{"href":"https:\/\/cdnoticias.com\/index.php\/wp-json\/wp\/v2\/types\/post"}],"author":[{"embeddable":true,"href":"https:\/\/cdnoticias.com\/index.php\/wp-json\/wp\/v2\/users\/4"}],"replies":[{"embeddable":true,"href":"https:\/\/cdnoticias.com\/index.php\/wp-json\/wp\/v2\/comments?post=64927"}],"version-history":[{"count":0,"href":"https:\/\/cdnoticias.com\/index.php\/wp-json\/wp\/v2\/posts\/64927\/revisions"}],"wp:featuredmedia":[{"embeddable":true,"href":"https:\/\/cdnoticias.com\/index.php\/wp-json\/wp\/v2\/media\/64928"}],"wp:attachment":[{"href":"https:\/\/cdnoticias.com\/index.php\/wp-json\/wp\/v2\/media?parent=64927"}],"wp:term":[{"taxonomy":"category","embeddable":true,"href":"https:\/\/cdnoticias.com\/index.php\/wp-json\/wp\/v2\/categories?post=64927"},{"taxonomy":"post_tag","embeddable":true,"href":"https:\/\/cdnoticias.com\/index.php\/wp-json\/wp\/v2\/tags?post=64927"}],"curies":[{"name":"wp","href":"https:\/\/api.w.org\/{rel}","templated":true}]}}