{"id":64917,"date":"2022-09-15T10:57:16","date_gmt":"2022-09-15T13:57:16","guid":{"rendered":"https:\/\/www.centraldenoticias.com.ar\/?p=64917"},"modified":"2022-09-15T12:37:13","modified_gmt":"2022-09-15T15:37:13","slug":"tuvi-industrializadas-techos-y-pisos-las-sanciones-contra-la-empresa-constructora","status":"publish","type":"post","link":"https:\/\/cdnoticias.com\/index.php\/2022\/09\/15\/tuvi-industrializadas-techos-y-pisos-las-sanciones-contra-la-empresa-constructora\/","title":{"rendered":"TUVI industrializadas: techos y pisos, las sanciones contra la empresa constructora"},"content":{"rendered":"<p>Central de Noticias accedi\u00f3 a dos decretos en los que se establecen multas contra la firma Escobedo Mariano Mauro por casi dos millones de pesos.<!--more--><\/p>\n<hr \/>\n<p>Al confirmar la <a href=\"https:\/\/cdnoticias.com\/index.php\/2022\/09\/14\/rescinden-el-contrato-a-la-empresa-que-construia-las-tuvi-industrializadas\/\" target=\"_blank\" rel=\"noopener\">decisi\u00f3n de rescindir el contrato<\/a> con la empresa que lleva adelante las TUVI industrializadas, Escobedo Mariano Mauro (y luego llamada Emme Construcciones), de manera extraoficial <strong>el Municipio hizo alusi\u00f3n a \u201cincumplimiento de plazos\u201d y a las sanciones impuestas<\/strong>. Sobre este \u00faltimo aspecto no se hab\u00eda conocido previamente la actuaci\u00f3n de la inspecci\u00f3n de obra.<\/p>\n<p>&nbsp;<\/p>\n<p><strong>Central de Noticias<\/strong> pudo acceder en las \u00faltimas horas a <strong>dos decretos en los que se establecieron multas en funci\u00f3n de fallas detectadas en la construcci\u00f3n<\/strong>.<\/p>\n<p>&nbsp;<\/p>\n<p>En uno de los casos la observaci\u00f3n fue sobre la<strong> membrana de un techo de una de las unidades<\/strong> y,<strong> en el segundo, sobre la colocaci\u00f3n de pisos en siete de las unidades<\/strong>. Las multas fijadas en ambos casos se acercan a los <strong>dos millones de pesos.<\/strong><\/p>\n<p>&nbsp;<\/p>\n<p><img data-recalc-dims=\"1\" loading=\"lazy\" decoding=\"async\" class=\"size-large wp-image-54298 aligncenter\" src=\"https:\/\/i0.wp.com\/cdnoticias.com\/wp-content\/uploads\/2022\/05\/tuvi-industria2.jpg?resize=800%2C480&#038;ssl=1\" alt=\"\" width=\"800\" height=\"480\" srcset=\"https:\/\/i0.wp.com\/cdnoticias.com\/wp-content\/uploads\/2022\/05\/tuvi-industria2.jpg?resize=1024%2C614&amp;ssl=1 1024w, https:\/\/i0.wp.com\/cdnoticias.com\/wp-content\/uploads\/2022\/05\/tuvi-industria2.jpg?resize=300%2C180&amp;ssl=1 300w, https:\/\/i0.wp.com\/cdnoticias.com\/wp-content\/uploads\/2022\/05\/tuvi-industria2.jpg?resize=768%2C461&amp;ssl=1 768w, https:\/\/i0.wp.com\/cdnoticias.com\/wp-content\/uploads\/2022\/05\/tuvi-industria2.jpg?w=1280&amp;ssl=1 1280w\" sizes=\"auto, (max-width: 800px) 100vw, 800px\" \/><\/p>\n<p>&nbsp;<\/p>\n<p><strong>Techo<\/strong><\/p>\n<p>&nbsp;<\/p>\n<p>El <strong>decreto 3806\/22 del 26 de julio<\/strong> fue firmado por el intendente Ezequiel Galli y los secretarios de Gobierno Hilario Galli, de Mantenimiento y Obras P\u00fablicas Julio Ferraro y de Econom\u00eda, Eugenia Bezzoni.<\/p>\n<p>&nbsp;<\/p>\n<p>En el art\u00edculo primero de ese decreto se fij\u00f3 la <strong>aplicaci\u00f3n de una multa de 835 mil pesos a la firma Escobedo Mariano Mauro<\/strong>, monto que \u201cdeber\u00e1 debitarse de los certificados pendientes de pago o de los pr\u00f3ximos certificados a presentar\u201d.<\/p>\n<p>&nbsp;<\/p>\n<blockquote><p>En los considerandos se aludi\u00f3 a una inspecci\u00f3n realizada el 22 de abril en la que se \u201clabr\u00f3 la orden de servicio N\u00ba 21 por la cual se comunic\u00f3 a la contratista deb\u00eda cambiar la membrana rota del techo de la vivienda N\u00ba 17 de la manzana 397 ad\u201d. La \u201cintimaci\u00f3n\u201d se repiti\u00f3 los d\u00edas 10 y 23 de mayo.<\/p><\/blockquote>\n<p>&nbsp;<\/p>\n<p>M\u00e1s adelante tambi\u00e9n<strong> se explic\u00f3 que \u201cel incumplimiento imputado fue oportunamente notificado a la empresa contratista y, a\u00fan as\u00ed, en momento alguno inform\u00f3 y\/o justific\u00f3 ante el comitente la raz\u00f3n de dicha omisi\u00f3n<\/strong>, por lo que corresponde aplicar las multas respectivas, toda vez que verificados los incumplimientos, el contratista ha quedado en mora desde el mismo momento en que se han cumplido los plazos contractuales establecidos\u201d.<\/p>\n<p>&nbsp;<\/p>\n<p>Tambi\u00e9n en los considerandos qued\u00f3 explicado el encuadramiento de la falta y la forma de c\u00e1lculo de la multa.<\/p>\n<p>&nbsp;<\/p>\n<p><img data-recalc-dims=\"1\" loading=\"lazy\" decoding=\"async\" class=\"size-full wp-image-54354 aligncenter\" src=\"https:\/\/i0.wp.com\/cdnoticias.com\/wp-content\/uploads\/2022\/05\/TUVI-viviendas-insdustrializadas-01-1.jpg?resize=800%2C445&#038;ssl=1\" alt=\"\" width=\"800\" height=\"445\" srcset=\"https:\/\/i0.wp.com\/cdnoticias.com\/wp-content\/uploads\/2022\/05\/TUVI-viviendas-insdustrializadas-01-1.jpg?w=800&amp;ssl=1 800w, https:\/\/i0.wp.com\/cdnoticias.com\/wp-content\/uploads\/2022\/05\/TUVI-viviendas-insdustrializadas-01-1.jpg?resize=300%2C167&amp;ssl=1 300w, https:\/\/i0.wp.com\/cdnoticias.com\/wp-content\/uploads\/2022\/05\/TUVI-viviendas-insdustrializadas-01-1.jpg?resize=768%2C427&amp;ssl=1 768w\" sizes=\"auto, (max-width: 800px) 100vw, 800px\" \/><\/p>\n<p>&nbsp;<\/p>\n<p><strong>Pisos<\/strong><\/p>\n<p>&nbsp;<\/p>\n<blockquote><p>El segundo decreto al que accedi\u00f3 <strong>Central de Noticias<\/strong> es de los \u00faltimos d\u00edas. Determina aplicar \u201ca la firma Escobedo Mariano Mauro ejecutora de la obra Construcci\u00f3n de 20 Viviendas Prefabricadas Plan TUVI \u2013 Barrio Pikelado \u2013 Olavarr\u00eda, una multa de 1.094.484,84 pesos\u201d.<\/p><\/blockquote>\n<p>&nbsp;<\/p>\n<p>En la parte de considerandos se cit\u00f3 que el \u201c<strong>2 de agosto de 2022<\/strong> la Inspecci\u00f3n (\u2026) labr\u00f3 la orden de servicio N\u00ba 58 por la cual se requiri\u00f3 a la contratista que<strong> deb\u00eda rehacer los pisos de las casas 11, 12, 13, 19, 21, 22 y 23 de la manzana 397 ad\u201d.<\/strong><\/p>\n<p>&nbsp;<\/p>\n<p>M\u00e1s adelante se expuso que<strong> la \u201cintimaci\u00f3n\u201d se repiti\u00f3 el \u201c22 de agosto de 2022\u201d.<\/strong><\/p>\n<p>&nbsp;<\/p>\n<p>De la misma manera que en el decreto de julio, se expuso que<strong> la empresa \u201cen momento alguno inform\u00f3 y\/o justific\u00f3\u201d la raz\u00f3n de los incumplimientos<\/strong> a pesar de haber sido notificada.<\/p>\n<p>&nbsp;<\/p>\n","protected":false},"excerpt":{"rendered":"<p>Central de Noticias accedi\u00f3 a dos decretos en los que se establecen multas contra la firma Escobedo Mariano Mauro por<\/p>\n","protected":false},"author":4,"featured_media":64923,"comment_status":"closed","ping_status":"closed","sticky":false,"template":"","format":"standard","meta":{"_jetpack_memberships_contains_paid_content":false,"footnotes":""},"categories":[5,1],"tags":[],"class_list":["post-64917","post","type-post","status-publish","format-standard","has-post-thumbnail","hentry","category-informacion-general","category-portada"],"jetpack_featured_media_url":"https:\/\/i0.wp.com\/cdnoticias.com\/wp-content\/uploads\/2022\/09\/tuvi-piso-0.jpg?fit=800%2C445&ssl=1","jetpack_sharing_enabled":true,"_links":{"self":[{"href":"https:\/\/cdnoticias.com\/index.php\/wp-json\/wp\/v2\/posts\/64917","targetHints":{"allow":["GET"]}}],"collection":[{"href":"https:\/\/cdnoticias.com\/index.php\/wp-json\/wp\/v2\/posts"}],"about":[{"href":"https:\/\/cdnoticias.com\/index.php\/wp-json\/wp\/v2\/types\/post"}],"author":[{"embeddable":true,"href":"https:\/\/cdnoticias.com\/index.php\/wp-json\/wp\/v2\/users\/4"}],"replies":[{"embeddable":true,"href":"https:\/\/cdnoticias.com\/index.php\/wp-json\/wp\/v2\/comments?post=64917"}],"version-history":[{"count":0,"href":"https:\/\/cdnoticias.com\/index.php\/wp-json\/wp\/v2\/posts\/64917\/revisions"}],"wp:featuredmedia":[{"embeddable":true,"href":"https:\/\/cdnoticias.com\/index.php\/wp-json\/wp\/v2\/media\/64923"}],"wp:attachment":[{"href":"https:\/\/cdnoticias.com\/index.php\/wp-json\/wp\/v2\/media?parent=64917"}],"wp:term":[{"taxonomy":"category","embeddable":true,"href":"https:\/\/cdnoticias.com\/index.php\/wp-json\/wp\/v2\/categories?post=64917"},{"taxonomy":"post_tag","embeddable":true,"href":"https:\/\/cdnoticias.com\/index.php\/wp-json\/wp\/v2\/tags?post=64917"}],"curies":[{"name":"wp","href":"https:\/\/api.w.org\/{rel}","templated":true}]}}