{"id":64902,"date":"2022-09-14T20:56:50","date_gmt":"2022-09-14T23:56:50","guid":{"rendered":"https:\/\/www.centraldenoticias.com.ar\/?p=64902"},"modified":"2022-09-14T20:56:50","modified_gmt":"2022-09-14T23:56:50","slug":"la-inflacion-sin-freno-fue-del-7-segun-el-indec","status":"publish","type":"post","link":"https:\/\/cdnoticias.com\/index.php\/2022\/09\/14\/la-inflacion-sin-freno-fue-del-7-segun-el-indec\/","title":{"rendered":"La inflaci\u00f3n, sin freno: fue del 7% seg\u00fan el INDEC"},"content":{"rendered":"<p>Las divisiones con mayor incremento en el mes fueron Prendas de vestir y calzado (9,9%), Bienes y servicios varios (8,7%), y Equipamiento y mantenimiento del hogar (8,4%). <!--more--><\/p>\n<hr \/>\n<p><strong>La inflaci\u00f3n de agosto fue del 7%, mostrando una leve desaceleraci\u00f3n respecto al mes de julio, que alcanz\u00f3 el nivel m\u00e1s alto en 20 a\u00f1os, con el 7,4%.<\/strong> En los \u00faltimos 12 meses, el \u00edndice de Precios al Consumidor (IPC) acumul\u00f3 un incremento del 78,5%, el m\u00e1s elevado en tres d\u00e9cadas, seg\u00fan inform\u00f3 el Instituto Nacional de Estad\u00edstica y Censos (INDEC). <strong>Adem\u00e1s, en los primeros ocho meses del a\u00f1o la inflaci\u00f3n acumulada lleg\u00f3 al 56,4%.<\/strong><\/p>\n<p>&nbsp;<\/p>\n<blockquote><p>Seg\u00fan el organismo, las divisiones con mayor incremento en el mes fueron Prendas de vestir y calzado (9,9%), Bienes y servicios varios (8,7%), y Equipamiento y mantenimiento del hogar (8,4%). En esta \u00faltima, impact\u00f3 el aumento salarial de trabajadores de casas particulares.<\/p><\/blockquote>\n<p>&nbsp;<\/p>\n<p>La mayor incidencia en todas las regiones la aport\u00f3<strong> el incremento de Alimentos y bebidas no alcoh\u00f3licas, con el 7,1%, inform\u00f3 el Indec.<\/strong><\/p>\n<p>&nbsp;<\/p>\n<p>Dentro de la divisi\u00f3n, se destac\u00f3 el aumento de Verduras, tub\u00e9rculos y legumbres; Az\u00facar, dulces, chocolate, golosinas, etc.; Frutas; Aceites, grasas y manteca; y Leche, productos l\u00e1cteos y huevos.<\/p>\n<p>&nbsp;<\/p>\n<p>Durante agosto, <strong>tambi\u00e9n se destac\u00f3 la suba de la cuota de la medicina prepaga, que incidi\u00f3 en la divisi\u00f3n Salud para que termine con un alza del 5,7%.<\/strong><\/p>\n<p>&nbsp;<\/p>\n<p><strong>Tambi\u00e9n registr\u00f3 una suba de las tarifas en los servicios de agua y electricidad<\/strong> en algunas regiones del pa\u00eds, que impact\u00f3 en el rubro <em>\u201cVivienda, agua, electricidad, gas y otros combustibles\u201d<\/em> con un 5,5%.<\/p>\n<p>&nbsp;<\/p>\n<p><strong>El alza de precios en los servicios de telefon\u00eda m\u00f3vil tambi\u00e9n afect\u00f3 a la mayor\u00eda de las regiones<\/strong> y se vio reflejada en el aumento del 4,1% del rubro Comunicaci\u00f3n.<\/p>\n<p>&nbsp;<\/p>\n<p>A su vez, dentro de Transporte, con un alza del 6,8%, impact\u00f3 la suba de tarifas del transporte p\u00fablico, superior en la regi\u00f3n Capital Federal y Gran Buenos Aires (GBA), y el alza de los combustibles sobre el cierre del per\u00edodo.<\/p>\n<p>&nbsp;<\/p>\n<p><em>Con informaci\u00f3n de DIB<\/em><\/p>\n","protected":false},"excerpt":{"rendered":"<p>Las divisiones con mayor incremento en el mes fueron Prendas de vestir y calzado (9,9%), Bienes y servicios varios (8,7%),<\/p>\n","protected":false},"author":2,"featured_media":13166,"comment_status":"closed","ping_status":"closed","sticky":false,"template":"","format":"standard","meta":{"_jetpack_memberships_contains_paid_content":false,"footnotes":""},"categories":[6,1],"tags":[],"class_list":["post-64902","post","type-post","status-publish","format-standard","has-post-thumbnail","hentry","category-nacionales","category-portada"],"jetpack_featured_media_url":"https:\/\/i0.wp.com\/cdnoticias.com\/wp-content\/uploads\/2021\/02\/5ff73f8fb1140.jpg?fit=718%2C405&ssl=1","jetpack_sharing_enabled":true,"_links":{"self":[{"href":"https:\/\/cdnoticias.com\/index.php\/wp-json\/wp\/v2\/posts\/64902","targetHints":{"allow":["GET"]}}],"collection":[{"href":"https:\/\/cdnoticias.com\/index.php\/wp-json\/wp\/v2\/posts"}],"about":[{"href":"https:\/\/cdnoticias.com\/index.php\/wp-json\/wp\/v2\/types\/post"}],"author":[{"embeddable":true,"href":"https:\/\/cdnoticias.com\/index.php\/wp-json\/wp\/v2\/users\/2"}],"replies":[{"embeddable":true,"href":"https:\/\/cdnoticias.com\/index.php\/wp-json\/wp\/v2\/comments?post=64902"}],"version-history":[{"count":0,"href":"https:\/\/cdnoticias.com\/index.php\/wp-json\/wp\/v2\/posts\/64902\/revisions"}],"wp:featuredmedia":[{"embeddable":true,"href":"https:\/\/cdnoticias.com\/index.php\/wp-json\/wp\/v2\/media\/13166"}],"wp:attachment":[{"href":"https:\/\/cdnoticias.com\/index.php\/wp-json\/wp\/v2\/media?parent=64902"}],"wp:term":[{"taxonomy":"category","embeddable":true,"href":"https:\/\/cdnoticias.com\/index.php\/wp-json\/wp\/v2\/categories?post=64902"},{"taxonomy":"post_tag","embeddable":true,"href":"https:\/\/cdnoticias.com\/index.php\/wp-json\/wp\/v2\/tags?post=64902"}],"curies":[{"name":"wp","href":"https:\/\/api.w.org\/{rel}","templated":true}]}}