{"id":64898,"date":"2022-09-14T20:45:33","date_gmt":"2022-09-14T23:45:33","guid":{"rendered":"https:\/\/www.centraldenoticias.com.ar\/?p=64898"},"modified":"2022-09-15T10:57:39","modified_gmt":"2022-09-15T13:57:39","slug":"desanimo-de-adjudicatarios-de-tuvi-mas-cartas-documento-y-un-decreto-del-intendente","status":"publish","type":"post","link":"https:\/\/cdnoticias.com\/index.php\/2022\/09\/14\/desanimo-de-adjudicatarios-de-tuvi-mas-cartas-documento-y-un-decreto-del-intendente\/","title":{"rendered":"\u201cDes\u00e1nimo\u201d de adjudicatarios de TUVI: m\u00e1s cartas documento y un decreto del Intendente"},"content":{"rendered":"<p>La semana pasada, uno de los adjudicatarios recibi\u00f3 una respuesta formal del Municipio. All\u00ed, se\u00f1alaron que en agosto el Ejecutivo le dio m\u00e1s fondos a la empresa constructora y ampli\u00f3 el plazo de obra.<!--more--><\/p>\n<hr \/>\n<p>Este mi\u00e9rcoles <a href=\"https:\/\/cdnoticias.com\/index.php\/2022\/09\/14\/rescinden-el-contrato-a-la-empresa-que-construia-las-tuvi-industrializadas\/\" target=\"_blank\" rel=\"noopener\">se confirm\u00f3 que el Municipio decidi\u00f3 rescindir el contrato con la empresa \u201cEscobedo Mariano Mauro\u201d que lleva adelante la obra de las TUVI industrializadas.<\/a><\/p>\n<p>&nbsp;<\/p>\n<p>En ese marco, <strong>Central de Noticias consult\u00f3 con el abogado de uno de los adjudicatarios, Esteban Librandi, quien se mostr\u00f3 sorprendido por tal decisi\u00f3n municipal<\/strong> a lo que se\u00f1al\u00f3 que la semana pasada recibi\u00f3, por primera vez, <strong>una respuesta formal a una carta documento enviada a fines de agosto en la que se aludi\u00f3 a un decreto firmado por el Intendente<\/strong> mediante el que se le otorgaron m\u00e1s fondos a la empresa constructora y se ampli\u00f3 el plazo de obra.<\/p>\n<p>&nbsp;<\/p>\n<p>El doctor Librandi se\u00f1al\u00f3 que la carta documento se envi\u00f3 el 25 de agosto y defini\u00f3 que fue una \u201cintimaci\u00f3n\u201d en la que el adjudicatario hizo alusi\u00f3n a las instancias previas en la que no obtuvo respuesta.<\/p>\n<p>&nbsp;<\/p>\n<p>De esa forma explic\u00f3 que \u201cdenunci\u00f3 el silencio\u201d que hizo el Municipio tras la carta documento inicial que \u00e9l mismo envi\u00f3 el 5 de abril de 2022. Asimismo,<a href=\"https:\/\/cdnoticias.com\/index.php\/2022\/06\/28\/adjudicatarios-del-plan-tuvi-pidieron-apartar-4-viviendas-por-vicios-y-fallas-constructivas\/\" target=\"_blank\" rel=\"noopener\"> se se\u00f1al\u00f3 que tampoco recibieron respuesta a la \u201cnota colectiva\u201d que todos los adjudicatarios enviaron el 28 de junio<\/a> donde, entre varios puntos<strong>, hab\u00edan pedido que se dejen de lado algunas de las casas en construcci\u00f3n dado su grado de deterioro.<\/strong><\/p>\n<p>&nbsp;<\/p>\n<p>En la carta documento del jueves 25 de agosto, el abogado tom\u00f3 en cuenta que <em>\u201cen la cl\u00e1usula 1\u00ba del contrato de adjudicaci\u00f3n se habla de la construcci\u00f3n de 20 viviendas y que el objeto de entrega est\u00e1 condicionado a las 20 viviendas\u201d.<\/em> Pero en contraste, <strong><em>\u201cante distintas informaciones no hay 20 viviendas en construcci\u00f3n, por lo menos tres plateas est\u00e1n abandonadas\u201d.<\/em><\/strong><\/p>\n<p>&nbsp;<\/p>\n<blockquote><p>Otro punto fue la intimaci\u00f3n \u201cpor el anticipo financiero\u201d para \u201cque se indique el plazo final de obra\u201d.<\/p><\/blockquote>\n<p>&nbsp;<\/p>\n<p>La carta documento fue respondida la semana pasada. En esa respuesta, <strong>el Municipio aludi\u00f3 a que la obra de las viviendas en barrio Pikelado avanzaba con normalidad<\/strong>:<em> \u201ctoda vez que la obra de construcci\u00f3n se encuentra en plazo conforme al decreto 4.116\/22\u201d<\/em> cit\u00f3 Librandi el texto de la nota de respuesta.<\/p>\n<p>&nbsp;<\/p>\n<p>Por \u00faltimo, el abogado indic\u00f3 que<strong> \u00e9l mismo habl\u00f3 con \u201cel encargado de obra\u201d el mes pasado quien le inform\u00f3 que <em>\u201cla Municipalidad los hab\u00eda autorizado a abandonar la construcci\u00f3n de cuatro casas que quedaron en batea\u201d<\/em>.<\/strong> En esta charla es que el representante legal argument\u00f3 su consulta al Ejecutivo por la cantidad de casas en construcci\u00f3n y se\u00f1al\u00f3 <a href=\"https:\/\/cdnoticias.com\/index.php\/2022\/04\/22\/tuvi-firmaron-los-adjudicatarios-de-las-viviendas-industrializadas\/\" target=\"_blank\" rel=\"noopener\">el condicionamiento que representar\u00e1 para la entrega final, seg\u00fan lo previsto en el contrato firmado el 22 de abril\u00a0<\/a><\/p>\n<p>&nbsp;<\/p>\n<p><span style=\"text-decoration: underline;\"><strong>El decreto<\/strong><\/span><\/p>\n<p>&nbsp;<\/p>\n<p><strong>Central de Noticias<\/strong> accedi\u00f3 a ese decreto 4.116\/22 y, efectivamente, muestra que al menos hasta el 23 de agosto -fecha en que est\u00e1 firmado el decreto por el intendente Ezequiel Galli y los secretarios Hilario Galli, Julio Ferraro y Eugenia Bezzoni-, la empresa segu\u00eda a cargo de la construcci\u00f3n.<\/p>\n<p>&nbsp;<\/p>\n<p>En los art\u00edculos del decreto se estableci\u00f3 primero la ampliaci\u00f3n del<em> \u201cplazo contractual establecido en 66 d\u00edas corridos\u201d y \u201cla ejecuci\u00f3n de las tareas adicionales en la suma de 4.329.000 pesos cuya realizaci\u00f3n estar\u00e1 a cargo de la firma Escobedo Mariano Mauro\u201d.<\/em> Dichas tareas refieren a <strong><em>\u201cmodificar los pilares previstos para la colocaci\u00f3n de tanques de reserva de agua de las viviendas\u201d.<\/em><\/strong><\/p>\n<p>&nbsp;<\/p>\n<p>El monto de extensi\u00f3n del contrato, esos 4,3 millones de pesos, representan 8,4% m\u00e1s de lo previsto.<\/p>\n<p>&nbsp;<\/p>\n<p>En este contexto, <strong>se pudo saber que hay adjudicatarios pensando en salir del sistema.<\/strong> Seg\u00fan se explic\u00f3, <strong>prima el des\u00e1nimo entre muchos de ellos puesto que la decisi\u00f3n que el Municipio defini\u00f3 adoptar es la que esperaban desde los primeros meses de este a\u00f1o cuando expusieron sus cr\u00edticas a la calidad de la obra.<\/strong><\/p>\n<p>&nbsp;<\/p>\n<p>Asimismo, dejaron saber que desde las \u00faltimas visitas que el Municipio convoc\u00f3 a los adjudicatarios al predio, en el mes de mayo y junio, no tuvieron m\u00e1s convocatorias. <strong>La pr\u00f3xima reuni\u00f3n fue llamada para el viernes por la ma\u00f1ana.<\/strong><\/p>\n<p>&nbsp;<\/p>\n","protected":false},"excerpt":{"rendered":"<p>La semana pasada, uno de los adjudicatarios recibi\u00f3 una respuesta formal del Municipio. All\u00ed, se\u00f1alaron que en agosto el Ejecutivo<\/p>\n","protected":false},"author":2,"featured_media":54296,"comment_status":"closed","ping_status":"closed","sticky":false,"template":"","format":"standard","meta":{"_jetpack_memberships_contains_paid_content":false,"footnotes":""},"categories":[5,1],"tags":[],"class_list":["post-64898","post","type-post","status-publish","format-standard","has-post-thumbnail","hentry","category-informacion-general","category-portada"],"jetpack_featured_media_url":"https:\/\/i0.wp.com\/cdnoticias.com\/wp-content\/uploads\/2022\/05\/tuvi-industria.jpg?fit=1187%2C712&ssl=1","jetpack_sharing_enabled":true,"_links":{"self":[{"href":"https:\/\/cdnoticias.com\/index.php\/wp-json\/wp\/v2\/posts\/64898","targetHints":{"allow":["GET"]}}],"collection":[{"href":"https:\/\/cdnoticias.com\/index.php\/wp-json\/wp\/v2\/posts"}],"about":[{"href":"https:\/\/cdnoticias.com\/index.php\/wp-json\/wp\/v2\/types\/post"}],"author":[{"embeddable":true,"href":"https:\/\/cdnoticias.com\/index.php\/wp-json\/wp\/v2\/users\/2"}],"replies":[{"embeddable":true,"href":"https:\/\/cdnoticias.com\/index.php\/wp-json\/wp\/v2\/comments?post=64898"}],"version-history":[{"count":0,"href":"https:\/\/cdnoticias.com\/index.php\/wp-json\/wp\/v2\/posts\/64898\/revisions"}],"wp:featuredmedia":[{"embeddable":true,"href":"https:\/\/cdnoticias.com\/index.php\/wp-json\/wp\/v2\/media\/54296"}],"wp:attachment":[{"href":"https:\/\/cdnoticias.com\/index.php\/wp-json\/wp\/v2\/media?parent=64898"}],"wp:term":[{"taxonomy":"category","embeddable":true,"href":"https:\/\/cdnoticias.com\/index.php\/wp-json\/wp\/v2\/categories?post=64898"},{"taxonomy":"post_tag","embeddable":true,"href":"https:\/\/cdnoticias.com\/index.php\/wp-json\/wp\/v2\/tags?post=64898"}],"curies":[{"name":"wp","href":"https:\/\/api.w.org\/{rel}","templated":true}]}}