{"id":64871,"date":"2022-09-14T17:24:46","date_gmt":"2022-09-14T20:24:46","guid":{"rendered":"https:\/\/www.centraldenoticias.com.ar\/?p=64871"},"modified":"2022-09-15T07:53:59","modified_gmt":"2022-09-15T10:53:59","slug":"tuvi-trabajadores-quemaron-gomas-y-protestaron-frente-a-la-empresa","status":"publish","type":"post","link":"https:\/\/cdnoticias.com\/index.php\/2022\/09\/14\/tuvi-trabajadores-quemaron-gomas-y-protestaron-frente-a-la-empresa\/","title":{"rendered":"Tuvi: trabajadores quemaron gomas y protestaron frente a la empresa"},"content":{"rendered":"<p>Fue tras conocer la rescisi\u00f3n del contrato con el Municipio. Les deben tres quincenas, parte del aguinaldo y la liquidaci\u00f3n final. Hubo contactos entre la Uocra y el Municipio. <!--more--><\/p>\n<hr \/>\n<p>Con <strong>quema de gomas y pastos, ocho trabajadores de la empresa \u201cEmme Construcciones\u201d<\/strong> <a href=\"https:\/\/cdnoticias.com\/index.php\/2022\/09\/14\/rescinden-el-contrato-a-la-empresa-que-construia-las-tuvi-industrializadas\/\" target=\"_blank\" rel=\"noopener\">-que el Municipio rescindi\u00f3 el contrato por las Tuvi industrializadas-<\/a><strong> protestaron en la sede ubicada en Tacuar\u00ed al 1900. Pidieron el pago de las quincenas adeudadas y la liquidaci\u00f3n final.<\/strong><\/p>\n<p>&nbsp;<\/p>\n<p>Por momentos con tensi\u00f3n, <strong>los trabajadores reclamaron el pago de lo adeudado mientras que la empresa expres\u00f3 que para antes de la semana que viene se abonar\u00eda todo, incluida la liquidaci\u00f3n final.<\/strong> Se\u00f1alaron que este mismo mi\u00e9rcoles fueron notificados de la rescisi\u00f3n del contrato mientras que a\u00fan faltaba realizar algunos avances administrativos en el Municipio.<\/p>\n<p>&nbsp;<\/p>\n<p><img data-recalc-dims=\"1\" loading=\"lazy\" decoding=\"async\" class=\"alignnone size-large wp-image-64874\" src=\"https:\/\/i0.wp.com\/cdnoticias.com\/wp-content\/uploads\/2022\/09\/tuvi-protesta-empresa-1024x614.jpg?resize=800%2C480&#038;ssl=1\" alt=\"\" width=\"800\" height=\"480\" srcset=\"https:\/\/i0.wp.com\/cdnoticias.com\/wp-content\/uploads\/2022\/09\/tuvi-protesta-empresa.jpg?resize=1024%2C614&amp;ssl=1 1024w, https:\/\/i0.wp.com\/cdnoticias.com\/wp-content\/uploads\/2022\/09\/tuvi-protesta-empresa.jpg?resize=300%2C180&amp;ssl=1 300w, https:\/\/i0.wp.com\/cdnoticias.com\/wp-content\/uploads\/2022\/09\/tuvi-protesta-empresa.jpg?resize=768%2C461&amp;ssl=1 768w, https:\/\/i0.wp.com\/cdnoticias.com\/wp-content\/uploads\/2022\/09\/tuvi-protesta-empresa.jpg?w=1160&amp;ssl=1 1160w\" sizes=\"auto, (max-width: 800px) 100vw, 800px\" \/><\/p>\n<p>&nbsp;<\/p>\n<p>Justamente, se hicieron presentes dos representantes del gremio de la Uocra para ponerse a disposici\u00f3n y llegar a un acuerdo con la empresa, que insisti\u00f3 <strong>\u2013tras un duro cruce con uno de los encargados del emprendimiento- que pagar\u00e1 en los pr\u00f3ximos d\u00edas.<\/strong><\/p>\n<p>&nbsp;<\/p>\n<blockquote><p>El enojo de los trabajadores fue porque \u201cya escuchamos eso y no nos pagan\u201d y que \u201cla plata est\u00e1, no nos quieren pagar\u201d.<\/p><\/blockquote>\n<p>&nbsp;<\/p>\n<p>Desde la <strong>Uocra<\/strong> se indic\u00f3, en paralelo, que <strong>se comunicaron con el Municipio<\/strong> para tener certezas sobre la situaci\u00f3n contractual de la empresa. Seg\u00fan expresaron, <strong>el di\u00e1logo fue con el Secretario de Gobierno Hilario Galli que respondi\u00f3 que la empresa adeuda documentaci\u00f3n para poder realizar el pago vinculado a los trabajos que finalizaron este mi\u00e9rcoles de forma unilateral.<\/strong><\/p>\n<p>&nbsp;<\/p>\n<p>De esta forma, <strong>se garantiz\u00f3 que los ocho trabajadores cobrar\u00e1n entre finales de esta semana e inicios de la pr\u00f3xima.<\/strong><\/p>\n<p>&nbsp;<\/p>\n<p>A su vez, <strong>Uocra solicitar\u00e1 a la empresa que se encargue de los trabajos de ahora en m\u00e1s que trate de \u201cabsorber\u201d la mayor cantidad de trabajadores despedidos posibles<\/strong>, mientras que en paralelo le solicit\u00f3 el curr\u00edculum de cada uno de ellos <em>\u201cque ir\u00e1 a una bolsa de trabajo para que puedan acceder a un nuevo empleo\u201d.<\/em><\/p>\n<p>&nbsp;<\/p>\n<p>Cerca de las 17:00 horas,<strong> los empleados se fueron del lugar visiblemente enojados y a la espera de avances positivos en la falta de pago de sus salarios.<\/strong><\/p>\n","protected":false},"excerpt":{"rendered":"<p>Fue tras conocer la rescisi\u00f3n del contrato con el Municipio. Les deben tres quincenas, parte del aguinaldo y la liquidaci\u00f3n<\/p>\n","protected":false},"author":2,"featured_media":64875,"comment_status":"closed","ping_status":"closed","sticky":false,"template":"","format":"standard","meta":{"_jetpack_memberships_contains_paid_content":false,"footnotes":""},"categories":[5,1],"tags":[],"class_list":["post-64871","post","type-post","status-publish","format-standard","has-post-thumbnail","hentry","category-informacion-general","category-portada"],"jetpack_featured_media_url":"https:\/\/i0.wp.com\/cdnoticias.com\/wp-content\/uploads\/2022\/09\/tuvi-protesta-empresa1.jpg?fit=1160%2C696&ssl=1","jetpack_sharing_enabled":true,"_links":{"self":[{"href":"https:\/\/cdnoticias.com\/index.php\/wp-json\/wp\/v2\/posts\/64871","targetHints":{"allow":["GET"]}}],"collection":[{"href":"https:\/\/cdnoticias.com\/index.php\/wp-json\/wp\/v2\/posts"}],"about":[{"href":"https:\/\/cdnoticias.com\/index.php\/wp-json\/wp\/v2\/types\/post"}],"author":[{"embeddable":true,"href":"https:\/\/cdnoticias.com\/index.php\/wp-json\/wp\/v2\/users\/2"}],"replies":[{"embeddable":true,"href":"https:\/\/cdnoticias.com\/index.php\/wp-json\/wp\/v2\/comments?post=64871"}],"version-history":[{"count":0,"href":"https:\/\/cdnoticias.com\/index.php\/wp-json\/wp\/v2\/posts\/64871\/revisions"}],"wp:featuredmedia":[{"embeddable":true,"href":"https:\/\/cdnoticias.com\/index.php\/wp-json\/wp\/v2\/media\/64875"}],"wp:attachment":[{"href":"https:\/\/cdnoticias.com\/index.php\/wp-json\/wp\/v2\/media?parent=64871"}],"wp:term":[{"taxonomy":"category","embeddable":true,"href":"https:\/\/cdnoticias.com\/index.php\/wp-json\/wp\/v2\/categories?post=64871"},{"taxonomy":"post_tag","embeddable":true,"href":"https:\/\/cdnoticias.com\/index.php\/wp-json\/wp\/v2\/tags?post=64871"}],"curies":[{"name":"wp","href":"https:\/\/api.w.org\/{rel}","templated":true}]}}