{"id":6487,"date":"2020-11-14T13:18:09","date_gmt":"2020-11-14T16:18:09","guid":{"rendered":"http:\/\/www.centraldenoticias.com.ar\/?p=6487"},"modified":"2020-11-14T17:19:29","modified_gmt":"2020-11-14T20:19:29","slug":"laprida-en-dos-dias-dos-vuelos-trasladaron-a-pacientes-graves-de-covid","status":"publish","type":"post","link":"https:\/\/cdnoticias.com\/index.php\/2020\/11\/14\/laprida-en-dos-dias-dos-vuelos-trasladaron-a-pacientes-graves-de-covid\/","title":{"rendered":"Laprida: En dos d\u00edas, dos vuelos trasladaron a pacientes graves de COVID"},"content":{"rendered":"<p>El jueves y el viernes se realizaron dos viajes para derivar a dos personas, de 32 y 42 a\u00f1os, a un centro de alta complejidad en Esteban Echeverr\u00eda. Importante log\u00edstica de autoridades lapridenses.<!--more--><\/p>\n<hr \/>\n<p>En un operativo in\u00e9dito y muy importante para la vecina ciudad, <strong>dos vuelos sanitarios trasladaron a pacientes con COVID de Laprida a centros de alta complejidad en el conurbano para continuar su tratamiento en Terapia Intensiva.<\/strong><\/p>\n<p>&nbsp;<\/p>\n<p>Los aviones, del Ministerio de Salud,<strong> fueron puestos a disposici\u00f3n por el gobernador Kicillof al intendente Pablo Torres ante la imposibilidad de tener, en Terapia Intensiva, a dos pacientes que se encuentran graves.<\/strong> Se trata de una mujer de 32 a\u00f1os, y un hombre de 42.<\/p>\n<p>&nbsp;<\/p>\n<p><img data-recalc-dims=\"1\" loading=\"lazy\" decoding=\"async\" class=\"alignnone size-full wp-image-6488\" src=\"https:\/\/i0.wp.com\/cdnoticias.com\/wp-content\/uploads\/2020\/11\/vuelo-sanitario-oh-laprida.jpg?resize=720%2C435&#038;ssl=1\" alt=\"\" width=\"720\" height=\"435\" srcset=\"https:\/\/i0.wp.com\/cdnoticias.com\/wp-content\/uploads\/2020\/11\/vuelo-sanitario-oh-laprida.jpg?w=720&amp;ssl=1 720w, https:\/\/i0.wp.com\/cdnoticias.com\/wp-content\/uploads\/2020\/11\/vuelo-sanitario-oh-laprida.jpg?resize=300%2C181&amp;ssl=1 300w\" sizes=\"auto, (max-width: 720px) 100vw, 720px\" \/><\/p>\n<p>&nbsp;<\/p>\n<blockquote><p>Al igual que el jueves, el intenso trabajo desarrollado en el Aeroclub de la jornada del viernes cont\u00f3 con una ambulancia del SAME; m\u00e9dicos del Hospital Municipal Sancholuz, Bomberos Voluntarios y fuerzas de seguridad, en un coordinado y r\u00e1pido operativo de traslado.<\/p><\/blockquote>\n<p>&nbsp;<\/p>\n<p><img data-recalc-dims=\"1\" loading=\"lazy\" decoding=\"async\" class=\"alignnone size-full wp-image-6490\" src=\"https:\/\/i0.wp.com\/cdnoticias.com\/wp-content\/uploads\/2020\/11\/vuelo-sanitario-oh-laprida2.jpg?resize=720%2C516&#038;ssl=1\" alt=\"\" width=\"720\" height=\"516\" srcset=\"https:\/\/i0.wp.com\/cdnoticias.com\/wp-content\/uploads\/2020\/11\/vuelo-sanitario-oh-laprida2.jpg?w=720&amp;ssl=1 720w, https:\/\/i0.wp.com\/cdnoticias.com\/wp-content\/uploads\/2020\/11\/vuelo-sanitario-oh-laprida2.jpg?resize=300%2C215&amp;ssl=1 300w\" sizes=\"auto, (max-width: 720px) 100vw, 720px\" \/><\/p>\n<p>&nbsp;<\/p>\n<p>En este sentido, <strong>cabe se\u00f1alar que ahora continuar\u00e1n su tratamiento y sus cuidados en el \u00e1rea de Terapia Intensiva del Hospital del Bicentenario, en el distrito de Esteban Echeverr\u00eda, Gran Buenos Aires.<\/strong><\/p>\n<p>&nbsp;<\/p>\n<p><em>Fotos e informaci\u00f3n: cortes\u00eda OhLaprida.\u00a0<\/em><\/p>\n","protected":false},"excerpt":{"rendered":"<p>El jueves y el viernes se realizaron dos viajes para derivar a dos personas, de 32 y 42 a\u00f1os, a<\/p>\n","protected":false},"author":2,"featured_media":6489,"comment_status":"closed","ping_status":"closed","sticky":false,"template":"","format":"standard","meta":{"_jetpack_memberships_contains_paid_content":false,"footnotes":""},"categories":[6,1],"tags":[],"class_list":["post-6487","post","type-post","status-publish","format-standard","has-post-thumbnail","hentry","category-nacionales","category-portada"],"jetpack_featured_media_url":"https:\/\/i0.wp.com\/cdnoticias.com\/wp-content\/uploads\/2020\/11\/vuelo-sanitario-oh-laprida1.jpg?fit=720%2C459&ssl=1","jetpack_sharing_enabled":true,"_links":{"self":[{"href":"https:\/\/cdnoticias.com\/index.php\/wp-json\/wp\/v2\/posts\/6487","targetHints":{"allow":["GET"]}}],"collection":[{"href":"https:\/\/cdnoticias.com\/index.php\/wp-json\/wp\/v2\/posts"}],"about":[{"href":"https:\/\/cdnoticias.com\/index.php\/wp-json\/wp\/v2\/types\/post"}],"author":[{"embeddable":true,"href":"https:\/\/cdnoticias.com\/index.php\/wp-json\/wp\/v2\/users\/2"}],"replies":[{"embeddable":true,"href":"https:\/\/cdnoticias.com\/index.php\/wp-json\/wp\/v2\/comments?post=6487"}],"version-history":[{"count":0,"href":"https:\/\/cdnoticias.com\/index.php\/wp-json\/wp\/v2\/posts\/6487\/revisions"}],"wp:featuredmedia":[{"embeddable":true,"href":"https:\/\/cdnoticias.com\/index.php\/wp-json\/wp\/v2\/media\/6489"}],"wp:attachment":[{"href":"https:\/\/cdnoticias.com\/index.php\/wp-json\/wp\/v2\/media?parent=6487"}],"wp:term":[{"taxonomy":"category","embeddable":true,"href":"https:\/\/cdnoticias.com\/index.php\/wp-json\/wp\/v2\/categories?post=6487"},{"taxonomy":"post_tag","embeddable":true,"href":"https:\/\/cdnoticias.com\/index.php\/wp-json\/wp\/v2\/tags?post=6487"}],"curies":[{"name":"wp","href":"https:\/\/api.w.org\/{rel}","templated":true}]}}