{"id":64836,"date":"2022-09-14T10:17:16","date_gmt":"2022-09-14T13:17:16","guid":{"rendered":"https:\/\/www.centraldenoticias.com.ar\/?p=64836"},"modified":"2022-09-14T10:33:33","modified_gmt":"2022-09-14T13:33:33","slug":"allanamientos-por-el-violento-robo-a-un-hombre-en-villa-mi-serrania","status":"publish","type":"post","link":"https:\/\/cdnoticias.com\/index.php\/2022\/09\/14\/allanamientos-por-el-violento-robo-a-un-hombre-en-villa-mi-serrania\/","title":{"rendered":"Allanamientos por el violento robo a un hombre en Villa Mi Serran\u00eda"},"content":{"rendered":"<p><span style=\"font-family: Arial, sans-serif;\">Los operativos se concretaron en domicilios de Olavarr\u00eda y Loma Negra. Secuestraron elementos de inter\u00e9s y se avanza en la causa.<\/span><\/p>\n<p><!--more--><\/p>\n<hr \/>\n<p><span style=\"font-family: Arial, sans-serif;\">Un amplio operativo policial se despleg\u00f3 para realizar dos allanamientos en el marco de la causa que investiga el robo y ataque a un hombre en su vivienda en Villa Mi Serran\u00eda. <a href=\"https:\/\/cdnoticias.com\/index.php\/2022\/09\/11\/dos-hipotesis-para-el-violento-robo-en-villa-mi-serrania-habria-un-atacante-identificado\/\" target=\"_blank\" rel=\"noopener\">El hecho ocurri\u00f3 el pasado viernes y la v\u00edctima de 37 a\u00f1os result\u00f3 con cuatro heridas de bala.<\/a><\/span><\/p>\n<p>&nbsp;<\/p>\n<p><span style=\"font-family: Arial, sans-serif;\">Se inform\u00f3 que personal policial de la subcomisar\u00eda de Loma Negra, comisar\u00eda Primera y Segunda, subcomisar\u00edas de Hinojo y Sierras Bayas, puesto de vigilancia de Santa Luisa y Polic\u00eda Local llevaron adelante los operativos tras la orden otorgada por el Juzgado de Garant\u00edas N\u00b01.<\/span><\/p>\n<p>&nbsp;<\/p>\n<blockquote><p><span style=\"font-family: Arial, sans-serif;\">Fueron allanados un domicilio en Olavarr\u00eda, ubicado en Guisasola al 4300 y una vivienda en Loma Negra donde se secuestraron tres tel\u00e9fonos celulares, proyectiles calibre 0.38 y prendas de vestir.<\/span><\/p><\/blockquote>\n<p><img data-recalc-dims=\"1\" loading=\"lazy\" decoding=\"async\" class=\"aligncenter size-full wp-image-64839\" src=\"https:\/\/i0.wp.com\/cdnoticias.com\/wp-content\/uploads\/2022\/09\/allanamiento-robo-villa-mi-serrania-02.jpeg?resize=800%2C429&#038;ssl=1\" alt=\"\" width=\"800\" height=\"429\" srcset=\"https:\/\/i0.wp.com\/cdnoticias.com\/wp-content\/uploads\/2022\/09\/allanamiento-robo-villa-mi-serrania-02.jpeg?w=1600&amp;ssl=1 1600w, https:\/\/i0.wp.com\/cdnoticias.com\/wp-content\/uploads\/2022\/09\/allanamiento-robo-villa-mi-serrania-02.jpeg?resize=300%2C161&amp;ssl=1 300w, https:\/\/i0.wp.com\/cdnoticias.com\/wp-content\/uploads\/2022\/09\/allanamiento-robo-villa-mi-serrania-02.jpeg?resize=1024%2C549&amp;ssl=1 1024w, https:\/\/i0.wp.com\/cdnoticias.com\/wp-content\/uploads\/2022\/09\/allanamiento-robo-villa-mi-serrania-02.jpeg?resize=768%2C412&amp;ssl=1 768w, https:\/\/i0.wp.com\/cdnoticias.com\/wp-content\/uploads\/2022\/09\/allanamiento-robo-villa-mi-serrania-02.jpeg?resize=1536%2C824&amp;ssl=1 1536w\" sizes=\"auto, (max-width: 800px) 100vw, 800px\" \/><\/p>\n<p>&nbsp;<\/p>\n<p><span style=\"font-family: Arial, sans-serif;\">Los elementos secuestrados fueron trasladados a la subcomisar\u00eda de Loma Negra y se iniciaron las actuaciones de rigor para las personas que se encontraban en las viviendas allanadas.<\/span><\/p>\n<p>&nbsp;<\/p>\n<p><span style=\"font-family: Arial, sans-serif;\">El hecho est\u00e1 caratulado como \u201crobo agravado por el uso de arma y fuego y por el resultado de lesiones y su comisi\u00f3n en poblado y en banda\u201d.<strong> Interviene la UFI N\u00ba 7 a cargo del doctor Christian Urlezaga. <\/strong><\/span><\/p>\n","protected":false},"excerpt":{"rendered":"<p>Los operativos se concretaron en domicilios de Olavarr\u00eda y Loma Negra. Secuestraron elementos de inter\u00e9s y se avanza en la<\/p>\n","protected":false},"author":5,"featured_media":64837,"comment_status":"closed","ping_status":"closed","sticky":false,"template":"","format":"standard","meta":{"_jetpack_memberships_contains_paid_content":false,"footnotes":""},"categories":[14,1],"tags":[],"class_list":["post-64836","post","type-post","status-publish","format-standard","has-post-thumbnail","hentry","category-policiales","category-portada"],"jetpack_featured_media_url":"https:\/\/i0.wp.com\/cdnoticias.com\/wp-content\/uploads\/2022\/09\/allanamiento-robo-villa-mi-serrania-01.jpeg?fit=1600%2C762&ssl=1","jetpack_sharing_enabled":true,"_links":{"self":[{"href":"https:\/\/cdnoticias.com\/index.php\/wp-json\/wp\/v2\/posts\/64836","targetHints":{"allow":["GET"]}}],"collection":[{"href":"https:\/\/cdnoticias.com\/index.php\/wp-json\/wp\/v2\/posts"}],"about":[{"href":"https:\/\/cdnoticias.com\/index.php\/wp-json\/wp\/v2\/types\/post"}],"author":[{"embeddable":true,"href":"https:\/\/cdnoticias.com\/index.php\/wp-json\/wp\/v2\/users\/5"}],"replies":[{"embeddable":true,"href":"https:\/\/cdnoticias.com\/index.php\/wp-json\/wp\/v2\/comments?post=64836"}],"version-history":[{"count":0,"href":"https:\/\/cdnoticias.com\/index.php\/wp-json\/wp\/v2\/posts\/64836\/revisions"}],"wp:featuredmedia":[{"embeddable":true,"href":"https:\/\/cdnoticias.com\/index.php\/wp-json\/wp\/v2\/media\/64837"}],"wp:attachment":[{"href":"https:\/\/cdnoticias.com\/index.php\/wp-json\/wp\/v2\/media?parent=64836"}],"wp:term":[{"taxonomy":"category","embeddable":true,"href":"https:\/\/cdnoticias.com\/index.php\/wp-json\/wp\/v2\/categories?post=64836"},{"taxonomy":"post_tag","embeddable":true,"href":"https:\/\/cdnoticias.com\/index.php\/wp-json\/wp\/v2\/tags?post=64836"}],"curies":[{"name":"wp","href":"https:\/\/api.w.org\/{rel}","templated":true}]}}