{"id":64799,"date":"2022-09-13T11:40:35","date_gmt":"2022-09-13T14:40:35","guid":{"rendered":"https:\/\/www.centraldenoticias.com.ar\/?p=64799"},"modified":"2022-09-13T14:08:30","modified_gmt":"2022-09-13T17:08:30","slug":"paro-en-el-popular-hay-cansancio-y-hartazgo-ante-la-falta-de-pago","status":"publish","type":"post","link":"https:\/\/cdnoticias.com\/index.php\/2022\/09\/13\/paro-en-el-popular-hay-cansancio-y-hartazgo-ante-la-falta-de-pago\/","title":{"rendered":"Paro en El Popular: \u201chay cansancio y hartazgo ante la falta de pago\u201d"},"content":{"rendered":"<p>As\u00ed lo afirm\u00f3 el referente de la Asociaci\u00f3n de Periodistas Andres Pellegrini en di\u00e1logo con Central de Noticias. La medida se toma en medio de los rumores de venta de la empresa.<!--more--><\/p>\n<hr \/>\n<p>Los gremios que nuclean a los trabajadores de prensa, televisi\u00f3n y gr\u00e1ficos de El Popular Medios iniciaron un <a href=\"https:\/\/cdnoticias.com\/index.php\/2022\/09\/13\/trabajadores-de-el-popular-realizan-un-paro-total-por-tiempo-indeterminado\/\" target=\"_blank\" rel=\"noopener\">paro total de actividades.<\/a> <strong>Andr\u00e9s Pellegrini, referente de la Asociaci\u00f3n de Periodistas<\/strong>, indic\u00f3 que la medida se toma luego de la asamblea concretada durante la tarde del lunes <strong>\u201cante la falta de respuestas del pago salarial del mes de agosto y la deuda del 20% del mes de julio\u201d.<\/strong><\/p>\n<p>&nbsp;<\/p>\n<p>Este paro <strong>\u201cimplica que el diario no salga, que no se emitan los noticieros, que se levanten los programas de radio. Lo \u00fanico que puede llegar a tener actividad es la p\u00e1gina web porque hay pasantes de la Facultad de Ciencias Sociales que podr\u00edan cumplir con la tarea\u201d<\/strong>, se\u00f1al\u00f3 Pellegrini.<\/p>\n<p>&nbsp;<\/p>\n<p>Resalt\u00f3 que<strong> \u201ces la primera vez en la historia\u201d<\/strong> que se produce la falta total del pago de los haberes correspondientes a un mes y que se da en el marco <strong>\u201cde las negociaciones entre los actuales propietarios y el posible comprador, que ser\u00eda Lucas Torres\u201d.<\/strong><\/p>\n<p>&nbsp;<\/p>\n<p>Por otra parte, cont\u00f3 que las y los trabajadores tienen \u201csensaciones encontradas\u201d ante este momento que les toca atravesar.<\/p>\n<p>&nbsp;<\/p>\n<p>\u201cPor un lado, hay cansancio y hartazgo ante la falta de pago, por el otro, much\u00edsima bronca porque nadie da la cara y tercero el hecho que uno observa movimientos extra\u00f1os dentro de la empresa, como la presencia del posible comprador a cualquier horario sin ser quien es el due\u00f1o en los papeles. Y quienes tienen que dar la informaci\u00f3n o responder ante esto no la dan, <strong>no hay voz oficial<\/strong>\u201d.<\/p>\n<p>&nbsp;<\/p>\n<figure id=\"attachment_64801\" aria-describedby=\"caption-attachment-64801\" style=\"width: 800px\" class=\"wp-caption aligncenter\"><img data-recalc-dims=\"1\" loading=\"lazy\" decoding=\"async\" class=\"size-full wp-image-64801\" src=\"https:\/\/i0.wp.com\/cdnoticias.com\/wp-content\/uploads\/2022\/09\/paro-el-popular-0.jpg?resize=800%2C445&#038;ssl=1\" alt=\"\" width=\"800\" height=\"445\" srcset=\"https:\/\/i0.wp.com\/cdnoticias.com\/wp-content\/uploads\/2022\/09\/paro-el-popular-0.jpg?w=800&amp;ssl=1 800w, https:\/\/i0.wp.com\/cdnoticias.com\/wp-content\/uploads\/2022\/09\/paro-el-popular-0.jpg?resize=300%2C167&amp;ssl=1 300w, https:\/\/i0.wp.com\/cdnoticias.com\/wp-content\/uploads\/2022\/09\/paro-el-popular-0.jpg?resize=768%2C427&amp;ssl=1 768w\" sizes=\"auto, (max-width: 800px) 100vw, 800px\" \/><figcaption id=\"caption-attachment-64801\" class=\"wp-caption-text\">Durante el turno de la ma\u00f1ana trabajadores de distintas \u00e1reas sostuvieron la medida de fuerza.<\/figcaption><\/figure>\n<p>&nbsp;<\/p>\n<p><strong>La posible venta del multimedio<\/strong><\/p>\n<p>&nbsp;<\/p>\n<p>Por estas horas, la situaci\u00f3n de<strong> incertidumbre<\/strong> repercute en los trabajadores de prensa de El Popular. Pellegrini explic\u00f3 que \u201cLucas Torres ha dicho que \u00e9l quiere hacer efectivo el pago pero que no tiene el respaldo legal para concretarlo porque hay un problema con los libros contables que est\u00e1n desactualizados\u201d.<\/p>\n<p>&nbsp;<\/p>\n<p>\u201cSupuestamente van a estar listos para hoy y eso <strong>podr\u00eda provocar que se adelante la fecha de entrega de la empresa.<\/strong> Todo esto de acuerdo a lo que sostiene Lucas Torres\u201d, aclar\u00f3 y agreg\u00f3: <strong>\u201cSe har\u00eda cargo a partir del 16 del mes y si no se pagan los sueldos antes de esa fecha ni bien asume paga todo. Esa es su respuesta\u201d.<\/strong><\/p>\n<p>&nbsp;<\/p>\n<p>Por \u00faltimo, asegur\u00f3 que \u201cen caso de que durante la jornada m\u00e1gicamente aparezca el dep\u00f3sito total de los salarios\u201d la medida se levantar\u00e1.<\/p>\n","protected":false},"excerpt":{"rendered":"<p>As\u00ed lo afirm\u00f3 el referente de la Asociaci\u00f3n de Periodistas Andres Pellegrini en di\u00e1logo con Central de Noticias. La medida<\/p>\n","protected":false},"author":5,"featured_media":64802,"comment_status":"closed","ping_status":"closed","sticky":false,"template":"","format":"standard","meta":{"_jetpack_memberships_contains_paid_content":false,"footnotes":""},"categories":[5,1],"tags":[],"class_list":["post-64799","post","type-post","status-publish","format-standard","has-post-thumbnail","hentry","category-informacion-general","category-portada"],"jetpack_featured_media_url":"https:\/\/i0.wp.com\/cdnoticias.com\/wp-content\/uploads\/2022\/09\/paro-elpopular.jpg?fit=1600%2C960&ssl=1","jetpack_sharing_enabled":true,"_links":{"self":[{"href":"https:\/\/cdnoticias.com\/index.php\/wp-json\/wp\/v2\/posts\/64799","targetHints":{"allow":["GET"]}}],"collection":[{"href":"https:\/\/cdnoticias.com\/index.php\/wp-json\/wp\/v2\/posts"}],"about":[{"href":"https:\/\/cdnoticias.com\/index.php\/wp-json\/wp\/v2\/types\/post"}],"author":[{"embeddable":true,"href":"https:\/\/cdnoticias.com\/index.php\/wp-json\/wp\/v2\/users\/5"}],"replies":[{"embeddable":true,"href":"https:\/\/cdnoticias.com\/index.php\/wp-json\/wp\/v2\/comments?post=64799"}],"version-history":[{"count":0,"href":"https:\/\/cdnoticias.com\/index.php\/wp-json\/wp\/v2\/posts\/64799\/revisions"}],"wp:featuredmedia":[{"embeddable":true,"href":"https:\/\/cdnoticias.com\/index.php\/wp-json\/wp\/v2\/media\/64802"}],"wp:attachment":[{"href":"https:\/\/cdnoticias.com\/index.php\/wp-json\/wp\/v2\/media?parent=64799"}],"wp:term":[{"taxonomy":"category","embeddable":true,"href":"https:\/\/cdnoticias.com\/index.php\/wp-json\/wp\/v2\/categories?post=64799"},{"taxonomy":"post_tag","embeddable":true,"href":"https:\/\/cdnoticias.com\/index.php\/wp-json\/wp\/v2\/tags?post=64799"}],"curies":[{"name":"wp","href":"https:\/\/api.w.org\/{rel}","templated":true}]}}