{"id":64781,"date":"2022-09-13T09:48:40","date_gmt":"2022-09-13T12:48:40","guid":{"rendered":"https:\/\/www.centraldenoticias.com.ar\/?p=64781"},"modified":"2022-09-13T10:29:46","modified_gmt":"2022-09-13T13:29:46","slug":"este-miercoles-nuevo-operativo-de-documentacion-del-renaper","status":"publish","type":"post","link":"https:\/\/cdnoticias.com\/index.php\/2022\/09\/13\/este-miercoles-nuevo-operativo-de-documentacion-del-renaper\/","title":{"rendered":"Este mi\u00e9rcoles, nuevo operativo de documentaci\u00f3n del Renaper"},"content":{"rendered":"<p>En el marco de una nueva jornada de \u201cEl Estado Cerca Tuyo\u201d con organismos nacionales y provinciales, la atenci\u00f3n se brindar\u00e1 en el Sal\u00f3n de la Sociedad de Fomento Amparo Castro.<!--more--><\/p>\n<hr \/>\n<p><strong>Este mi\u00e9rcoles se realizar\u00e1 una nueva edici\u00f3n de \u201cEl Estado Cerca Tuyo\u201d<\/strong> y en ese marco <strong>el Registro Nacional de las Personas (RENAPER) estar\u00e1 en la Sociedad de Fomento Amparo Castro<\/strong>.<\/p>\n<p>&nbsp;<\/p>\n<p>El RENAPER realizar\u00e1 un nuevo <strong>operativo de documentaci\u00f3n<\/strong> este mi\u00e9rcoles en el sal\u00f3n de Aguilar entre V\u00e9lez Sarsfield y Del Valle,<strong> de 10 a 13 horas<\/strong>.<\/p>\n<p>&nbsp;<\/p>\n<p>Por disposici\u00f3n del Ministerio del Interior, el Registro Nacional de las Personas desarrollar\u00e1 un operativo territorial en nuestro distrito para que vecinos y vecinas puedan<strong> tramitar el DNI por robo, p\u00e9rdida, cambio de domicilio, actualizaciones de menor<\/strong> (de 5 a 8 a\u00f1os), <strong>actualizaciones de mayor<\/strong> (14 a\u00f1os), <strong>rectificaci\u00f3n, reposici\u00f3n<\/strong>. Tambi\u00e9n podr\u00e1n <strong>solicitar Pasaporte y CPI<\/strong> (certificado de pre identificaci\u00f3n).<\/p>\n<p>&nbsp;<\/p>\n<p>Adem\u00e1s el mi\u00e9rcoles estar\u00e1n presentes tambi\u00e9n <em>Ministerio de Trabajo PBA, Ministerio de Mujeres, G\u00e9neros y Diversidad PBA, Acceso a la Justicia, ANSES, IOMA, Defensor\u00eda del Pueblo, Desarrollo Social de Naci\u00f3n, Hospital Oncol\u00f3gico<\/em>; y durante las dos jornadas desde <strong>Regi\u00f3n Sanitaria IX estar\u00e1n realizando vacunaci\u00f3n COVID y de calendario<\/strong>.<\/p>\n<p>&nbsp;<\/p>\n","protected":false},"excerpt":{"rendered":"<p>En el marco de una nueva jornada de \u201cEl Estado Cerca Tuyo\u201d con organismos nacionales y provinciales, la atenci\u00f3n se<\/p>\n","protected":false},"author":4,"featured_media":21478,"comment_status":"closed","ping_status":"closed","sticky":false,"template":"","format":"standard","meta":{"_jetpack_memberships_contains_paid_content":false,"footnotes":""},"categories":[5,1],"tags":[],"class_list":["post-64781","post","type-post","status-publish","format-standard","has-post-thumbnail","hentry","category-informacion-general","category-portada"],"jetpack_featured_media_url":"https:\/\/i0.wp.com\/cdnoticias.com\/wp-content\/uploads\/2021\/05\/renaper-01-800x445.jpg?fit=800%2C445&ssl=1","jetpack_sharing_enabled":true,"_links":{"self":[{"href":"https:\/\/cdnoticias.com\/index.php\/wp-json\/wp\/v2\/posts\/64781","targetHints":{"allow":["GET"]}}],"collection":[{"href":"https:\/\/cdnoticias.com\/index.php\/wp-json\/wp\/v2\/posts"}],"about":[{"href":"https:\/\/cdnoticias.com\/index.php\/wp-json\/wp\/v2\/types\/post"}],"author":[{"embeddable":true,"href":"https:\/\/cdnoticias.com\/index.php\/wp-json\/wp\/v2\/users\/4"}],"replies":[{"embeddable":true,"href":"https:\/\/cdnoticias.com\/index.php\/wp-json\/wp\/v2\/comments?post=64781"}],"version-history":[{"count":0,"href":"https:\/\/cdnoticias.com\/index.php\/wp-json\/wp\/v2\/posts\/64781\/revisions"}],"wp:featuredmedia":[{"embeddable":true,"href":"https:\/\/cdnoticias.com\/index.php\/wp-json\/wp\/v2\/media\/21478"}],"wp:attachment":[{"href":"https:\/\/cdnoticias.com\/index.php\/wp-json\/wp\/v2\/media?parent=64781"}],"wp:term":[{"taxonomy":"category","embeddable":true,"href":"https:\/\/cdnoticias.com\/index.php\/wp-json\/wp\/v2\/categories?post=64781"},{"taxonomy":"post_tag","embeddable":true,"href":"https:\/\/cdnoticias.com\/index.php\/wp-json\/wp\/v2\/tags?post=64781"}],"curies":[{"name":"wp","href":"https:\/\/api.w.org\/{rel}","templated":true}]}}