{"id":6477,"date":"2020-11-14T10:54:57","date_gmt":"2020-11-14T13:54:57","guid":{"rendered":"http:\/\/www.centraldenoticias.com.ar\/?p=6477"},"modified":"2020-11-14T10:54:57","modified_gmt":"2020-11-14T13:54:57","slug":"la-madrid-producira-cannabis-medicinal-estatal","status":"publish","type":"post","link":"https:\/\/cdnoticias.com\/index.php\/2020\/11\/14\/la-madrid-producira-cannabis-medicinal-estatal\/","title":{"rendered":"La Madrid producir\u00e1 cannabis medicinal \u201cestatal\u201d"},"content":{"rendered":"<p>Si bien ya hab\u00eda sido regulado por ordenanza municipal, el decreto nacional emitido esta semana permiti\u00f3 avanzar de forma m\u00e1s r\u00e1pida en la producci\u00f3n de cannabis en un predio del Parque Industrial de la vecina ciudad.<!--more--><\/p>\n<hr \/>\n<p>Tras la publicaci\u00f3n del <a href=\"https:\/\/cdnoticias.com\/index.php\/2020\/11\/12\/el-gobierno-autorizo-el-autocultivo-para-cannabis-de-uso-medicinal\/\" target=\"_blank\" rel=\"noopener\">decreto emitido por Alberto Fern\u00e1ndez que regula la producci\u00f3n y consumo de cannabis con fines medicinales<\/a>,<strong> La Madrid dio un nuevo paso y confirm\u00f3 que realizar\u00e1 su producci\u00f3n \u201cestatal\u201d.<\/strong><\/p>\n<p>&nbsp;<\/p>\n<p><strong>En 2018 hab\u00edan aprobado una ordenanza que habilitaba a producir cannabis medicinal, pero nunca la hab\u00eda puesto en pr\u00e1ctica dados los \u201cgrises\u201d que hab\u00eda en la regulaci\u00f3n nacional.<\/strong> Con el decreto publicado, avanzar\u00e1 finalmente ahora con la fabricaci\u00f3n del aceite en un predio propio y se convertir\u00e1 en la primera de la provincia de Buenos Aires en dar ese paso.<\/p>\n<p>&nbsp;<\/p>\n<blockquote><p>El predio donde plantar\u00e1n el cannabis, ubicado en el parque industrial, es de 80 por 40 metros de magnitud y est\u00e1 rodeado por una doble alambrada perimetral, adem\u00e1s de custodiado por guardia permanente y grandes torres de iluminaci\u00f3n, para evitar hurtos.<\/p><\/blockquote>\n<p>&nbsp;<\/p>\n<p>Quien dictamin\u00f3 estas regulaciones fue el intendente de la vecina ciudad, Mart\u00edn Randazzo, quien es m\u00e9dico y hab\u00eda impulsado la ordenanza aprobada por el Concejo Deliberante de La Madrid. En su explicaci\u00f3n, se\u00f1al\u00f3 que<strong> las ventajas de la producci\u00f3n local son muchas: no solo los habitantes van a acceder de manera m\u00e1s r\u00e1pida y barata al producto, sino que se podr\u00eda constituir un polo productivo en torno a la plata y el aceite que aportar\u00eda ingresos importantes al fisco de la ciudad y varios puestos de trabajo.<\/strong><\/p>\n<p>&nbsp;<\/p>\n<p>Puntualmente, la nueva reglamentaci\u00f3n promueve <em>\u201cla creaci\u00f3n de una red de laboratorios p\u00fablicos y privados asociados que garanticen el control de los derivados producidos\u201d<\/em>. La norma establece adem\u00e1s que las obras sociales, el Estado y las prepagas \u201cgaranticen\u201d el acceso y permite que se comercialice en farmacias.<\/p>\n<p>&nbsp;<\/p>\n<p>Uno de los puntos m\u00e1s salientes del decreto que reglament\u00f3 nuevamente la ley \u2013la reglamentaci\u00f3n anterior, de 2017, era tan restrictiva que directamente imped\u00eda el acceso a casi todos- en<strong> la autorizaci\u00f3n de cultivo para uso personal y redes a usuarios, investigadores y pacientes que se inscriban en Registro del Programa Nacional de Cannabis (REPROCANN).<\/strong><\/p>\n","protected":false},"excerpt":{"rendered":"<p>Si bien ya hab\u00eda sido regulado por ordenanza municipal, el decreto nacional emitido esta semana permiti\u00f3 avanzar de forma m\u00e1s<\/p>\n","protected":false},"author":2,"featured_media":6478,"comment_status":"closed","ping_status":"closed","sticky":false,"template":"","format":"standard","meta":{"_jetpack_memberships_contains_paid_content":false,"footnotes":""},"categories":[6,1],"tags":[],"class_list":["post-6477","post","type-post","status-publish","format-standard","has-post-thumbnail","hentry","category-nacionales","category-portada"],"jetpack_featured_media_url":"https:\/\/i0.wp.com\/cdnoticias.com\/wp-content\/uploads\/2020\/11\/marihuana-medicinal.jpg?fit=980%2C654&ssl=1","jetpack_sharing_enabled":true,"_links":{"self":[{"href":"https:\/\/cdnoticias.com\/index.php\/wp-json\/wp\/v2\/posts\/6477","targetHints":{"allow":["GET"]}}],"collection":[{"href":"https:\/\/cdnoticias.com\/index.php\/wp-json\/wp\/v2\/posts"}],"about":[{"href":"https:\/\/cdnoticias.com\/index.php\/wp-json\/wp\/v2\/types\/post"}],"author":[{"embeddable":true,"href":"https:\/\/cdnoticias.com\/index.php\/wp-json\/wp\/v2\/users\/2"}],"replies":[{"embeddable":true,"href":"https:\/\/cdnoticias.com\/index.php\/wp-json\/wp\/v2\/comments?post=6477"}],"version-history":[{"count":0,"href":"https:\/\/cdnoticias.com\/index.php\/wp-json\/wp\/v2\/posts\/6477\/revisions"}],"wp:featuredmedia":[{"embeddable":true,"href":"https:\/\/cdnoticias.com\/index.php\/wp-json\/wp\/v2\/media\/6478"}],"wp:attachment":[{"href":"https:\/\/cdnoticias.com\/index.php\/wp-json\/wp\/v2\/media?parent=6477"}],"wp:term":[{"taxonomy":"category","embeddable":true,"href":"https:\/\/cdnoticias.com\/index.php\/wp-json\/wp\/v2\/categories?post=6477"},{"taxonomy":"post_tag","embeddable":true,"href":"https:\/\/cdnoticias.com\/index.php\/wp-json\/wp\/v2\/tags?post=6477"}],"curies":[{"name":"wp","href":"https:\/\/api.w.org\/{rel}","templated":true}]}}