{"id":64759,"date":"2022-09-12T20:21:26","date_gmt":"2022-09-12T23:21:26","guid":{"rendered":"https:\/\/www.centraldenoticias.com.ar\/?p=64759"},"modified":"2022-09-13T09:48:54","modified_gmt":"2022-09-13T12:48:54","slug":"tras-aducir-falta-de-subsidios-en-la-tarifa-social-del-agua-coopelectric-ira-al-hcd-a-pedir-aumento","status":"publish","type":"post","link":"https:\/\/cdnoticias.com\/index.php\/2022\/09\/12\/tras-aducir-falta-de-subsidios-en-la-tarifa-social-del-agua-coopelectric-ira-al-hcd-a-pedir-aumento\/","title":{"rendered":"Tras aducir \u201cfalta de subsidios\u201d en la tarifa social del Agua, Coopelectric ir\u00e1 al HCD a pedir aumento"},"content":{"rendered":"<p>Ingresar\u00e1 un proyecto en el que solicitar\u00e1 una suba de tarifa \u201cimportant\u00edsima\u201d. Explicaron que la Cooperativa \u201cno depende de ninguna entidad bonaerense o nacional\u201d y el 25% de los usuarios tienen tarifa social. \u201cEso no lo subsidia nadie y se complejiza brindar el servicio con calidad\u201d. <!--more--><\/p>\n<hr \/>\n<p>En el marco de un debate que comenzar\u00e1 en el Concejo Deliberante desde los pr\u00f3ximos d\u00edas, <strong>Coopelectric enviar\u00e1 un pedido de suba de tarifa en el servicio de Agua aduciendo \u201cfalta de subsidios\u201d en los usuarios que tienen tarifa social.<\/strong><\/p>\n<p>&nbsp;<\/p>\n<p><strong>El pedido, que ingresar\u00e1 al Concejo Deliberante en los pr\u00f3ximos d\u00edas, ser\u00eda de un incremento tarifario \u201cimportant\u00edsimo\u201d<\/strong> dado que \u201cdesde el 2020 no hay un aumento\u201d expresaron desde la entidad a <strong>Central de Noticias.<\/strong> Incluso, se\u00f1alaron que en los \u00faltimos 10 a\u00f1os hubo <em>\u201cs\u00f3lo tres aumentos de tarifa, que si se compara con la inflaci\u00f3n hay un desfasaje important\u00edsimo\u201d.<\/em><\/p>\n<p>&nbsp;<\/p>\n<p>Un dato a tener en cuenta es que <strong>como la concesi\u00f3n es municipal, no recibe subsidios como s\u00ed sucede con otras prestatarias como AySA (nacional) o ABSA (provincial).<\/strong> <em>\u201cHace algunos d\u00edas incluso las entidades solicitaron y aprobaron aumentos por la situaci\u00f3n inflacionaria, <strong>en Olavarr\u00eda no tenemos subsidios y tampoco aumento de tarifas<\/strong>\u201d<\/em> expresaron a este medio.<\/p>\n<p>&nbsp;<\/p>\n<p>Si se traslada a la distribuci\u00f3n subsidiaria<em> \u201cla propia Malena Galmarini dej\u00f3 en claro que, con el plan de subsidios, el usuario dentro de AySA paga 30% tarifa, que tiene el 70% subsidiado. Aqu\u00ed en Coopelectric no pasa eso, pero adem\u00e1s no aumenta la tarifa, por lo que la situaci\u00f3n econ\u00f3mica es inviable\u201d.<\/em><\/p>\n<p>&nbsp;<\/p>\n<p>Expresaron, en tanto, que<strong> la falta de incrementos en la tarifa comenz\u00f3 a repercutir en la calidad del servicio<\/strong>. <em>\u201cEst\u00e1 impactando fuertemente en el \u00e1rea de mantenimiento del servicio. Se empieza a dejar de lado porque no podemos sostenerlo econ\u00f3micamente, tenemos que orientar fondos hacia salarios u otros costos y as\u00ed se complejiza la situaci\u00f3n. Es un servicio con est\u00e1ndares de calidad de los m\u00e1s altos y no queremos que la falta de subas impacte, los usuarios son los perjudicados\u201d.<\/em><\/p>\n<p>&nbsp;<\/p>\n<p>Se explic\u00f3 que<strong> el mecanismo de tarifa social en el servicio de Obras Sanitarias es algo a lo que Coopelectric adhiri\u00f3 de forma voluntaria.<\/strong> Funciona, en este sentido, con el padr\u00f3n de aquellos que poseen tarifa social en la Energ\u00eda El\u00e9ctrica y los medidores a nombre del mismo usuario.<em> \u201cLa diferencia es que en la Energ\u00eda El\u00e9ctrica la Provincia subsidia a aquellos que est\u00e1n dentro de la Tarifa Social. En el Agua, ni Naci\u00f3n, ni Provincia ni el Municipio pagan esa diferencia que absorbe la Cooperativa\u201d.<\/em><\/p>\n<p>&nbsp;<\/p>\n<p>Adem\u00e1s, <strong>el incremento solicitado impactar\u00eda de forma positiva en el Fondo de Obras de Infraestructura (FOI),<\/strong> que es un porcentaje de lo cobrado en la factura:<em> \u201cde esta forma podr\u00edamos avanzar en hacer trabajos de Obras Sanitarias como lo hemos hecho en la Planta de Tratamientos de L\u00edquidos Cloacales, por mencionar algunos logros realizados con el FOI\u201d.<\/em><\/p>\n<p>&nbsp;<\/p>\n<p>Un dato a tener en cuenta es que, m\u00e1s all\u00e1 del pedido,<strong> Coopelectric deber\u00e1 realizar la Audiencia P\u00fablica presentando la suba, y all\u00ed usuarios, asociaciones, funcionarios o dirigentes podr\u00e1n expresarse a favor o en contra.<\/strong> En el servicio de Obras Sanitarias, dicha audiencia es <strong>obligatoria pero no es vinculante.<\/strong><\/p>\n","protected":false},"excerpt":{"rendered":"<p>Ingresar\u00e1 un proyecto en el que solicitar\u00e1 una suba de tarifa \u201cimportant\u00edsima\u201d. Explicaron que la Cooperativa \u201cno depende de ninguna<\/p>\n","protected":false},"author":2,"featured_media":453,"comment_status":"closed","ping_status":"closed","sticky":false,"template":"","format":"standard","meta":{"_jetpack_memberships_contains_paid_content":false,"footnotes":""},"categories":[5,1],"tags":[],"class_list":["post-64759","post","type-post","status-publish","format-standard","has-post-thumbnail","hentry","category-informacion-general","category-portada"],"jetpack_featured_media_url":"https:\/\/i0.wp.com\/cdnoticias.com\/wp-content\/uploads\/2020\/09\/DSC_8512.jpg?fit=4608%2C3072&ssl=1","jetpack_sharing_enabled":true,"_links":{"self":[{"href":"https:\/\/cdnoticias.com\/index.php\/wp-json\/wp\/v2\/posts\/64759","targetHints":{"allow":["GET"]}}],"collection":[{"href":"https:\/\/cdnoticias.com\/index.php\/wp-json\/wp\/v2\/posts"}],"about":[{"href":"https:\/\/cdnoticias.com\/index.php\/wp-json\/wp\/v2\/types\/post"}],"author":[{"embeddable":true,"href":"https:\/\/cdnoticias.com\/index.php\/wp-json\/wp\/v2\/users\/2"}],"replies":[{"embeddable":true,"href":"https:\/\/cdnoticias.com\/index.php\/wp-json\/wp\/v2\/comments?post=64759"}],"version-history":[{"count":0,"href":"https:\/\/cdnoticias.com\/index.php\/wp-json\/wp\/v2\/posts\/64759\/revisions"}],"wp:featuredmedia":[{"embeddable":true,"href":"https:\/\/cdnoticias.com\/index.php\/wp-json\/wp\/v2\/media\/453"}],"wp:attachment":[{"href":"https:\/\/cdnoticias.com\/index.php\/wp-json\/wp\/v2\/media?parent=64759"}],"wp:term":[{"taxonomy":"category","embeddable":true,"href":"https:\/\/cdnoticias.com\/index.php\/wp-json\/wp\/v2\/categories?post=64759"},{"taxonomy":"post_tag","embeddable":true,"href":"https:\/\/cdnoticias.com\/index.php\/wp-json\/wp\/v2\/tags?post=64759"}],"curies":[{"name":"wp","href":"https:\/\/api.w.org\/{rel}","templated":true}]}}