{"id":64754,"date":"2022-09-12T19:23:50","date_gmt":"2022-09-12T22:23:50","guid":{"rendered":"https:\/\/www.centraldenoticias.com.ar\/?p=64754"},"modified":"2022-09-12T20:21:35","modified_gmt":"2022-09-12T23:21:35","slug":"sierras-bayas-70-familias-se-reunieron-para-visibilizar-la-problematica-habitacional","status":"publish","type":"post","link":"https:\/\/cdnoticias.com\/index.php\/2022\/09\/12\/sierras-bayas-70-familias-se-reunieron-para-visibilizar-la-problematica-habitacional\/","title":{"rendered":"Sierras Bayas: 70 familias se reunieron para \u201cvisibilizar la problem\u00e1tica habitacional\u201d"},"content":{"rendered":"<p>Realizar\u00e1n un relevamiento para \u201cver qui\u00e9n realmente necesita vivienda en la localidad\u201d. Estimaron que existen \u201cmuchas familias m\u00e1s\u201d. Hubo vecinos presentes beneficiarios del barrio ETA. <!--more--><\/p>\n<hr \/>\n<p>En el marco de la <strong>profunda problem\u00e1tica habitacional en todo el Partido \u2013fen\u00f3meno que no escapa a la Provincia y el Pa\u00eds- alrededor de 70 familias se reunieron en el Instituto Privado de Sierras Bayas para realizar un relevamiento que determine \u201ccu\u00e1ntas familias necesitan una vivienda\u201d en la localidad.<\/strong><\/p>\n<p>&nbsp;<\/p>\n<p>Muchas de estas familias pertenecen al programa de vivienda que se iba a realizar en los terrenos de la empresa ETA, cuyos tr\u00e1mites de sesi\u00f3n a\u00fan se encuentran sin soluci\u00f3n para que los vecinos puedan construir all\u00ed. <a href=\"https:\/\/cdnoticias.com\/index.php\/2022\/08\/25\/terrenos-de-eta-no-hay-ningun-avance-del-municipio-con-el-expediente-de-las-viviendas\/\" target=\"_blank\" rel=\"noopener\">Hace algunas semanas, incluso, relizaron una manifestaci\u00f3n en el recinto del HCD ubicado en la Sociedad Espa\u00f1ola.<\/a><\/p>\n<p>&nbsp;<\/p>\n<p>Cabe se\u00f1alar que<strong> el relevamiento se realizar\u00e1 a medida que avances dichos encuentros y desde la organizaci\u00f3n del encuentro se indic\u00f3 que m\u00e1s all\u00e1 de la importante convocatoria \u2013alrededor de 70 familias- <em>\u201cdebe haber muchas m\u00e1s que por distintas razones no pudieron acudir\u201d.<\/em><\/strong><\/p>\n<p>&nbsp;<\/p>\n<blockquote><p>La intenci\u00f3n, a su vez, es cuantificar y \u201cvisibilizar la problem\u00e1tica habitacional de Sierras Bayas\u201d.<\/p><\/blockquote>\n<p>&nbsp;<\/p>\n<p>Finalmente,<strong> adelantaron que en las pr\u00f3ximas horas podr\u00eda realizarse una \u201cimportante reuni\u00f3n\u201d vinculada a la tem\u00e1tica<\/strong>, aunque no adelantaron el contenido del encuentro, que se prev\u00e9 para el pr\u00f3ximo martes.<\/p>\n","protected":false},"excerpt":{"rendered":"<p>Realizar\u00e1n un relevamiento para \u201cver qui\u00e9n realmente necesita vivienda en la localidad\u201d. Estimaron que existen \u201cmuchas familias m\u00e1s\u201d. Hubo vecinos<\/p>\n","protected":false},"author":2,"featured_media":64756,"comment_status":"closed","ping_status":"closed","sticky":false,"template":"","format":"standard","meta":{"_jetpack_memberships_contains_paid_content":false,"footnotes":""},"categories":[5,1],"tags":[],"class_list":["post-64754","post","type-post","status-publish","format-standard","has-post-thumbnail","hentry","category-informacion-general","category-portada"],"jetpack_featured_media_url":"https:\/\/i0.wp.com\/cdnoticias.com\/wp-content\/uploads\/2022\/09\/reunion-sierras-bayas.jpg?fit=1280%2C768&ssl=1","jetpack_sharing_enabled":true,"_links":{"self":[{"href":"https:\/\/cdnoticias.com\/index.php\/wp-json\/wp\/v2\/posts\/64754","targetHints":{"allow":["GET"]}}],"collection":[{"href":"https:\/\/cdnoticias.com\/index.php\/wp-json\/wp\/v2\/posts"}],"about":[{"href":"https:\/\/cdnoticias.com\/index.php\/wp-json\/wp\/v2\/types\/post"}],"author":[{"embeddable":true,"href":"https:\/\/cdnoticias.com\/index.php\/wp-json\/wp\/v2\/users\/2"}],"replies":[{"embeddable":true,"href":"https:\/\/cdnoticias.com\/index.php\/wp-json\/wp\/v2\/comments?post=64754"}],"version-history":[{"count":0,"href":"https:\/\/cdnoticias.com\/index.php\/wp-json\/wp\/v2\/posts\/64754\/revisions"}],"wp:featuredmedia":[{"embeddable":true,"href":"https:\/\/cdnoticias.com\/index.php\/wp-json\/wp\/v2\/media\/64756"}],"wp:attachment":[{"href":"https:\/\/cdnoticias.com\/index.php\/wp-json\/wp\/v2\/media?parent=64754"}],"wp:term":[{"taxonomy":"category","embeddable":true,"href":"https:\/\/cdnoticias.com\/index.php\/wp-json\/wp\/v2\/categories?post=64754"},{"taxonomy":"post_tag","embeddable":true,"href":"https:\/\/cdnoticias.com\/index.php\/wp-json\/wp\/v2\/tags?post=64754"}],"curies":[{"name":"wp","href":"https:\/\/api.w.org\/{rel}","templated":true}]}}