{"id":64740,"date":"2022-09-12T19:48:21","date_gmt":"2022-09-12T22:48:21","guid":{"rendered":"https:\/\/www.centraldenoticias.com.ar\/?p=64740"},"modified":"2022-09-12T19:48:21","modified_gmt":"2022-09-12T22:48:21","slug":"ignacio-montoya-carlotto-y-facundo-ferreira-lanzaron-su-nuevo-disco-un-rezo","status":"publish","type":"post","link":"https:\/\/cdnoticias.com\/index.php\/2022\/09\/12\/ignacio-montoya-carlotto-y-facundo-ferreira-lanzaron-su-nuevo-disco-un-rezo\/","title":{"rendered":"Ignacio Montoya Carlotto y Facundo Ferreira lanzaron su nuevo disco &#8220;Un Rezo&#8221;"},"content":{"rendered":"<p>Ya se encuentra disponible en la plataforma Spotify. Los detalles. <!--more--><del><\/del><\/p>\n<hr \/>\n<p>&nbsp;<\/p>\n<p><strong>Ignacio Montoya Carlotto<\/strong> y<strong> Facundo Ferreira<\/strong> lanzaron <strong>su nuevo disco <em>&#8220;Un Rezo&#8221;<\/em><\/strong><em>.<\/em> &#8220;Un viaje mayormente improvisado, con algunos pocos puntos escritos y muchas m\u00e1s preguntas que respuestas&#8221; indicaron.<\/p>\n<p>&nbsp;<\/p>\n<p>En <strong>bater\u00eda y percusi\u00f3n<\/strong> se encuentra el m\u00fasico <strong>Facundo Ferreira<\/strong> y en<strong> piano, acorde\u00f3n, voz y add<\/strong> el m\u00fasico <strong>Ignacio Montoya Carlotto.<\/strong><\/p>\n<p>&nbsp;<\/p>\n<p>El disco se presentar\u00e1 en vivo el <strong>viernes 14 de octubre en Caf\u00e9\u00a0Vinilo<\/strong> (Estados Unidos 2483, C1227 CABA).<\/p>\n<p>&nbsp;<\/p>\n<p>Artista invitado: Esteban Landoni (Guitarra)<\/p>\n<p>Grabado en: &#8220;la puerta al otro lado del mundo&#8221; Loma Negra Olavarr\u00eda<\/p>\n<p>Mezcla: Ignacio Montoya Carlotto<\/p>\n<p>M\u00e1ster: Mezcla &#8211; Mastering:\u00a0 N\u00e9stor D\u00edaz &#8220;Huella producciones&#8221; (Madrid-Espa\u00f1a)<\/p>\n<p>Sello\u00a0 114 Discos<\/p>\n<p>Dise\u00f1o de portada: Leo DelSabio<\/p>\n<p>&nbsp;<\/p>\n<p><iframe title=\"Spotify Embed: Un Rezo\" style=\"border-radius: 12px\" width=\"100%\" height=\"380\" frameborder=\"0\" allowfullscreen allow=\"autoplay; clipboard-write; encrypted-media; fullscreen; picture-in-picture\" loading=\"lazy\" src=\"https:\/\/open.spotify.com\/embed\/album\/74E3AY31laalZd0YeWS8OE?si=KOtD8N4hQYKpA7K6KnfsRA&#038;utm_source=oembed\"><\/iframe><\/p>\n","protected":false},"excerpt":{"rendered":"<p>Ya se encuentra disponible en la plataforma Spotify. Los detalles.<\/p>\n","protected":false},"author":6,"featured_media":644,"comment_status":"closed","ping_status":"closed","sticky":false,"template":"","format":"standard","meta":{"_jetpack_memberships_contains_paid_content":false,"footnotes":""},"categories":[9,1],"tags":[],"class_list":["post-64740","post","type-post","status-publish","format-standard","has-post-thumbnail","hentry","category-cultura","category-portada"],"jetpack_featured_media_url":"https:\/\/i0.wp.com\/cdnoticias.com\/wp-content\/uploads\/2020\/09\/montoyacarlotto.jpg?fit=1030%2C579&ssl=1","jetpack_sharing_enabled":true,"_links":{"self":[{"href":"https:\/\/cdnoticias.com\/index.php\/wp-json\/wp\/v2\/posts\/64740","targetHints":{"allow":["GET"]}}],"collection":[{"href":"https:\/\/cdnoticias.com\/index.php\/wp-json\/wp\/v2\/posts"}],"about":[{"href":"https:\/\/cdnoticias.com\/index.php\/wp-json\/wp\/v2\/types\/post"}],"author":[{"embeddable":true,"href":"https:\/\/cdnoticias.com\/index.php\/wp-json\/wp\/v2\/users\/6"}],"replies":[{"embeddable":true,"href":"https:\/\/cdnoticias.com\/index.php\/wp-json\/wp\/v2\/comments?post=64740"}],"version-history":[{"count":0,"href":"https:\/\/cdnoticias.com\/index.php\/wp-json\/wp\/v2\/posts\/64740\/revisions"}],"wp:featuredmedia":[{"embeddable":true,"href":"https:\/\/cdnoticias.com\/index.php\/wp-json\/wp\/v2\/media\/644"}],"wp:attachment":[{"href":"https:\/\/cdnoticias.com\/index.php\/wp-json\/wp\/v2\/media?parent=64740"}],"wp:term":[{"taxonomy":"category","embeddable":true,"href":"https:\/\/cdnoticias.com\/index.php\/wp-json\/wp\/v2\/categories?post=64740"},{"taxonomy":"post_tag","embeddable":true,"href":"https:\/\/cdnoticias.com\/index.php\/wp-json\/wp\/v2\/tags?post=64740"}],"curies":[{"name":"wp","href":"https:\/\/api.w.org\/{rel}","templated":true}]}}