{"id":64730,"date":"2022-09-16T17:31:12","date_gmt":"2022-09-16T20:31:12","guid":{"rendered":"https:\/\/www.centraldenoticias.com.ar\/?p=64730"},"modified":"2022-09-16T17:31:12","modified_gmt":"2022-09-16T20:31:12","slug":"pelucas-solidarias-estara-presente-en-el-festival-primavera","status":"publish","type":"post","link":"https:\/\/cdnoticias.com\/index.php\/2022\/09\/16\/pelucas-solidarias-estara-presente-en-el-festival-primavera\/","title":{"rendered":"Pelucas Solidarias estar\u00e1 presente en el Festival Primavera"},"content":{"rendered":"<p>Ser\u00e1 el s\u00e1bado 24 de septiembre en Club Mariano Moreno. Los detalles. <!--more--><\/p>\n<hr \/>\n<p>&nbsp;<\/p>\n<p>La\u00a0<strong>primera edici\u00f3n del Festival Primavera llega a Olavarr\u00eda.<\/strong>\u00a0Ser\u00e1 el\u00a0<strong>s\u00e1bado 24 de septiembre en Club Mariano Moreno.<\/strong><\/p>\n<p>&nbsp;<\/p>\n<p>El festival contar\u00e1 con\u00a0<strong>bandas locales en vivo, show de stand up, artistas pl\u00e1sticos<\/strong>\u00a0entre otros.<\/p>\n<p>&nbsp;<\/p>\n<p><em><strong>\u201cUn festival 100\u00d7100 olavarriense. Porque tenemos excelentes m\u00fasicos y artistas, de mucha calidad en la ciudad, pensamos en ellos y se nos ocurri\u00f3 este gran encuentro cultural musical\u201d<\/strong><\/em>\u00a0se indic\u00f3 desde la organizaci\u00f3n.<\/p>\n<p>&nbsp;<\/p>\n<p><img data-recalc-dims=\"1\" loading=\"lazy\" decoding=\"async\" class=\"aligncenter wp-image-64733 size-large\" src=\"https:\/\/i0.wp.com\/cdnoticias.com\/wp-content\/uploads\/2022\/09\/WhatsApp-Image-2022-09-12-at-17.49.23.jpeg?resize=800%2C800&#038;ssl=1\" alt=\"\" width=\"800\" height=\"800\" srcset=\"https:\/\/i0.wp.com\/cdnoticias.com\/wp-content\/uploads\/2022\/09\/WhatsApp-Image-2022-09-12-at-17.49.23.jpeg?resize=1024%2C1024&amp;ssl=1 1024w, https:\/\/i0.wp.com\/cdnoticias.com\/wp-content\/uploads\/2022\/09\/WhatsApp-Image-2022-09-12-at-17.49.23.jpeg?resize=300%2C300&amp;ssl=1 300w, https:\/\/i0.wp.com\/cdnoticias.com\/wp-content\/uploads\/2022\/09\/WhatsApp-Image-2022-09-12-at-17.49.23.jpeg?resize=150%2C150&amp;ssl=1 150w, https:\/\/i0.wp.com\/cdnoticias.com\/wp-content\/uploads\/2022\/09\/WhatsApp-Image-2022-09-12-at-17.49.23.jpeg?resize=768%2C768&amp;ssl=1 768w, https:\/\/i0.wp.com\/cdnoticias.com\/wp-content\/uploads\/2022\/09\/WhatsApp-Image-2022-09-12-at-17.49.23.jpeg?w=1275&amp;ssl=1 1275w\" sizes=\"auto, (max-width: 800px) 100vw, 800px\" \/><\/p>\n<p>&nbsp;<\/p>\n<p>Adem\u00e1s, estar\u00e1n presentes en el evento la<strong> organizaci\u00f3n Pelucas Solidarias<\/strong>, quienes se dedican a confeccionar pelucas para personas con tratamiento oncol\u00f3gico. Se detall\u00f3 que <strong>habr\u00e1 un stand donde los asistentes podr\u00e1n donar un mech\u00f3n de pelo.\u00a0<\/strong><\/p>\n<p>&nbsp;<\/p>\n<p>&#8220;Sabemos lo solidario que es el p\u00fablico que va a asistir, as\u00ed que descontamos que tendremos buenos resultados. Esta es nuestra forma de aportar un granito de arena con la gente de Pelucas&#8221; se indic\u00f3 desde la organizaci\u00f3n del festival.<\/p>\n<p>&nbsp;<\/p>\n<p>Las entradas se encuentran a la venta en Afrodita (Necochea 2725).<\/p>\n<p>&nbsp;<\/p>\n<p>&nbsp;<\/p>\n<p>&nbsp;<\/p>\n<p>&nbsp;<\/p>\n<p>&nbsp;<\/p>\n<p>&nbsp;<\/p>\n<p>&nbsp;<\/p>\n<p>&nbsp;<\/p>\n","protected":false},"excerpt":{"rendered":"<p>Ser\u00e1 el s\u00e1bado 24 de septiembre en Club Mariano Moreno. Los detalles.<\/p>\n","protected":false},"author":6,"featured_media":0,"comment_status":"closed","ping_status":"closed","sticky":false,"template":"","format":"standard","meta":{"_jetpack_memberships_contains_paid_content":false,"footnotes":""},"categories":[9,1],"tags":[],"class_list":["post-64730","post","type-post","status-publish","format-standard","hentry","category-cultura","category-portada"],"jetpack_featured_media_url":"","jetpack_sharing_enabled":true,"_links":{"self":[{"href":"https:\/\/cdnoticias.com\/index.php\/wp-json\/wp\/v2\/posts\/64730","targetHints":{"allow":["GET"]}}],"collection":[{"href":"https:\/\/cdnoticias.com\/index.php\/wp-json\/wp\/v2\/posts"}],"about":[{"href":"https:\/\/cdnoticias.com\/index.php\/wp-json\/wp\/v2\/types\/post"}],"author":[{"embeddable":true,"href":"https:\/\/cdnoticias.com\/index.php\/wp-json\/wp\/v2\/users\/6"}],"replies":[{"embeddable":true,"href":"https:\/\/cdnoticias.com\/index.php\/wp-json\/wp\/v2\/comments?post=64730"}],"version-history":[{"count":0,"href":"https:\/\/cdnoticias.com\/index.php\/wp-json\/wp\/v2\/posts\/64730\/revisions"}],"wp:attachment":[{"href":"https:\/\/cdnoticias.com\/index.php\/wp-json\/wp\/v2\/media?parent=64730"}],"wp:term":[{"taxonomy":"category","embeddable":true,"href":"https:\/\/cdnoticias.com\/index.php\/wp-json\/wp\/v2\/categories?post=64730"},{"taxonomy":"post_tag","embeddable":true,"href":"https:\/\/cdnoticias.com\/index.php\/wp-json\/wp\/v2\/tags?post=64730"}],"curies":[{"name":"wp","href":"https:\/\/api.w.org\/{rel}","templated":true}]}}