{"id":64724,"date":"2022-09-13T18:00:21","date_gmt":"2022-09-13T21:00:21","guid":{"rendered":"https:\/\/www.centraldenoticias.com.ar\/?p=64724"},"modified":"2022-09-13T18:02:22","modified_gmt":"2022-09-13T21:02:22","slug":"fondo-reactivo-cultual-se-extendio-el-plazo-para-la-presentacion-de-proyectos","status":"publish","type":"post","link":"https:\/\/cdnoticias.com\/index.php\/2022\/09\/13\/fondo-reactivo-cultual-se-extendio-el-plazo-para-la-presentacion-de-proyectos\/","title":{"rendered":"Fondo Reactivo Cultural: se extendi\u00f3 el plazo para la presentaci\u00f3n de proyectos"},"content":{"rendered":"<p>Se podr\u00e1 participar hasta el 18 de septiembre. Los detalles.<br \/>\n<!--more--><\/p>\n<hr \/>\n<p>&nbsp;<\/p>\n<p>Desde el Centro Cultural Universitario se inform\u00f3 que el plazo para <strong>la presentaci\u00f3n de proyectos en el Fondo Reactivo Cultural se extendi\u00f3 hasta el 18 de septiembre.<\/strong><\/p>\n<p>&nbsp;<\/p>\n<p>La propuesta se enmarca en <strong>Programa EMERGER<\/strong> de la Universidad Nacional del Centro de la Provincia de Buenos Aires (UNICEN) coordinado por el \u00c1rea Cultura en el caso de Olavarr\u00eda a trav\u00e9s de la Facultad de Ciencias Sociales\/ Centro Cultural Universitario UNICEN sede Olavarr\u00eda.<\/p>\n<p>&nbsp;<\/p>\n<p>El <strong>Fondo Reactivo Cultural<\/strong> consiste en una convocatoria <strong>destinada a apoyar econ\u00f3micamente a Proyectos Art\u00edsticos Independientes<\/strong> con el fin de acompa\u00f1ar a las\/os trabajadoras\/es de la cultura de nuestra ciudad. En tal sentido, las propuestas ganadoras<strong> recibir\u00e1n un apoyo econ\u00f3mico extraordinario que constar\u00e1 de un pago \u00fanico de $50.000.<\/strong><\/p>\n<p>&nbsp;<\/p>\n<p>Inscripci\u00f3n: https:\/\/forms.gle\/vthA2XRbQbgVtYu6A<\/p>\n<p>Bases: https:\/\/bit.ly\/3BCdUBK<\/p>\n","protected":false},"excerpt":{"rendered":"<p>Se podr\u00e1 participar hasta el 18 de septiembre. Los detalles.<\/p>\n","protected":false},"author":6,"featured_media":64725,"comment_status":"closed","ping_status":"closed","sticky":false,"template":"","format":"standard","meta":{"_jetpack_memberships_contains_paid_content":false,"footnotes":""},"categories":[9,1],"tags":[],"class_list":["post-64724","post","type-post","status-publish","format-standard","has-post-thumbnail","hentry","category-cultura","category-portada"],"jetpack_featured_media_url":"https:\/\/i0.wp.com\/cdnoticias.com\/wp-content\/uploads\/2022\/09\/fondo-2.jpg?fit=1200%2C668&ssl=1","jetpack_sharing_enabled":true,"_links":{"self":[{"href":"https:\/\/cdnoticias.com\/index.php\/wp-json\/wp\/v2\/posts\/64724","targetHints":{"allow":["GET"]}}],"collection":[{"href":"https:\/\/cdnoticias.com\/index.php\/wp-json\/wp\/v2\/posts"}],"about":[{"href":"https:\/\/cdnoticias.com\/index.php\/wp-json\/wp\/v2\/types\/post"}],"author":[{"embeddable":true,"href":"https:\/\/cdnoticias.com\/index.php\/wp-json\/wp\/v2\/users\/6"}],"replies":[{"embeddable":true,"href":"https:\/\/cdnoticias.com\/index.php\/wp-json\/wp\/v2\/comments?post=64724"}],"version-history":[{"count":0,"href":"https:\/\/cdnoticias.com\/index.php\/wp-json\/wp\/v2\/posts\/64724\/revisions"}],"wp:featuredmedia":[{"embeddable":true,"href":"https:\/\/cdnoticias.com\/index.php\/wp-json\/wp\/v2\/media\/64725"}],"wp:attachment":[{"href":"https:\/\/cdnoticias.com\/index.php\/wp-json\/wp\/v2\/media?parent=64724"}],"wp:term":[{"taxonomy":"category","embeddable":true,"href":"https:\/\/cdnoticias.com\/index.php\/wp-json\/wp\/v2\/categories?post=64724"},{"taxonomy":"post_tag","embeddable":true,"href":"https:\/\/cdnoticias.com\/index.php\/wp-json\/wp\/v2\/tags?post=64724"}],"curies":[{"name":"wp","href":"https:\/\/api.w.org\/{rel}","templated":true}]}}