{"id":64721,"date":"2022-09-12T18:09:30","date_gmt":"2022-09-12T21:09:30","guid":{"rendered":"https:\/\/www.centraldenoticias.com.ar\/?p=64721"},"modified":"2022-09-12T18:09:30","modified_gmt":"2022-09-12T21:09:30","slug":"gaston-sarachu-denuncio-que-el-municipio-sigue-sin-atender-las-localidades","status":"publish","type":"post","link":"https:\/\/cdnoticias.com\/index.php\/2022\/09\/12\/gaston-sarachu-denuncio-que-el-municipio-sigue-sin-atender-las-localidades\/","title":{"rendered":"Gast\u00f3n Sarachu denunci\u00f3 que el Municipio \u201csigue sin atender las localidades\u201d"},"content":{"rendered":"<p>El concejal del Foro Olavarr\u00eda &#8211; Frente Renovador se expres\u00f3 a ra\u00edz de la ausencia de obras en calles de la localidad de Sierras Bayas. El espacio hab\u00eda impulsado un proyecto de resoluci\u00f3n para atender la problem\u00e1tica, el cual fue aprobado por el HCD en el mes de abril.<!--more--><\/p>\n<hr \/>\n<p>&nbsp;<\/p>\n<p><strong>Gast\u00f3n Sarachu,<\/strong> concejal del bloque Foro Olavarr\u00eda &#8211; Frente Renovador en el Frente de Todos,<strong> acus\u00f3 al Gobierno Municipal de \u201cno atender las demandas de las localidades\u201d<\/strong>. El edil se pronunci\u00f3 a ra\u00edz del <strong>estado de las calles de Sierras Bayas<\/strong>. En el mes de abril, el espacio que conforma junto a la concejala In\u00e9s Creimer impuls\u00f3 un proyecto para atender esta problem\u00e1tica, el cual fue aprobado un\u00e1nimemente por el Concejo Deliberante.<\/p>\n<p>&nbsp;<\/p>\n<p>Sarachu record\u00f3 que dicho proyecto solicitaba el <strong>\u201curgente arreglo de calles determinadas en la localidad de Sierras Bayas<\/strong>\u201d. \u201c<strong>Lamentablemente el Municipio sigue sin atender los reclamos de los vecinos y vecinas de las localidades<\/strong>\u201d, sostuvo el concejal.<\/p>\n<p>&nbsp;<\/p>\n<p>El proyecto de resoluci\u00f3n al que se hace menci\u00f3n solicita obras en calles de los barrios Catriel, Obrero y Qu\u00edmico de Sierras Bayas. La urgencia de las obras radica en que \u201c<strong>dada la pendiente de sus calles por cuestiones naturales, cuando llueve, el agua hace que algunos sectores sean intransitables al acumularse y no permitir siquiera que los vecinos ingresen a sus casas<\/strong>\u201d, indic\u00f3 Sarachu.<\/p>\n<p>&nbsp;<\/p>\n<p>Por \u00faltimo, sostuvo que \u201cdentro de la promoci\u00f3n del turismo, es necesario que las localidades est\u00e9n en condiciones, fundamentalmente para los vecinos que las habitan\u201d.<\/p>\n","protected":false},"excerpt":{"rendered":"<p>El concejal del Foro Olavarr\u00eda &#8211; Frente Renovador se expres\u00f3 a ra\u00edz de la ausencia de obras en calles de<\/p>\n","protected":false},"author":6,"featured_media":15043,"comment_status":"closed","ping_status":"closed","sticky":false,"template":"","format":"standard","meta":{"_jetpack_memberships_contains_paid_content":false,"footnotes":""},"categories":[4,1],"tags":[],"class_list":["post-64721","post","type-post","status-publish","format-standard","has-post-thumbnail","hentry","category-politica","category-portada"],"jetpack_featured_media_url":"https:\/\/i0.wp.com\/cdnoticias.com\/wp-content\/uploads\/2021\/03\/gaston-sarachu-cnrt.jpg?fit=4608%2C3072&ssl=1","jetpack_sharing_enabled":true,"_links":{"self":[{"href":"https:\/\/cdnoticias.com\/index.php\/wp-json\/wp\/v2\/posts\/64721","targetHints":{"allow":["GET"]}}],"collection":[{"href":"https:\/\/cdnoticias.com\/index.php\/wp-json\/wp\/v2\/posts"}],"about":[{"href":"https:\/\/cdnoticias.com\/index.php\/wp-json\/wp\/v2\/types\/post"}],"author":[{"embeddable":true,"href":"https:\/\/cdnoticias.com\/index.php\/wp-json\/wp\/v2\/users\/6"}],"replies":[{"embeddable":true,"href":"https:\/\/cdnoticias.com\/index.php\/wp-json\/wp\/v2\/comments?post=64721"}],"version-history":[{"count":0,"href":"https:\/\/cdnoticias.com\/index.php\/wp-json\/wp\/v2\/posts\/64721\/revisions"}],"wp:featuredmedia":[{"embeddable":true,"href":"https:\/\/cdnoticias.com\/index.php\/wp-json\/wp\/v2\/media\/15043"}],"wp:attachment":[{"href":"https:\/\/cdnoticias.com\/index.php\/wp-json\/wp\/v2\/media?parent=64721"}],"wp:term":[{"taxonomy":"category","embeddable":true,"href":"https:\/\/cdnoticias.com\/index.php\/wp-json\/wp\/v2\/categories?post=64721"},{"taxonomy":"post_tag","embeddable":true,"href":"https:\/\/cdnoticias.com\/index.php\/wp-json\/wp\/v2\/tags?post=64721"}],"curies":[{"name":"wp","href":"https:\/\/api.w.org\/{rel}","templated":true}]}}