{"id":64695,"date":"2022-09-12T13:51:52","date_gmt":"2022-09-12T16:51:52","guid":{"rendered":"https:\/\/www.centraldenoticias.com.ar\/?p=64695"},"modified":"2022-09-12T19:24:02","modified_gmt":"2022-09-12T22:24:02","slug":"centenares-de-estudiantes-dijeron-presente-en-la-expo-formacionempleo","status":"publish","type":"post","link":"https:\/\/cdnoticias.com\/index.php\/2022\/09\/12\/centenares-de-estudiantes-dijeron-presente-en-la-expo-formacionempleo\/","title":{"rendered":"Centenares de estudiantes dijeron \u201cpresente\u201d en la Expo Formaci\u00f3n+Empleo"},"content":{"rendered":"<p>La actividad se extender\u00e1 hasta las 17 en el Centro de Convenciones Municipal. El intendente particip\u00f3 de la apertura y destac\u00f3 como objetivo principal la difusi\u00f3n de la oferta de formaci\u00f3n.<!--more--><\/p>\n<hr \/>\n<p>Este lunes se realiz\u00f3 la <strong>Expo Formaci\u00f3n+Empleo,<\/strong> propuesta impulsada por la Secretar\u00eda de Desarrollo Econ\u00f3mico del Municipio en el marco del D\u00eda de la Industria.<\/p>\n<p>&nbsp;<\/p>\n<p>En el Centro de Convenciones Olavarr\u00eda las actividades <strong>comenzaron a las 9 y se extender\u00e1n hasta las 17.<\/strong> Para el acto inaugural formal estuvieron el intendente Ezequiel Galli, numerosos funcionarios del Ejecutivo, la presidenta del Concejo Deliberante, Cecilia Krivochen, y concejales.<\/p>\n<p>&nbsp;<\/p>\n<p>Asimismo, se hicieron presentes los representantes de las organizaciones del sistema educativo-industrial-laboral local que apoyaron la actividad: <strong>ITECO, Asociaci\u00f3n del Parque Industrial, Uni\u00f3n Industrial, Sociedad Rural, C\u00e1mara de la Piedra, C\u00e1mara Empresaria y Cl\u00faster de Software.<\/strong><\/p>\n<p>&nbsp;<\/p>\n<p><img data-recalc-dims=\"1\" loading=\"lazy\" decoding=\"async\" class=\"aligncenter size-full wp-image-64709\" src=\"https:\/\/i0.wp.com\/cdnoticias.com\/wp-content\/uploads\/2022\/09\/expo-formacion-empleo-09-galli.jpg?resize=800%2C445&#038;ssl=1\" alt=\"\" width=\"800\" height=\"445\" srcset=\"https:\/\/i0.wp.com\/cdnoticias.com\/wp-content\/uploads\/2022\/09\/expo-formacion-empleo-09-galli.jpg?w=800&amp;ssl=1 800w, https:\/\/i0.wp.com\/cdnoticias.com\/wp-content\/uploads\/2022\/09\/expo-formacion-empleo-09-galli.jpg?resize=300%2C167&amp;ssl=1 300w, https:\/\/i0.wp.com\/cdnoticias.com\/wp-content\/uploads\/2022\/09\/expo-formacion-empleo-09-galli.jpg?resize=768%2C427&amp;ssl=1 768w\" sizes=\"auto, (max-width: 800px) 100vw, 800px\" \/><\/p>\n<p>&nbsp;<\/p>\n<p>El intendente Ezequiel Galli destac\u00f3 las distintas acciones realizadas con el objetivo de <strong>\u201cfomentar que los chicos busquen capacitarse\u201d<\/strong> e indic\u00f3 que \u201ctodas las empresas mencionan que hay una gran falta de empleo capacitado. Esto es algo que pasa en Argentina no solo en Olavarr\u00eda\u201d.<\/p>\n<p>&nbsp;<\/p>\n<blockquote><p>\u201cLo que estamos haciendo es construir un puente entre los j\u00f3venes que van a comenzar a buscar trabajo en breve para que tengan en cuenta cu\u00e1les son las capacitaciones que tienen salida laboral\u201d se\u00f1al\u00f3 y agreg\u00f3: \u201c<strong>son 1400 j\u00f3venes que van a venir hoy al Centro de Convenciones<\/strong> a ver cu\u00e1l es la oferta educativa de Olavarr\u00eda\u201d.<\/p><\/blockquote>\n<p>&nbsp;<\/p>\n<p>[soliloquy id=&#8221;64710&#8243;]<\/p>\n<p>&nbsp;<\/p>\n<p>Con esta exposici\u00f3n se busc\u00f3 \u201cofrecer un espacio de visualizaci\u00f3n de los perfiles laborales de los diferentes sectores econ\u00f3micos\u201d a fin de \u201ccontribuir a la difusi\u00f3n de la oferta de formaci\u00f3n que brindan las diferentes instituciones educativas de la ciudad\u201d.<\/p>\n<p>&nbsp;<\/p>\n<p>Se presentaron <strong>30 stands<\/strong> de empresas representantes de los sectores econ\u00f3micos de la ciudad y de instituciones educativas, actividades l\u00fadicas, talleres de empleabilidad y charlas.<\/p>\n<p>&nbsp;<\/p>\n<blockquote class=\"instagram-media\" style=\"background: #FFF; border: 0; border-radius: 3px; box-shadow: 0 0 1px 0 rgba(0,0,0,0.5),0 1px 10px 0 rgba(0,0,0,0.15); margin: 1px; max-width: 540px; min-width: 326px; padding: 0; width: calc(100% - 2px);\" data-instgrm-captioned=\"\" data-instgrm-permalink=\"https:\/\/www.instagram.com\/reel\/CiaUMGyAEKI\/?utm_source=ig_embed&amp;utm_campaign=loading\" data-instgrm-version=\"14\">\n<div style=\"padding: 16px;\">\n<p>&nbsp;<\/p>\n<div style=\"display: flex; flex-direction: row; align-items: center;\">\n<div style=\"background-color: #f4f4f4; border-radius: 50%; flex-grow: 0; height: 40px; margin-right: 14px; width: 40px;\"><\/div>\n<div style=\"display: flex; flex-direction: column; flex-grow: 1; justify-content: center;\">\n<div style=\"background-color: #f4f4f4; border-radius: 4px; flex-grow: 0; height: 14px; margin-bottom: 6px; width: 100px;\"><\/div>\n<div style=\"background-color: #f4f4f4; border-radius: 4px; flex-grow: 0; height: 14px; width: 60px;\"><\/div>\n<\/div>\n<\/div>\n<div style=\"padding: 19% 0;\"><\/div>\n<div style=\"display: block; height: 50px; margin: 0 auto 12px; width: 50px;\"><\/div>\n<div style=\"padding-top: 8px;\">\n<div style=\"color: #3897f0; font-family: Arial,sans-serif; font-size: 14px; font-style: normal; font-weight: 550; line-height: 18px;\">Ver esta publicaci\u00f3n en Instagram<\/div>\n<\/div>\n<div style=\"padding: 12.5% 0;\"><\/div>\n<div style=\"display: flex; flex-direction: row; margin-bottom: 14px; align-items: center;\">\n<div>\n<div style=\"background-color: #f4f4f4; border-radius: 50%; height: 12.5px; width: 12.5px; transform: translateX(0px) translateY(7px);\"><\/div>\n<div style=\"background-color: #f4f4f4; height: 12.5px; transform: rotate(-45deg) translateX(3px) translateY(1px); width: 12.5px; flex-grow: 0; margin-right: 14px; margin-left: 2px;\"><\/div>\n<div style=\"background-color: #f4f4f4; border-radius: 50%; height: 12.5px; width: 12.5px; transform: translateX(9px) translateY(-18px);\"><\/div>\n<\/div>\n<div style=\"margin-left: 8px;\">\n<div style=\"background-color: #f4f4f4; border-radius: 50%; flex-grow: 0; height: 20px; width: 20px;\"><\/div>\n<div style=\"width: 0; height: 0; border-top: 2px solid transparent; border-left: 6px solid #f4f4f4; border-bottom: 2px solid transparent; transform: translateX(16px) translateY(-4px) rotate(30deg);\"><\/div>\n<\/div>\n<div style=\"margin-left: auto;\">\n<div style=\"width: 0px; border-top: 8px solid #F4F4F4; border-right: 8px solid transparent; transform: translateY(16px);\"><\/div>\n<div style=\"background-color: #f4f4f4; flex-grow: 0; height: 12px; width: 16px; transform: translateY(-4px);\"><\/div>\n<div style=\"width: 0; height: 0; border-top: 8px solid #F4F4F4; border-left: 8px solid transparent; transform: translateY(-4px) translateX(8px);\"><\/div>\n<\/div>\n<\/div>\n<div style=\"display: flex; flex-direction: column; flex-grow: 1; justify-content: center; margin-bottom: 24px;\">\n<div style=\"background-color: #f4f4f4; border-radius: 4px; flex-grow: 0; height: 14px; margin-bottom: 6px; width: 224px;\"><\/div>\n<div style=\"background-color: #f4f4f4; border-radius: 4px; flex-grow: 0; height: 14px; width: 144px;\"><\/div>\n<\/div>\n<p>&nbsp;<\/p>\n<p style=\"color: #c9c8cd; font-family: Arial,sans-serif; font-size: 14px; line-height: 17px; margin-bottom: 0; margin-top: 8px; overflow: hidden; padding: 8px 0 7px; text-align: center; text-overflow: ellipsis; white-space: nowrap;\"><a style=\"color: #c9c8cd; font-family: Arial,sans-serif; font-size: 14px; font-style: normal; font-weight: normal; line-height: 17px; text-decoration: none;\" href=\"https:\/\/www.instagram.com\/reel\/CiaUMGyAEKI\/?utm_source=ig_embed&amp;utm_campaign=loading\" target=\"_blank\" rel=\"noopener\">Una publicaci\u00f3n compartida por Central de Noticias Olavarr\u00eda (@cdnolavarria)<\/a><\/p>\n<\/div>\n<\/blockquote>\n<p><script async src=\"\/\/www.instagram.com\/embed.js\"><\/script><\/p>\n","protected":false},"excerpt":{"rendered":"<p>La actividad se extender\u00e1 hasta las 17 en el Centro de Convenciones Municipal. El intendente particip\u00f3 de la apertura y<\/p>\n","protected":false},"author":4,"featured_media":64702,"comment_status":"closed","ping_status":"closed","sticky":false,"template":"","format":"standard","meta":{"_jetpack_memberships_contains_paid_content":false,"footnotes":""},"categories":[5,1],"tags":[],"class_list":["post-64695","post","type-post","status-publish","format-standard","has-post-thumbnail","hentry","category-informacion-general","category-portada"],"jetpack_featured_media_url":"https:\/\/i0.wp.com\/cdnoticias.com\/wp-content\/uploads\/2022\/09\/expo-formacion-empleo-02.jpg?fit=800%2C445&ssl=1","jetpack_sharing_enabled":true,"_links":{"self":[{"href":"https:\/\/cdnoticias.com\/index.php\/wp-json\/wp\/v2\/posts\/64695","targetHints":{"allow":["GET"]}}],"collection":[{"href":"https:\/\/cdnoticias.com\/index.php\/wp-json\/wp\/v2\/posts"}],"about":[{"href":"https:\/\/cdnoticias.com\/index.php\/wp-json\/wp\/v2\/types\/post"}],"author":[{"embeddable":true,"href":"https:\/\/cdnoticias.com\/index.php\/wp-json\/wp\/v2\/users\/4"}],"replies":[{"embeddable":true,"href":"https:\/\/cdnoticias.com\/index.php\/wp-json\/wp\/v2\/comments?post=64695"}],"version-history":[{"count":0,"href":"https:\/\/cdnoticias.com\/index.php\/wp-json\/wp\/v2\/posts\/64695\/revisions"}],"wp:featuredmedia":[{"embeddable":true,"href":"https:\/\/cdnoticias.com\/index.php\/wp-json\/wp\/v2\/media\/64702"}],"wp:attachment":[{"href":"https:\/\/cdnoticias.com\/index.php\/wp-json\/wp\/v2\/media?parent=64695"}],"wp:term":[{"taxonomy":"category","embeddable":true,"href":"https:\/\/cdnoticias.com\/index.php\/wp-json\/wp\/v2\/categories?post=64695"},{"taxonomy":"post_tag","embeddable":true,"href":"https:\/\/cdnoticias.com\/index.php\/wp-json\/wp\/v2\/tags?post=64695"}],"curies":[{"name":"wp","href":"https:\/\/api.w.org\/{rel}","templated":true}]}}