{"id":64685,"date":"2022-09-12T12:12:49","date_gmt":"2022-09-12T15:12:49","guid":{"rendered":"https:\/\/www.centraldenoticias.com.ar\/?p=64685"},"modified":"2022-09-12T13:52:49","modified_gmt":"2022-09-12T16:52:49","slug":"asaltos-a-motomandados-nos-paran-para-pedirnos-carnet-pero-seguridad-nada","status":"publish","type":"post","link":"https:\/\/cdnoticias.com\/index.php\/2022\/09\/12\/asaltos-a-motomandados-nos-paran-para-pedirnos-carnet-pero-seguridad-nada\/","title":{"rendered":"Asaltos a motomandados: \u201cNos paran para pedirnos carnet, pero seguridad nada\u201d"},"content":{"rendered":"<p>Motomandados se manifestaron en el Paseo Jes\u00fas Mend\u00eda. Piden mayor presencia policial ante los reiterados asaltos que sufren. \u201cNos est\u00e1n apuntando con armas\u201d, afirmaron.<!--more--><\/p>\n<hr \/>\n<p>Un grupo de motomandados se reuni\u00f3 este lunes en el Paseo Jes\u00fas Mend\u00eda para pedir mayor seguridad ante los reiterados asaltos que sufren y que se vieron intensificados en las \u00faltimas semanas. <strong>La modalidad utilizada es del tipo motochorro y \u201cal boleo\u201d.<\/strong><\/p>\n<p>&nbsp;<\/p>\n<p>La protesta incluy\u00f3 a <strong>trabajadores de Pedidos Ya y distintas agencias locales.<\/strong> Piden ser recibidos por el intendente Ezequiel Galli y una mayor presencia policial. Adem\u00e1s, indicaron que<strong> pese a la radicaci\u00f3n de denuncias y de identificar a uno de los asaltantes, a\u00fan no tuvieron respuestas.<\/strong><\/p>\n<p>&nbsp;<\/p>\n<p><strong>Fabi\u00e1n Isaza<\/strong> relat\u00f3 que <strong>\u201c\u00faltimamente est\u00e1n insoportables. Nos est\u00e1n apuntando con armas, nos tratan mal tambi\u00e9n, ya la gente no quiere salir\u201d<\/strong> y agreg\u00f3 \u201cahora todas las zonas son conflictivas. Antes ten\u00edamos inconvenientes en algunos barrios y ahora salen en cualquier lado\u201d.<\/p>\n<p>&nbsp;<\/p>\n<p><img data-recalc-dims=\"1\" loading=\"lazy\" decoding=\"async\" class=\"aligncenter size-full wp-image-64689\" src=\"https:\/\/i0.wp.com\/cdnoticias.com\/wp-content\/uploads\/2022\/09\/motomandados-manifestacion-02-scaled.jpg?resize=800%2C480&#038;ssl=1\" alt=\"\" width=\"800\" height=\"480\" srcset=\"https:\/\/i0.wp.com\/cdnoticias.com\/wp-content\/uploads\/2022\/09\/motomandados-manifestacion-02-scaled.jpg?w=2560&amp;ssl=1 2560w, https:\/\/i0.wp.com\/cdnoticias.com\/wp-content\/uploads\/2022\/09\/motomandados-manifestacion-02-scaled.jpg?resize=300%2C180&amp;ssl=1 300w, https:\/\/i0.wp.com\/cdnoticias.com\/wp-content\/uploads\/2022\/09\/motomandados-manifestacion-02-scaled.jpg?resize=1024%2C614&amp;ssl=1 1024w, https:\/\/i0.wp.com\/cdnoticias.com\/wp-content\/uploads\/2022\/09\/motomandados-manifestacion-02-scaled.jpg?resize=768%2C461&amp;ssl=1 768w, https:\/\/i0.wp.com\/cdnoticias.com\/wp-content\/uploads\/2022\/09\/motomandados-manifestacion-02-scaled.jpg?resize=1536%2C921&amp;ssl=1 1536w, https:\/\/i0.wp.com\/cdnoticias.com\/wp-content\/uploads\/2022\/09\/motomandados-manifestacion-02-scaled.jpg?resize=2048%2C1228&amp;ssl=1 2048w, https:\/\/i0.wp.com\/cdnoticias.com\/wp-content\/uploads\/2022\/09\/motomandados-manifestacion-02-scaled.jpg?w=1600&amp;ssl=1 1600w, https:\/\/i0.wp.com\/cdnoticias.com\/wp-content\/uploads\/2022\/09\/motomandados-manifestacion-02-scaled.jpg?w=2400&amp;ssl=1 2400w\" sizes=\"auto, (max-width: 800px) 100vw, 800px\" \/><\/p>\n<p>&nbsp;<\/p>\n<p>Isaza es el propietario de la agencia Fabi Mandados,<a href=\"https:\/\/cdnoticias.com\/index.php\/2022\/09\/07\/asaltos-a-motomandados-te-apuntan-a-la-cabeza-y-se-llevan-todo-lo-que-tengas\/\" target=\"_blank\" rel=\"noopener\"> donde se registraron los \u00faltimos asaltos<\/a> a dos de los trabajadores. \u201cSe dieron todos los detalles a la polic\u00eda. <strong>Hace dos a\u00f1os que tengo la agencia y esta es la primera vez que nos pasa.<\/strong> La ciudad est\u00e1 muy insegura\u201d, afirm\u00f3.<\/p>\n<p>&nbsp;<\/p>\n<p>\u201cLa idea es hablar con el Intendente a ver si nos da alg\u00fan apoyo y los m\u00f3viles empiezan a recorrer\u201d, se\u00f1al\u00f3 Isaza. Y agreg\u00f3: <strong>\u201cNosotros no vemos m\u00f3viles en ning\u00fan lado. Vemos m\u00f3viles parados, charlando, hablando por tel\u00e9fono y cada 20 cuadras nos paran para pedirnos carnet, pedirnos de todo, pero seguridad nada\u201d.<\/strong><\/p>\n<p>&nbsp;<\/p>\n<blockquote class=\"instagram-media\" style=\"background: #FFF; border: 0; border-radius: 3px; box-shadow: 0 0 1px 0 rgba(0,0,0,0.5),0 1px 10px 0 rgba(0,0,0,0.15); margin: 1px; max-width: 540px; min-width: 326px; padding: 0; width: calc(100% - 2px);\" data-instgrm-captioned=\"\" data-instgrm-permalink=\"https:\/\/www.instagram.com\/reel\/CiaRxIfA9h6\/?utm_source=ig_embed&amp;utm_campaign=loading\" data-instgrm-version=\"14\">\n<div style=\"padding: 16px;\">\n<p>&nbsp;<\/p>\n<div style=\"display: flex; flex-direction: row; align-items: center;\">\n<div style=\"background-color: #f4f4f4; border-radius: 50%; flex-grow: 0; height: 40px; margin-right: 14px; width: 40px;\"><\/div>\n<div style=\"display: flex; flex-direction: column; flex-grow: 1; justify-content: center;\">\n<div style=\"background-color: #f4f4f4; border-radius: 4px; flex-grow: 0; height: 14px; margin-bottom: 6px; width: 100px;\"><\/div>\n<div style=\"background-color: #f4f4f4; border-radius: 4px; flex-grow: 0; height: 14px; width: 60px;\"><\/div>\n<\/div>\n<\/div>\n<div style=\"padding: 19% 0;\"><\/div>\n<div style=\"display: block; height: 50px; margin: 0 auto 12px; width: 50px;\"><\/div>\n<div style=\"padding-top: 8px;\">\n<div style=\"color: #3897f0; font-family: Arial,sans-serif; font-size: 14px; font-style: normal; font-weight: 550; line-height: 18px;\">Ver esta publicaci\u00f3n en Instagram<\/div>\n<\/div>\n<div style=\"padding: 12.5% 0;\"><\/div>\n<div style=\"display: flex; flex-direction: row; margin-bottom: 14px; align-items: center;\">\n<div>\n<div style=\"background-color: #f4f4f4; border-radius: 50%; height: 12.5px; width: 12.5px; transform: translateX(0px) translateY(7px);\"><\/div>\n<div style=\"background-color: #f4f4f4; height: 12.5px; transform: rotate(-45deg) translateX(3px) translateY(1px); width: 12.5px; flex-grow: 0; margin-right: 14px; margin-left: 2px;\"><\/div>\n<div style=\"background-color: #f4f4f4; border-radius: 50%; height: 12.5px; width: 12.5px; transform: translateX(9px) translateY(-18px);\"><\/div>\n<\/div>\n<div style=\"margin-left: 8px;\">\n<div style=\"background-color: #f4f4f4; border-radius: 50%; flex-grow: 0; height: 20px; width: 20px;\"><\/div>\n<div style=\"width: 0; height: 0; border-top: 2px solid transparent; border-left: 6px solid #f4f4f4; border-bottom: 2px solid transparent; transform: translateX(16px) translateY(-4px) rotate(30deg);\"><\/div>\n<\/div>\n<div style=\"margin-left: auto;\">\n<div style=\"width: 0px; border-top: 8px solid #F4F4F4; border-right: 8px solid transparent; transform: translateY(16px);\"><\/div>\n<div style=\"background-color: #f4f4f4; flex-grow: 0; height: 12px; width: 16px; transform: translateY(-4px);\"><\/div>\n<div style=\"width: 0; height: 0; border-top: 8px solid #F4F4F4; border-left: 8px solid transparent; transform: translateY(-4px) translateX(8px);\"><\/div>\n<\/div>\n<\/div>\n<div style=\"display: flex; flex-direction: column; flex-grow: 1; justify-content: center; margin-bottom: 24px;\">\n<div style=\"background-color: #f4f4f4; border-radius: 4px; flex-grow: 0; height: 14px; margin-bottom: 6px; width: 224px;\"><\/div>\n<div style=\"background-color: #f4f4f4; border-radius: 4px; flex-grow: 0; height: 14px; width: 144px;\"><\/div>\n<\/div>\n<p>&nbsp;<\/p>\n<p style=\"color: #c9c8cd; font-family: Arial,sans-serif; font-size: 14px; line-height: 17px; margin-bottom: 0; margin-top: 8px; overflow: hidden; padding: 8px 0 7px; text-align: center; text-overflow: ellipsis; white-space: nowrap;\"><a style=\"color: #c9c8cd; font-family: Arial,sans-serif; font-size: 14px; font-style: normal; font-weight: normal; line-height: 17px; text-decoration: none;\" href=\"https:\/\/www.instagram.com\/reel\/CiaRxIfA9h6\/?utm_source=ig_embed&amp;utm_campaign=loading\" target=\"_blank\" rel=\"noopener\">Una publicaci\u00f3n compartida por Central de Noticias Olavarr\u00eda (@cdnolavarria)<\/a><\/p>\n<\/div>\n<\/blockquote>\n<p><script async src=\"\/\/www.instagram.com\/embed.js\"><\/script><\/p>\n<p>&nbsp;<\/p>\n<p>Por su parte, <strong>Maximiliano Rodr\u00edguez, trabajador de Pedidos Ya<\/strong> cont\u00f3 que <strong>\u201cestamos teniendo m\u00e1s o menos un caso por d\u00eda de robo o intento de robo en las \u00faltimas tres semanas y media, casi un mes\u201d. <\/strong><\/p>\n<p>&nbsp;<\/p>\n<p><strong><img data-recalc-dims=\"1\" loading=\"lazy\" decoding=\"async\" class=\"aligncenter size-full wp-image-64690\" src=\"https:\/\/i0.wp.com\/cdnoticias.com\/wp-content\/uploads\/2022\/09\/motomandados-manifestacion-03-scaled.jpg?resize=800%2C480&#038;ssl=1\" alt=\"\" width=\"800\" height=\"480\" srcset=\"https:\/\/i0.wp.com\/cdnoticias.com\/wp-content\/uploads\/2022\/09\/motomandados-manifestacion-03-scaled.jpg?w=2560&amp;ssl=1 2560w, https:\/\/i0.wp.com\/cdnoticias.com\/wp-content\/uploads\/2022\/09\/motomandados-manifestacion-03-scaled.jpg?resize=300%2C180&amp;ssl=1 300w, https:\/\/i0.wp.com\/cdnoticias.com\/wp-content\/uploads\/2022\/09\/motomandados-manifestacion-03-scaled.jpg?resize=1024%2C614&amp;ssl=1 1024w, https:\/\/i0.wp.com\/cdnoticias.com\/wp-content\/uploads\/2022\/09\/motomandados-manifestacion-03-scaled.jpg?resize=768%2C461&amp;ssl=1 768w, https:\/\/i0.wp.com\/cdnoticias.com\/wp-content\/uploads\/2022\/09\/motomandados-manifestacion-03-scaled.jpg?resize=1536%2C921&amp;ssl=1 1536w, https:\/\/i0.wp.com\/cdnoticias.com\/wp-content\/uploads\/2022\/09\/motomandados-manifestacion-03-scaled.jpg?resize=2048%2C1228&amp;ssl=1 2048w, https:\/\/i0.wp.com\/cdnoticias.com\/wp-content\/uploads\/2022\/09\/motomandados-manifestacion-03-scaled.jpg?w=1600&amp;ssl=1 1600w, https:\/\/i0.wp.com\/cdnoticias.com\/wp-content\/uploads\/2022\/09\/motomandados-manifestacion-03-scaled.jpg?w=2400&amp;ssl=1 2400w\" sizes=\"auto, (max-width: 800px) 100vw, 800px\" \/>\u00a0<\/strong><\/p>\n<p>&nbsp;<\/p>\n<p>Resalt\u00f3 que la mayor cantidad de hechos \u201cse da en zonas pasando Avellaneda, Alberdi, Trabajadores y Pellegrini\u201d aunque \u201c<strong>en las dos \u00faltimas semanas no solo andan en las afueras sino en pleno centro<\/strong>, inclusive en lugares donde hay c\u00e1maras de seguridad que podr\u00edan registrar estos movimientos\u201d.<\/p>\n","protected":false},"excerpt":{"rendered":"<p>Motomandados se manifestaron en el Paseo Jes\u00fas Mend\u00eda. Piden mayor presencia policial ante los reiterados asaltos que sufren. \u201cNos est\u00e1n<\/p>\n","protected":false},"author":5,"featured_media":64688,"comment_status":"closed","ping_status":"closed","sticky":false,"template":"","format":"standard","meta":{"_jetpack_memberships_contains_paid_content":false,"footnotes":""},"categories":[5,1],"tags":[],"class_list":["post-64685","post","type-post","status-publish","format-standard","has-post-thumbnail","hentry","category-informacion-general","category-portada"],"jetpack_featured_media_url":"https:\/\/i0.wp.com\/cdnoticias.com\/wp-content\/uploads\/2022\/09\/motomandados-manifestacion-01-scaled.jpg?fit=2560%2C1536&ssl=1","jetpack_sharing_enabled":true,"_links":{"self":[{"href":"https:\/\/cdnoticias.com\/index.php\/wp-json\/wp\/v2\/posts\/64685","targetHints":{"allow":["GET"]}}],"collection":[{"href":"https:\/\/cdnoticias.com\/index.php\/wp-json\/wp\/v2\/posts"}],"about":[{"href":"https:\/\/cdnoticias.com\/index.php\/wp-json\/wp\/v2\/types\/post"}],"author":[{"embeddable":true,"href":"https:\/\/cdnoticias.com\/index.php\/wp-json\/wp\/v2\/users\/5"}],"replies":[{"embeddable":true,"href":"https:\/\/cdnoticias.com\/index.php\/wp-json\/wp\/v2\/comments?post=64685"}],"version-history":[{"count":0,"href":"https:\/\/cdnoticias.com\/index.php\/wp-json\/wp\/v2\/posts\/64685\/revisions"}],"wp:featuredmedia":[{"embeddable":true,"href":"https:\/\/cdnoticias.com\/index.php\/wp-json\/wp\/v2\/media\/64688"}],"wp:attachment":[{"href":"https:\/\/cdnoticias.com\/index.php\/wp-json\/wp\/v2\/media?parent=64685"}],"wp:term":[{"taxonomy":"category","embeddable":true,"href":"https:\/\/cdnoticias.com\/index.php\/wp-json\/wp\/v2\/categories?post=64685"},{"taxonomy":"post_tag","embeddable":true,"href":"https:\/\/cdnoticias.com\/index.php\/wp-json\/wp\/v2\/tags?post=64685"}],"curies":[{"name":"wp","href":"https:\/\/api.w.org\/{rel}","templated":true}]}}