{"id":64648,"date":"2022-09-13T12:23:48","date_gmt":"2022-09-11T19:31:44","guid":{"rendered":"https:\/\/www.centraldenoticias.com.ar\/?p=64648"},"modified":"2025-02-02T13:13:20","modified_gmt":"2025-02-02T16:13:20","slug":"importante-concurrencia-a-la-capacitacion-en-rcp-en-el-club-el-provincial","status":"publish","type":"post","link":"https:\/\/cdnoticias.com\/index.php\/2022\/09\/13\/importante-concurrencia-a-la-capacitacion-en-rcp-en-el-club-el-provincial\/","title":{"rendered":"Importante concurrencia a la capacitaci\u00f3n en RCP en el club El Provincial"},"content":{"rendered":"<p>Importante marco de p\u00fablico pudo verse en la tarde del \u00faltimo jueves en la sede del Club El Provincial, sitio donde se llev\u00f3 a cabo un nuevo curso y capacitaci\u00f3n tanto en RCP (Reanimaci\u00f3n Cardio Pulmonar) encabezado desde la Direcci\u00f3n de Atenci\u00f3n Primaria de Salud Municipal, pero que en esta ocasi\u00f3n fue organizado y coordinado de manera conjunta con la Liga de F\u00fatbol de Olavarr\u00eda.<\/p>\n<p><!--more--><\/p>\n<hr \/>\n<p>La actividad fue encabezada por la subdirectora de Enfermer\u00eda de Atenci\u00f3n Primaria de la Salud Viviana Schneider y concurrieron alrededor de un centenar de personas. Se trat\u00f3 dirigentes, tanto de clubes como de la mencionada instituci\u00f3n, como as\u00ed tambi\u00e9n \u00e1rbitros y jugadores de las distintas categor\u00edas tanto masculinas como femeninas. A la par, tambi\u00e9n se acercaron vecinos y vecinas de los barrios Alberdi, Pueblo Nuevo y sectores aleda\u00f1os.<\/p>\n<p>&nbsp;<\/p>\n<p>La profesional de la salud brind\u00f3 informaci\u00f3n acerca de c\u00f3mo llevar adelante de manera correcta esta maniobra, teniendo la posibilidad los presentes de poder efectuar la pr\u00e1ctica con mu\u00f1ecos dise\u00f1ados para esa finalidad. La jornada se enmarc\u00f3, a la par, en el Programa \u201cCiudad Cardioprotegida\u201d.<\/p>\n","protected":false},"excerpt":{"rendered":"<p>Importante marco de p\u00fablico pudo verse en la tarde del \u00faltimo jueves en la sede del Club El Provincial, sitio<\/p>\n","protected":false},"author":96739694,"featured_media":148751,"comment_status":"closed","ping_status":"closed","sticky":false,"template":"","format":"standard","meta":{"_jetpack_memberships_contains_paid_content":false,"footnotes":""},"categories":[30,1],"tags":[],"class_list":["post-64648","post","type-post","status-publish","format-standard","has-post-thumbnail","hentry","category-polideportivo","category-portada"],"jetpack_featured_media_url":"https:\/\/i0.wp.com\/cdnoticias.com\/wp-content\/uploads\/2022\/09\/Salud-RCP-Liga-de-Futbol-1-scaled.jpg?fit=2560%2C1707&ssl=1","jetpack_sharing_enabled":true,"_links":{"self":[{"href":"https:\/\/cdnoticias.com\/index.php\/wp-json\/wp\/v2\/posts\/64648","targetHints":{"allow":["GET"]}}],"collection":[{"href":"https:\/\/cdnoticias.com\/index.php\/wp-json\/wp\/v2\/posts"}],"about":[{"href":"https:\/\/cdnoticias.com\/index.php\/wp-json\/wp\/v2\/types\/post"}],"author":[{"embeddable":true,"href":"https:\/\/cdnoticias.com\/index.php\/wp-json\/wp\/v2\/users\/96739694"}],"replies":[{"embeddable":true,"href":"https:\/\/cdnoticias.com\/index.php\/wp-json\/wp\/v2\/comments?post=64648"}],"version-history":[{"count":0,"href":"https:\/\/cdnoticias.com\/index.php\/wp-json\/wp\/v2\/posts\/64648\/revisions"}],"wp:featuredmedia":[{"embeddable":true,"href":"https:\/\/cdnoticias.com\/index.php\/wp-json\/wp\/v2\/media\/148751"}],"wp:attachment":[{"href":"https:\/\/cdnoticias.com\/index.php\/wp-json\/wp\/v2\/media?parent=64648"}],"wp:term":[{"taxonomy":"category","embeddable":true,"href":"https:\/\/cdnoticias.com\/index.php\/wp-json\/wp\/v2\/categories?post=64648"},{"taxonomy":"post_tag","embeddable":true,"href":"https:\/\/cdnoticias.com\/index.php\/wp-json\/wp\/v2\/tags?post=64648"}],"curies":[{"name":"wp","href":"https:\/\/api.w.org\/{rel}","templated":true}]}}