{"id":64629,"date":"2022-09-11T14:38:19","date_gmt":"2022-09-11T17:38:19","guid":{"rendered":"https:\/\/www.centraldenoticias.com.ar\/?p=64629"},"modified":"2022-09-12T07:58:06","modified_gmt":"2022-09-12T10:58:06","slug":"encuestas-los-fondos-municipales-y-las-canillas-que-miran-al-hcd","status":"publish","type":"post","link":"https:\/\/cdnoticias.com\/index.php\/2022\/09\/11\/encuestas-los-fondos-municipales-y-las-canillas-que-miran-al-hcd\/","title":{"rendered":"Encuestas, los fondos municipales y las canillas que miran al HCD"},"content":{"rendered":"<p>\u00bfA qui\u00e9n miden los encuestadores en Olavarr\u00eda? Los intendentes de Juntos vuelven a plantarse ante Kicillof y empiezan a decidir estrategia electoral. El costo de obras sanitarias para Coopelectric y los subsidios en los servicios p\u00fablicos.<\/p>\n<p><!--more--><\/p>\n<hr \/>\n<p><em>(Este es un extracto del newsletter Volver a las Fuentes*, realizado por Josefina Bargas y Alexis Grierson.<a href=\"https:\/\/mailchi.mp\/acff0403cc47\/mientras-miramos-nmeros-juntos-marca-la-cancha-bonaerense?e=e4ffb04d40\" target=\"_blank\" rel=\"noopener\">\u00a0La versi\u00f3n completa la pueden leer ac\u00e1<\/a>).\u00a0<\/em><\/p>\n<p>&nbsp;<\/p>\n<p><strong><u>Los n\u00fameros del momento<\/u><\/strong><\/p>\n<p>Siempre hay mediciones. Sirven para gestionar, para planificar, para entender d\u00f3nde se est\u00e1 parado. Hay cualitativas, cuantitativas. Quiz\u00e1s analizar las intenciones de voto hoy queda lejos, bastante. Pero s\u00ed hay\u00a0<strong>inter\u00e9s en algunos datos<\/strong>\u00a0-a los que pudo acceder este newsletter- que pintan d\u00f3nde estamos.<br \/>\n&nbsp;<\/p>\n<p>Por ejemplo,\u00a0<strong>en nombres<\/strong>. Se conocieron al menos dos (y una tercera, con menos datos) encuestas que ya tienen resultados. No vamos a decir qui\u00e9n es el mejor o el peor con cifras, pero s\u00ed ver los nombres que se est\u00e1n consultando.<br \/>\n&nbsp;<\/p>\n<p><strong>En los tres sondeos, el Intendente Galli aparece liderando las intenciones de voto y, tambi\u00e9n, las im\u00e1genes como dirigente pol\u00edtico local<\/strong>. Algunos con mayor o menor diferencia, pero siempre aparece encabezando. Un encuestador, en di\u00e1logo con este newsletter, indic\u00f3 que\u00a0<em>\u201cse nota un peque\u00f1o retroceso pero hoy no es par\u00e1metro, falta <\/em><em>demasiado para las elecciones\u201d<\/em>.<\/p>\n<p>&nbsp;<\/p>\n<p><img data-recalc-dims=\"1\" loading=\"lazy\" decoding=\"async\" class=\"size-large wp-image-54567 aligncenter\" src=\"https:\/\/i0.wp.com\/cdnoticias.com\/wp-content\/uploads\/2022\/05\/galli-ezequiel-01.jpg?resize=800%2C480&#038;ssl=1\" alt=\"\" width=\"800\" height=\"480\" srcset=\"https:\/\/i0.wp.com\/cdnoticias.com\/wp-content\/uploads\/2022\/05\/galli-ezequiel-01-scaled.jpg?resize=1024%2C614&amp;ssl=1 1024w, https:\/\/i0.wp.com\/cdnoticias.com\/wp-content\/uploads\/2022\/05\/galli-ezequiel-01-scaled.jpg?resize=300%2C180&amp;ssl=1 300w, https:\/\/i0.wp.com\/cdnoticias.com\/wp-content\/uploads\/2022\/05\/galli-ezequiel-01-scaled.jpg?resize=768%2C461&amp;ssl=1 768w, https:\/\/i0.wp.com\/cdnoticias.com\/wp-content\/uploads\/2022\/05\/galli-ezequiel-01-scaled.jpg?resize=1536%2C921&amp;ssl=1 1536w, https:\/\/i0.wp.com\/cdnoticias.com\/wp-content\/uploads\/2022\/05\/galli-ezequiel-01-scaled.jpg?resize=2048%2C1228&amp;ssl=1 2048w, https:\/\/i0.wp.com\/cdnoticias.com\/wp-content\/uploads\/2022\/05\/galli-ezequiel-01-scaled.jpg?w=1600&amp;ssl=1 1600w, https:\/\/i0.wp.com\/cdnoticias.com\/wp-content\/uploads\/2022\/05\/galli-ezequiel-01-scaled.jpg?w=2400&amp;ssl=1 2400w\" sizes=\"auto, (max-width: 800px) 100vw, 800px\" \/><br \/>\n&nbsp;<\/p>\n<p>Despu\u00e9s,\u00a0<strong>el Frente de Todos se consolida como alternativa<\/strong>\u00a0de gobierno a la gesti\u00f3n Galli. La variable aparece en qui\u00e9n encabeza esa alternativa. Algunos sondeos ni siquiera contemplaron la posibilidad de que<strong>\u00a0Federico Aguilera\u00a0<\/strong>sea candidato y midieron al concejal\u00a0<strong>Maximiliano Wesner;<\/strong>\u00a0otras, al rev\u00e9s, dado que midieron a Aguilera (\u201cmide muy bien\u201d agregaron) y no a Wesner, y un tercer sondeo que consult\u00f3 por los dos. \u00bfEl resultado?\u00a0<strong>Aguilera tiene m\u00e1s imagen y mayor intenci\u00f3n de voto, pero Wesner tiene un mayor margen de desconocimiento<\/strong>. Eso, en el plano pol\u00edtico, es todo posibilidad de crecimiento.<br \/>\n&nbsp;<\/p>\n<p>Como apostilla,<strong>\u00a0los \u00faltimos d\u00edas han sido de una visibilidad expuesta de Wesner<\/strong>, que se lo vio en variada recorrida y con las redes sociales a pleno. En contrapartida, Aguilera sigue trabajando estrictamente en la gesti\u00f3n de Miner\u00eda y con un perfil bastante m\u00e1s bajo, o no tan alto como en otros tiempos.<br \/>\n&nbsp;<\/p>\n<p><img data-recalc-dims=\"1\" loading=\"lazy\" decoding=\"async\" class=\"alignnone wp-image-48325\" src=\"https:\/\/i0.wp.com\/cdnoticias.com\/wp-content\/uploads\/2022\/03\/federicoaguilera01.jpg?resize=370%2C206&#038;ssl=1\" alt=\"\" width=\"370\" height=\"206\" srcset=\"https:\/\/i0.wp.com\/cdnoticias.com\/wp-content\/uploads\/2022\/03\/federicoaguilera01.jpg?resize=1024%2C570&amp;ssl=1 1024w, https:\/\/i0.wp.com\/cdnoticias.com\/wp-content\/uploads\/2022\/03\/federicoaguilera01.jpg?resize=300%2C167&amp;ssl=1 300w, https:\/\/i0.wp.com\/cdnoticias.com\/wp-content\/uploads\/2022\/03\/federicoaguilera01.jpg?resize=768%2C427&amp;ssl=1 768w, https:\/\/i0.wp.com\/cdnoticias.com\/wp-content\/uploads\/2022\/03\/federicoaguilera01.jpg?resize=800%2C445&amp;ssl=1 800w, https:\/\/i0.wp.com\/cdnoticias.com\/wp-content\/uploads\/2022\/03\/federicoaguilera01.jpg?w=1280&amp;ssl=1 1280w\" sizes=\"auto, (max-width: 370px) 100vw, 370px\" \/><img data-recalc-dims=\"1\" loading=\"lazy\" decoding=\"async\" class=\"alignnone wp-image-38287\" src=\"https:\/\/i0.wp.com\/cdnoticias.com\/wp-content\/uploads\/2021\/11\/wesner1.jpg?resize=370%2C206&#038;ssl=1\" alt=\"\" width=\"370\" height=\"206\" srcset=\"https:\/\/i0.wp.com\/cdnoticias.com\/wp-content\/uploads\/2021\/11\/wesner1.jpg?resize=1024%2C570&amp;ssl=1 1024w, https:\/\/i0.wp.com\/cdnoticias.com\/wp-content\/uploads\/2021\/11\/wesner1.jpg?resize=300%2C167&amp;ssl=1 300w, https:\/\/i0.wp.com\/cdnoticias.com\/wp-content\/uploads\/2021\/11\/wesner1.jpg?resize=768%2C427&amp;ssl=1 768w, https:\/\/i0.wp.com\/cdnoticias.com\/wp-content\/uploads\/2021\/11\/wesner1.jpg?resize=800%2C445&amp;ssl=1 800w, https:\/\/i0.wp.com\/cdnoticias.com\/wp-content\/uploads\/2021\/11\/wesner1.jpg?w=1600&amp;ssl=1 1600w\" sizes=\"auto, (max-width: 370px) 100vw, 370px\" \/><br \/>\n&nbsp;<\/p>\n<p>\u00bfS\u00edntesis? El s\u00e1bado, en las ya\u00a0<strong>tradicionales e importantes caminatas del Frente de Todos -en este caso en Barrio Facundo Quiroga I y II-<\/strong>\u00a0se los vio juntos en toda la recorrida. Los dos est\u00e1n en carrera y tanto las encuestas como en la visibilidad de cara a la ciudadan\u00eda. La pelota, de todos modos, la tiene Wesner hoy.<br \/>\n&nbsp;<\/p>\n<p>Volviendo a las encuestas, el paso paradigm\u00e1tico es el de\u00a0<strong>Celeste Arouxet.<\/strong>\u00a0Siempre ubicada en el ala \u201clibertaria\u201d -ya sea con Espert o con Milei- retiene el 10% de los votos. \u00bfPor qu\u00e9 es paradigm\u00e1tico?\u00a0<strong>A un a\u00f1o de las elecciones que le dieron la banca en el Concejo Deliberante, se mantuvo en la misma cifra<\/strong>.\u00a0<em>\u201cTeniendo en cuenta que aumentan los indecisos, los enojados, y dem\u00e1s, sostener una intenci\u00f3n de voto tanto tiempo es para resaltar\u201d<\/em>.<br \/>\n&nbsp;<\/p>\n<p><img data-recalc-dims=\"1\" loading=\"lazy\" decoding=\"async\" class=\"size-large wp-image-45752 aligncenter\" src=\"https:\/\/i0.wp.com\/cdnoticias.com\/wp-content\/uploads\/2022\/02\/Celeste-Arouxet.jpg?resize=800%2C534&#038;ssl=1\" alt=\"\" width=\"800\" height=\"534\" srcset=\"https:\/\/i0.wp.com\/cdnoticias.com\/wp-content\/uploads\/2022\/02\/Celeste-Arouxet-scaled.jpg?resize=1024%2C684&amp;ssl=1 1024w, https:\/\/i0.wp.com\/cdnoticias.com\/wp-content\/uploads\/2022\/02\/Celeste-Arouxet-scaled.jpg?resize=300%2C201&amp;ssl=1 300w, https:\/\/i0.wp.com\/cdnoticias.com\/wp-content\/uploads\/2022\/02\/Celeste-Arouxet-scaled.jpg?resize=768%2C513&amp;ssl=1 768w, https:\/\/i0.wp.com\/cdnoticias.com\/wp-content\/uploads\/2022\/02\/Celeste-Arouxet-scaled.jpg?resize=1536%2C1027&amp;ssl=1 1536w, https:\/\/i0.wp.com\/cdnoticias.com\/wp-content\/uploads\/2022\/02\/Celeste-Arouxet-scaled.jpg?resize=2048%2C1369&amp;ssl=1 2048w, https:\/\/i0.wp.com\/cdnoticias.com\/wp-content\/uploads\/2022\/02\/Celeste-Arouxet-scaled.jpg?resize=272%2C182&amp;ssl=1 272w, https:\/\/i0.wp.com\/cdnoticias.com\/wp-content\/uploads\/2022\/02\/Celeste-Arouxet-scaled.jpg?w=1600&amp;ssl=1 1600w, https:\/\/i0.wp.com\/cdnoticias.com\/wp-content\/uploads\/2022\/02\/Celeste-Arouxet-scaled.jpg?w=2400&amp;ssl=1 2400w\" sizes=\"auto, (max-width: 800px) 100vw, 800px\" \/><br \/>\n&nbsp;<\/p>\n<p>En el radicalismo, por ahora, fue posicionado\u00a0<strong>Sebasti\u00e1n Matrella<\/strong>\u00a0en dos sondeos como un dirigente que podr\u00eda encabezar una propuesta para ir contra Ezequiel Galli en las PASO.<br \/>\n&nbsp;<\/p>\n<p>En conclusi\u00f3n: solo una foto de una larga pel\u00edcula -intensa, de esas de acci\u00f3n que ya tuvo una pandemia, una crisis, una legislativa, decenas de situaciones y hasta un atentado- que promete tener m\u00e1s cap\u00edtulos de cara a 2023. Es interesante ver los nombres, por ahora.<br \/>\n&nbsp;<\/p>\n<p><u><strong>Juntos: edici\u00f3n gesti\u00f3n<\/strong><\/u><br \/>\n&nbsp;<\/p>\n<p>La semana para el Municipio no tuvo demasiados sobresaltos. <a href=\"https:\/\/cdnoticias.com\/index.php\/2022\/09\/08\/silvana-rosales-la-tarjeta-alimentaria-es-una-ayuda\/\" target=\"_blank\" rel=\"noopener\">Un balance de los tres meses de la aplicaci\u00f3n del<strong>\u00a0Programa Alimentario<\/strong><\/a>\u00a0mediante tarjeta, con anuncio de aumento en el monto en funci\u00f3n del IPC -para totalizar 3000 pesos- y tibia respuesta a los pedidos de aumentar la cantidad de comercios adheridos y de habilitar la compra de art\u00edculos de higiene y limpieza. Adem\u00e1s, despu\u00e9s de planteos que salieron y tuvieron eco en el HCD, se dio a conocer una\u00a0<strong>licitaci\u00f3n para el mantenimiento de puentes colgantes y otra para la limpieza de basurales<\/strong>.<br \/>\n&nbsp;<\/p>\n<p>El viernes fue el d\u00eda clave:\u00a0<strong>Ezequiel Galli se fue a Balcarce, tierra radical, para participar del Foro de Intendentes de Juntos<\/strong>. Se reunieron 52 jefes comunales bonaerenses, con pocas ausencias con aviso. <a href=\"https:\/\/cdnoticias.com\/index.php\/2022\/09\/10\/intendentes-de-juntos-en-balcarce-el-eje-fue-la-autonomia-municipal\/\" target=\"_blank\" rel=\"noopener\">Hubo dos temas clave: los fondos para los municipios y el a\u00f1o electoral 2023<\/a>.<br \/>\n&nbsp;<\/p>\n<p>El planteo que se comunic\u00f3 al p\u00fablico no difiri\u00f3 mucho de lo que ya expusieron los intendentes del PRO y los radicales por separado en julio y en agosto con reuniones y comunicados. \u00bfCu\u00e1l es la cuesti\u00f3n?\u00a0<strong>Los fondos del FIM y de Seguridad<\/strong>\u00a0que se definieron en diciembre pasado, nueve meses despu\u00e9s perdieron much\u00edsimo valor al ritmo de la inflaci\u00f3n.\u00a0<strong>Los intendentes pretenden que Kicillof habilite una compensaci\u00f3n<\/strong>, lo cual el gobernador ya dijo que no lo har\u00e1.\u00a0<a href=\"https:\/\/ar.pinterest.com\/pin\/601019512777772939\/\" target=\"_blank\" rel=\"noopener\">Estilo meme de Moria<\/a>.<\/p>\n<p>&nbsp;<\/p>\n<p><img data-recalc-dims=\"1\" loading=\"lazy\" decoding=\"async\" class=\"size-full wp-image-64562 aligncenter\" src=\"https:\/\/i0.wp.com\/cdnoticias.com\/wp-content\/uploads\/2022\/09\/foro-de-intendentes-de-Juntos-Balcarce-00.jpg?resize=800%2C445&#038;ssl=1\" alt=\"\" width=\"800\" height=\"445\" srcset=\"https:\/\/i0.wp.com\/cdnoticias.com\/wp-content\/uploads\/2022\/09\/foro-de-intendentes-de-Juntos-Balcarce-00.jpg?w=800&amp;ssl=1 800w, https:\/\/i0.wp.com\/cdnoticias.com\/wp-content\/uploads\/2022\/09\/foro-de-intendentes-de-Juntos-Balcarce-00.jpg?resize=300%2C167&amp;ssl=1 300w, https:\/\/i0.wp.com\/cdnoticias.com\/wp-content\/uploads\/2022\/09\/foro-de-intendentes-de-Juntos-Balcarce-00.jpg?resize=768%2C427&amp;ssl=1 768w\" sizes=\"auto, (max-width: 800px) 100vw, 800px\" \/><br \/>\n&nbsp;<\/p>\n<p>Pero fueron m\u00e1s all\u00e1: en realidad los intendentes\u00a0<strong>ya adelantaron los t\u00e9rminos en que van a ir a discutir el Presupuesto 2023<\/strong>\u00a0con el oficialismo bonaerense. Van a buscar fijar por ley los dos fondos y dejar establecido su reparto por CUD.<br \/>\n&nbsp;<\/p>\n<p>Y quieren m\u00e1s.\u00a0<strong>Jugaron la carta de la transparencia para se\u00f1alar la \u201cnecesidad\u201d de que la Gobernaci\u00f3n muestre c\u00f3mo se define ese coeficiente<\/strong>. Es una discusi\u00f3n que todos los intendentes (sobre todo los de los distritos que habitualmente pierden en el reparto de coparticipaci\u00f3n) plantean por lo bajo cuando son oficialismo y en alto cuando son oposici\u00f3n. Si bien la composici\u00f3n del CUD est\u00e1 establecida por ley, a la hora de explicar los cambios que se producen cada a\u00f1o cuando se informan los coeficientes por distrito nadie puede hacerlo de manera convincente.\u00a0<strong>Esto siempre, siempre, termina en que los intendentes opositores se quejan de que hay discrecionalidad en las decisiones<\/strong>. Y el Ministerio de Econom\u00eda suele dar tantas declaraciones como monje con voto de silencio.<br \/>\n&nbsp;<\/p>\n<p>De fondo, los intendentes de Juntos volvieron a declarar su intenci\u00f3n de buscar la aplicaci\u00f3n de las<strong>\u00a0autonom\u00edas municipales<\/strong>, algo fijado en la Constituci\u00f3n pero nunca concretado en la realidad. Dicen que hubo voces en ese foro que plantearon la importancia de que\u00a0<strong>esa intenci\u00f3n y todos los pedidos a la gobernaci\u00f3n se sostengan en el tiempo<\/strong>, m\u00e1s all\u00e1 de si en 2023 hay victoria electoral de una f\u00f3rmula de Juntos. Hasta hubo qui\u00e9n se quej\u00f3 de c\u00f3mo su municipio fue perjudicado en la gesti\u00f3n de Vidal.<br \/>\n&nbsp;<\/p>\n<p><u><strong>Juntos: edici\u00f3n electoral<\/strong><\/u><br \/>\n&nbsp;<\/p>\n<p>Y de aqu\u00ed vamos a citar\u00a0<a href=\"https:\/\/twitter.com\/ezequielgalli\/status\/1568362435928522755?s=20&amp;t=Xxyq1zCeOxAXMcZB1s_MFA\" target=\"_blank\" rel=\"noopener\">el tuit de Ezequiel Galli tras la reuni\u00f3n del Foro de Intendentes<\/a>:\u00a0<strong>\u201cTenemos claro que queremos volver a ser gobierno en 2023. Tambi\u00e9n que tiene que ser Juntos\u201d<\/strong>. Son dos declaraciones. La intenci\u00f3n de vencer en las elecciones y la de sostener el frente de partidos.<br \/>\nEl Foro se realiz\u00f3 en la misma semana en que hubo rumores de que el Gobierno Nacional iba a\u00a0<strong>eliminar las PASO<\/strong>. Voceros de la gesti\u00f3n de Alberto Fern\u00e1ndez negaron esa posibilidad, pero el mes pasado en Salta y este mes en San Juan, las legislaturas provinciales votaron reformas electorales que eliminaron las Primarias en esos territorios.<\/p>\n<p>&nbsp;<\/p>\n<p><img data-recalc-dims=\"1\" loading=\"lazy\" decoding=\"async\" class=\"size-large wp-image-64535 aligncenter\" src=\"https:\/\/i0.wp.com\/cdnoticias.com\/wp-content\/uploads\/2022\/09\/santilli-entrevista12-1024x614.jpg?resize=800%2C480&#038;ssl=1\" alt=\"\" width=\"800\" height=\"480\" srcset=\"https:\/\/i0.wp.com\/cdnoticias.com\/wp-content\/uploads\/2022\/09\/santilli-entrevista12-scaled.jpg?resize=1024%2C614&amp;ssl=1 1024w, https:\/\/i0.wp.com\/cdnoticias.com\/wp-content\/uploads\/2022\/09\/santilli-entrevista12-scaled.jpg?resize=300%2C180&amp;ssl=1 300w, https:\/\/i0.wp.com\/cdnoticias.com\/wp-content\/uploads\/2022\/09\/santilli-entrevista12-scaled.jpg?resize=768%2C461&amp;ssl=1 768w, https:\/\/i0.wp.com\/cdnoticias.com\/wp-content\/uploads\/2022\/09\/santilli-entrevista12-scaled.jpg?resize=1536%2C922&amp;ssl=1 1536w, https:\/\/i0.wp.com\/cdnoticias.com\/wp-content\/uploads\/2022\/09\/santilli-entrevista12-scaled.jpg?resize=2048%2C1229&amp;ssl=1 2048w, https:\/\/i0.wp.com\/cdnoticias.com\/wp-content\/uploads\/2022\/09\/santilli-entrevista12-scaled.jpg?w=1600&amp;ssl=1 1600w, https:\/\/i0.wp.com\/cdnoticias.com\/wp-content\/uploads\/2022\/09\/santilli-entrevista12-scaled.jpg?w=2400&amp;ssl=1 2400w\" sizes=\"auto, (max-width: 800px) 100vw, 800px\" \/><br \/>\n&nbsp;<\/p>\n<p>\u00bfHay chances de algo as\u00ed en la Provincia? No parece. Pero desde Juntos quieren trazar l\u00edmites: en entrevistas que difundi\u00f3 LetraP con intendentes que estaban en el Foro, Galli uno de ellos, no rechazaron de plano discutir el tema, pero s\u00ed dejaron en claro que\u00a0<strong>no puede haber cambio de reglas electorales para la elecci\u00f3n inmediata siguiente<\/strong>. Y menos cuando faltan pocos meses para que comiencen los plazos del proceso de elecciones.<br \/>\n&nbsp;<\/p>\n<p>El planteo de los intendentes para disputar la gobernaci\u00f3n el a\u00f1o que viene fue muy similar al que dej\u00f3\u00a0<strong>Diego Santilli en Olavarr\u00eda: habl\u00f3 de \u201cf\u00f3rmulas mixtas\u201d, para las postulaciones<\/strong>, pero tambi\u00e9n para una eventual gesti\u00f3n. (<a href=\"https:\/\/cdnoticias.com\/index.php\/2022\/09\/10\/diego-santilli-estoy-cumpliendo-mi-compromiso-que-es-estar-en-cada-rincon-de-la-provincia\/\" target=\"_blank\" rel=\"noopener\">Ac\u00e1 la entrevista<\/a>)<br \/>\n&nbsp;<\/p>\n<p>En el primer caso,\u00a0<strong>la referencia es a la composici\u00f3n partidaria<\/strong>. En la segunda, incluy\u00f3 tambi\u00e9n el antecedente en la administraci\u00f3n p\u00fablica.<br \/>\n&nbsp;<\/p>\n<p>Santilli pretende encabezar f\u00f3rmula para la gobernaci\u00f3n. No lo oculta, pero sabe que muy probablemente tendr\u00e1 que atravesar una interna.<strong>\u00a0\u201cLa etapa que viene ahora es la de consolidar liderazgos y vendr\u00e1n las primarias\u201d<\/strong>\u00a0dijo. Sin nombrar a Cristian Ritondo, otro de los que se busca la candidatura y ya tiene el aval de Mauricio Macri, Santilli eligi\u00f3 sacar a relucir su CV en el PRO\u00a0<em>\u201ctrabajo hace 20 a\u00f1os con Mauricio, trabajo hace lo mismo tiempo con Horacio, conozco a Patricia, conozco a Mar\u00eda Eugenia. Cuando haya una primaria competiremos, tal vez con f\u00f3rmulas cruzadas\u201d<\/em>.<br \/>\n&nbsp;<\/p>\n<p>Fue la\u00a0<strong>segunda pista de la \u201cf\u00f3rmulas mixtas\u201d<\/strong>. Pero hay que decir tambi\u00e9n que ante la pregunta directa de\u00a0<em>si compart\u00eda lo que hab\u00eda dicho Ezequiel Galli hace un par de meses sobre <a href=\"https:\/\/cdnoticias.com\/index.php\/2022\/06\/09\/galli-repitio-que-santilli-debe-jugar-por-la-gobernacion-y-apunto-a-evitar-una-paso\/\" target=\"_blank\" rel=\"noopener\">una f\u00f3rmula Diego Santilli-Maxi Abad<\/a>, \u201cel colo\u201d rechaz\u00f3 responder.\u00a0<\/em>No quiere que los radicales tomen mal alguna menci\u00f3n de su parte.<\/p>\n<p>&nbsp;<\/p>\n<p><img data-recalc-dims=\"1\" loading=\"lazy\" decoding=\"async\" class=\"size-large wp-image-64530 aligncenter\" src=\"https:\/\/i0.wp.com\/cdnoticias.com\/wp-content\/uploads\/2022\/09\/santilli-entrevista7-1024x614.jpg?resize=800%2C480&#038;ssl=1\" alt=\"\" width=\"800\" height=\"480\" srcset=\"https:\/\/i0.wp.com\/cdnoticias.com\/wp-content\/uploads\/2022\/09\/santilli-entrevista7-scaled.jpg?resize=1024%2C614&amp;ssl=1 1024w, https:\/\/i0.wp.com\/cdnoticias.com\/wp-content\/uploads\/2022\/09\/santilli-entrevista7-scaled.jpg?resize=300%2C180&amp;ssl=1 300w, https:\/\/i0.wp.com\/cdnoticias.com\/wp-content\/uploads\/2022\/09\/santilli-entrevista7-scaled.jpg?resize=768%2C461&amp;ssl=1 768w, https:\/\/i0.wp.com\/cdnoticias.com\/wp-content\/uploads\/2022\/09\/santilli-entrevista7-scaled.jpg?resize=1536%2C921&amp;ssl=1 1536w, https:\/\/i0.wp.com\/cdnoticias.com\/wp-content\/uploads\/2022\/09\/santilli-entrevista7-scaled.jpg?resize=2048%2C1228&amp;ssl=1 2048w, https:\/\/i0.wp.com\/cdnoticias.com\/wp-content\/uploads\/2022\/09\/santilli-entrevista7-scaled.jpg?w=1600&amp;ssl=1 1600w, https:\/\/i0.wp.com\/cdnoticias.com\/wp-content\/uploads\/2022\/09\/santilli-entrevista7-scaled.jpg?w=2400&amp;ssl=1 2400w\" sizes=\"auto, (max-width: 800px) 100vw, 800px\" \/><br \/>\n&nbsp;<\/p>\n<p>En esa misma entrevista,\u00a0<strong>Ezequiel Galli dej\u00f3 algunos trazos de lo que en Juntos ya proyectan para asumir en 2023 en la Provincia<\/strong>:\u00a0<em>\u201cno en los primeros 100 d\u00edas: en las primeras 100 horas tomar decisiones complejas. Y dolorosas y necesarias\u201d<\/em>.<br \/>\n&nbsp;<\/p>\n<p>A todo esto, hasta ahora no dijimos a qu\u00e9 vino Diego Santilli a la ciudad:\u00a0<strong>inaugur\u00f3 el Instituto Rep\u00fablica regional Olavarr\u00eda<\/strong>\u00a0que tiene como director a Mart\u00edn Endere. Fue un acto con mucha asistencia de referentes de Juntos de Olavarr\u00eda y la S\u00e9ptima. La verdad, un \u00e9xito si tomamos en cuenta que el acto se hizo al aire libre, en una noche muy fr\u00eda y ventosa. \u00a1Valientes los amarillos! No estaba para descubrir placa ni sentarse en banquetitas en un patio sin reparos.<\/p>\n<p>&nbsp;<\/p>\n<p><u><strong>Se viene el agua<\/strong><\/u><br \/>\n&nbsp;<\/p>\n<p>En el marco de la\u00a0<strong>quita de subsidios y de los aumentos de los servicios p\u00fablicos<\/strong>\u00a0que se esperan en todo el pa\u00eds, un tema a tener en cuenta es\u00a0<strong>qu\u00e9 sucede con el servicio de Agua y Cloacas en nuestra ciudad<\/strong>.<br \/>\nEn los medios nacionales y provinciales\u00a0<strong>tanto AySA como ABSA han planteado su retraso tarifario<\/strong>\u00a0e incluso la propia Malena Galmarini dej\u00f3 en claro que,<em>\u00a0\u201ccon el plan de subsidios, el usuario de AySA cubre por tarifa el costo del 30% <\/em><em>del servicio, mientras que el 70 % restante es subsidiado\u201d<\/em>.<\/p>\n<p>&nbsp;<\/p>\n<p><img data-recalc-dims=\"1\" loading=\"lazy\" decoding=\"async\" class=\"aligncenter wp-image-2673\" src=\"https:\/\/i0.wp.com\/cdnoticias.com\/wp-content\/uploads\/2020\/09\/bajapresiondeagua.jpg?resize=800%2C450&#038;ssl=1\" alt=\"\" width=\"800\" height=\"450\" srcset=\"https:\/\/i0.wp.com\/cdnoticias.com\/wp-content\/uploads\/2020\/09\/bajapresiondeagua.jpg?w=960&amp;ssl=1 960w, https:\/\/i0.wp.com\/cdnoticias.com\/wp-content\/uploads\/2020\/09\/bajapresiondeagua.jpg?resize=300%2C169&amp;ssl=1 300w, https:\/\/i0.wp.com\/cdnoticias.com\/wp-content\/uploads\/2020\/09\/bajapresiondeagua.jpg?resize=768%2C432&amp;ssl=1 768w\" sizes=\"auto, (max-width: 800px) 100vw, 800px\" \/><br \/>\n&nbsp;<\/p>\n<p>En el caso de Olavarr\u00eda la concesi\u00f3n es municipal,\u00a0<strong>la cooperativa no recibe subsidios del Estado, absorbe los costos de la tarifa social\u00a0<\/strong>y el \u00faltimo aumento tarifario fue aprobado con valores de 2019.<br \/>\nCon este panorama\u00a0<strong>\u00bfCoopelectric estar\u00e1 analizando solicitar un reajuste tarifario\u00a0al HCD?<\/strong>\u00a0En los pr\u00f3ximos d\u00edas podr\u00eda haber novedades.<\/p>\n<p>&nbsp;<\/p>\n<p>* Un extracto<\/p>\n<p>&nbsp;<\/p>\n<p><em>Esta publicaci\u00f3n es parte de la edici\u00f3n de este domingo del\u00a0newsletter Volver a las Fuentes\u00a0que escriben\u00a0Alexis Grierson y Josefina Bargas.\u00a0<a href=\"https:\/\/mailchi.mp\/acff0403cc47\/mientras-miramos-nmeros-juntos-marca-la-cancha-bonaerense?e=e4ffb04d40\" target=\"_blank\" rel=\"noopener\">La edici\u00f3n completa est\u00e1 disponible aqu\u00ed<\/a> y se pueden suscribir de forma gratuita para recibirlo por mail<a href=\"https:\/\/gmail.us17.list-manage.com\/subscribe?u=cba2a41506a8e26d100c3f0f8&amp;id=63ce583cd9\" target=\"_blank\" rel=\"noopener\">\u00a0dejando sus datos en este formulario.<\/a><\/em><\/p>\n","protected":false},"excerpt":{"rendered":"<p>\u00bfA qui\u00e9n miden los encuestadores en Olavarr\u00eda? Los intendentes de Juntos vuelven a plantarse ante Kicillof y empiezan a decidir<\/p>\n","protected":false},"author":4,"featured_media":64563,"comment_status":"closed","ping_status":"closed","sticky":false,"template":"","format":"standard","meta":{"_jetpack_memberships_contains_paid_content":false,"footnotes":""},"categories":[4,1],"tags":[],"class_list":["post-64629","post","type-post","status-publish","format-standard","has-post-thumbnail","hentry","category-politica","category-portada"],"jetpack_featured_media_url":"https:\/\/i0.wp.com\/cdnoticias.com\/wp-content\/uploads\/2022\/09\/foro-de-intendentes-de-Juntos-Balcarce-01.jpg?fit=800%2C445&ssl=1","jetpack_sharing_enabled":true,"_links":{"self":[{"href":"https:\/\/cdnoticias.com\/index.php\/wp-json\/wp\/v2\/posts\/64629","targetHints":{"allow":["GET"]}}],"collection":[{"href":"https:\/\/cdnoticias.com\/index.php\/wp-json\/wp\/v2\/posts"}],"about":[{"href":"https:\/\/cdnoticias.com\/index.php\/wp-json\/wp\/v2\/types\/post"}],"author":[{"embeddable":true,"href":"https:\/\/cdnoticias.com\/index.php\/wp-json\/wp\/v2\/users\/4"}],"replies":[{"embeddable":true,"href":"https:\/\/cdnoticias.com\/index.php\/wp-json\/wp\/v2\/comments?post=64629"}],"version-history":[{"count":0,"href":"https:\/\/cdnoticias.com\/index.php\/wp-json\/wp\/v2\/posts\/64629\/revisions"}],"wp:featuredmedia":[{"embeddable":true,"href":"https:\/\/cdnoticias.com\/index.php\/wp-json\/wp\/v2\/media\/64563"}],"wp:attachment":[{"href":"https:\/\/cdnoticias.com\/index.php\/wp-json\/wp\/v2\/media?parent=64629"}],"wp:term":[{"taxonomy":"category","embeddable":true,"href":"https:\/\/cdnoticias.com\/index.php\/wp-json\/wp\/v2\/categories?post=64629"},{"taxonomy":"post_tag","embeddable":true,"href":"https:\/\/cdnoticias.com\/index.php\/wp-json\/wp\/v2\/tags?post=64629"}],"curies":[{"name":"wp","href":"https:\/\/api.w.org\/{rel}","templated":true}]}}