{"id":64581,"date":"2022-09-10T13:44:32","date_gmt":"2022-09-10T16:44:32","guid":{"rendered":"https:\/\/www.centraldenoticias.com.ar\/?p=64581"},"modified":"2022-09-10T13:44:32","modified_gmt":"2022-09-10T16:44:32","slug":"violento-robo-en-villa-mi-serrania-a-un-hombre-le-dieron-cuatro-balazos","status":"publish","type":"post","link":"https:\/\/cdnoticias.com\/index.php\/2022\/09\/10\/violento-robo-en-villa-mi-serrania-a-un-hombre-le-dieron-cuatro-balazos\/","title":{"rendered":"Violento robo en Villa Mi Serran\u00eda: a un hombre le dieron cuatro balazos"},"content":{"rendered":"<p>Ocurri\u00f3 en la noche del viernes. Le robaron dinero y celulares. La v\u00edctima, un hombre de 37 a\u00f1os, qued\u00f3 internado en el Hospital Municipal.<!--more--><\/p>\n<hr \/>\n<p><strong>Un hombre fue v\u00edctima de un violento robo en su vivienda de la localidad de Villa Mi Serran\u00eda<\/strong>: los delincuentes le dieron <strong>cuatro disparos<\/strong> de arma de fuego.<\/p>\n<p>&nbsp;<\/p>\n<p>El caso se dio en la noche del viernes en San Luis entre Vega y Tucum\u00e1n. La v\u00edctima, <strong>Alfredo Pianciola (37), fue abordado por al menos tres delincuentes<\/strong> quienes le <strong>sustrajeron una suma de dinero y tel\u00e9fonos celulares<\/strong>.<\/p>\n<p>&nbsp;<\/p>\n<p><strong>Tras este robo se habr\u00eda producido el ataque con armas de fuego<\/strong>. Se dio el aviso al personal policial de la Subcomisar\u00eda de Loma Negra que lleg\u00f3 al domicilio y constat\u00f3 que la v\u00edctima estaba herida.<\/p>\n<p>&nbsp;<\/p>\n<p><strong>Pianciola fue trasladado al Hospital Municipal donde fue intervenido quir\u00fargicamente<\/strong>. Recibi\u00f3 lesiones en el abdomen y en las extremidades. <strong>Sigue internado<\/strong> en el centro de salud en estado estable.<\/p>\n<p>&nbsp;<\/p>\n<p>Las averiguaciones est\u00e1n a cargo del fiscal Christian Urlezaga de la UFI N\u00b0 7 de Olavarr\u00eda. <strong>La investigaci\u00f3n fue caratulada \u201crobo calificado y lesiones\u201d<\/strong>.<\/p>\n<p>&nbsp;<\/p>\n<p>En el domicilio del asalto, <strong>el propietario ten\u00eda plantines de marihuana y est\u00e1 registrado en el REPROCANN<\/strong> para el cultivo legal de cannabis. Se investiga si esta situaci\u00f3n est\u00e1 relacionada con el ataque sufrido.<\/p>\n<p>&nbsp;<\/p>\n","protected":false},"excerpt":{"rendered":"<p>Ocurri\u00f3 en la noche del viernes. Le robaron dinero y celulares. La v\u00edctima, un hombre de 37 a\u00f1os, qued\u00f3 internado<\/p>\n","protected":false},"author":4,"featured_media":5632,"comment_status":"closed","ping_status":"closed","sticky":false,"template":"","format":"standard","meta":{"_jetpack_memberships_contains_paid_content":false,"footnotes":""},"categories":[14,1],"tags":[],"class_list":["post-64581","post","type-post","status-publish","format-standard","has-post-thumbnail","hentry","category-policiales","category-portada"],"jetpack_featured_media_url":"https:\/\/i0.wp.com\/cdnoticias.com\/wp-content\/uploads\/2020\/11\/subcomisaria-loma-negra-02.jpg?fit=1280%2C720&ssl=1","jetpack_sharing_enabled":true,"_links":{"self":[{"href":"https:\/\/cdnoticias.com\/index.php\/wp-json\/wp\/v2\/posts\/64581","targetHints":{"allow":["GET"]}}],"collection":[{"href":"https:\/\/cdnoticias.com\/index.php\/wp-json\/wp\/v2\/posts"}],"about":[{"href":"https:\/\/cdnoticias.com\/index.php\/wp-json\/wp\/v2\/types\/post"}],"author":[{"embeddable":true,"href":"https:\/\/cdnoticias.com\/index.php\/wp-json\/wp\/v2\/users\/4"}],"replies":[{"embeddable":true,"href":"https:\/\/cdnoticias.com\/index.php\/wp-json\/wp\/v2\/comments?post=64581"}],"version-history":[{"count":0,"href":"https:\/\/cdnoticias.com\/index.php\/wp-json\/wp\/v2\/posts\/64581\/revisions"}],"wp:featuredmedia":[{"embeddable":true,"href":"https:\/\/cdnoticias.com\/index.php\/wp-json\/wp\/v2\/media\/5632"}],"wp:attachment":[{"href":"https:\/\/cdnoticias.com\/index.php\/wp-json\/wp\/v2\/media?parent=64581"}],"wp:term":[{"taxonomy":"category","embeddable":true,"href":"https:\/\/cdnoticias.com\/index.php\/wp-json\/wp\/v2\/categories?post=64581"},{"taxonomy":"post_tag","embeddable":true,"href":"https:\/\/cdnoticias.com\/index.php\/wp-json\/wp\/v2\/tags?post=64581"}],"curies":[{"name":"wp","href":"https:\/\/api.w.org\/{rel}","templated":true}]}}