{"id":6458,"date":"2020-11-13T19:50:12","date_gmt":"2020-11-13T22:50:12","guid":{"rendered":"http:\/\/www.centraldenoticias.com.ar\/?p=6458"},"modified":"2020-11-13T19:50:12","modified_gmt":"2020-11-13T22:50:12","slug":"jose-matias-gabriel-mapis-q-e-p-d","status":"publish","type":"post","link":"https:\/\/cdnoticias.com\/index.php\/2020\/11\/13\/jose-matias-gabriel-mapis-q-e-p-d\/","title":{"rendered":"Jos\u00e9 Mat\u00edas Gabriel Mapis (Q.E.P.D.)"},"content":{"rendered":"<p>Falleci\u00f3 el d\u00eda\u00a0 12 de Noviembre de 2020 a los 39 a\u00f1os de edad. Su hija Fiorella, su madre Elida Nilda Saizar, sus hermanos Carlos Antonio, Juan Jos\u00e9, Luisa Beatriz, Maria Rosa y Carlos Augusto, sus cu\u00f1adas Alicia Silvana, Silvia y Elida, sus cu\u00f1ados Horacio y Agust\u00edn, sus sobrinos y dem\u00e1s deudos participan su fallecimiento.<\/p>\n<p>&nbsp;<\/p>\n<p>No se realiza velatorio ni responso. Sus restos ser\u00e1n inhumados este s\u00e1bado desde las 10.30 en el cementerio Loma de Paz, servicio adherido a Coopelectric. Vecino de Pueblo Nuevo, transportista.<\/p>\n","protected":false},"excerpt":{"rendered":"<p>Falleci\u00f3 el d\u00eda\u00a0 12 de Noviembre de 2020 a los 39 a\u00f1os de edad. Su hija Fiorella, su madre Elida<\/p>\n","protected":false},"author":3,"featured_media":0,"comment_status":"closed","ping_status":"closed","sticky":false,"template":"","format":"standard","meta":{"_jetpack_memberships_contains_paid_content":false,"footnotes":""},"categories":[10],"tags":[],"class_list":["post-6458","post","type-post","status-publish","format-standard","hentry","category-necrologicas"],"jetpack_featured_media_url":"","jetpack_sharing_enabled":true,"_links":{"self":[{"href":"https:\/\/cdnoticias.com\/index.php\/wp-json\/wp\/v2\/posts\/6458","targetHints":{"allow":["GET"]}}],"collection":[{"href":"https:\/\/cdnoticias.com\/index.php\/wp-json\/wp\/v2\/posts"}],"about":[{"href":"https:\/\/cdnoticias.com\/index.php\/wp-json\/wp\/v2\/types\/post"}],"author":[{"embeddable":true,"href":"https:\/\/cdnoticias.com\/index.php\/wp-json\/wp\/v2\/users\/3"}],"replies":[{"embeddable":true,"href":"https:\/\/cdnoticias.com\/index.php\/wp-json\/wp\/v2\/comments?post=6458"}],"version-history":[{"count":0,"href":"https:\/\/cdnoticias.com\/index.php\/wp-json\/wp\/v2\/posts\/6458\/revisions"}],"wp:attachment":[{"href":"https:\/\/cdnoticias.com\/index.php\/wp-json\/wp\/v2\/media?parent=6458"}],"wp:term":[{"taxonomy":"category","embeddable":true,"href":"https:\/\/cdnoticias.com\/index.php\/wp-json\/wp\/v2\/categories?post=6458"},{"taxonomy":"post_tag","embeddable":true,"href":"https:\/\/cdnoticias.com\/index.php\/wp-json\/wp\/v2\/tags?post=6458"}],"curies":[{"name":"wp","href":"https:\/\/api.w.org\/{rel}","templated":true}]}}