{"id":6449,"date":"2020-11-13T19:39:25","date_gmt":"2020-11-13T22:39:25","guid":{"rendered":"http:\/\/www.centraldenoticias.com.ar\/?p=6449"},"modified":"2020-11-13T20:52:40","modified_gmt":"2020-11-13T23:52:40","slug":"alerta-meteorologico-por-tormentas-intensas-para-el-centro-bonaerense","status":"publish","type":"post","link":"https:\/\/cdnoticias.com\/index.php\/2020\/11\/13\/alerta-meteorologico-por-tormentas-intensas-para-el-centro-bonaerense\/","title":{"rendered":"Alerta Meteorol\u00f3gico por \u201ctormentas intensas\u201d para el centro bonaerense"},"content":{"rendered":"<p>As\u00ed fue detallado desde el Servicio Meteorol\u00f3gico Nacional, desde donde se prev\u00e9n lluvias para Olavarr\u00eda durante la noche de este viernes.<\/p>\n<p><!--more--><\/p>\n<hr \/>\n<p>En la tarde de este viernes el Servicio Meteorol\u00f3gico Nacional emiti\u00f3 <strong>un alerta por tormentas intensas, en el que el centro bonaerense aparece dentro de la denominada \u00e1rea de cobertura.<\/strong><\/p>\n<p>&nbsp;<\/p>\n<p><img data-recalc-dims=\"1\" loading=\"lazy\" decoding=\"async\" class=\"alignnone size-large wp-image-6450\" src=\"https:\/\/i0.wp.com\/cdnoticias.com\/wp-content\/uploads\/2020\/11\/pronos3.jpg?resize=800%2C348&#038;ssl=1\" alt=\"\" width=\"800\" height=\"348\" srcset=\"https:\/\/i0.wp.com\/cdnoticias.com\/wp-content\/uploads\/2020\/11\/pronos3.jpg?resize=1024%2C446&amp;ssl=1 1024w, https:\/\/i0.wp.com\/cdnoticias.com\/wp-content\/uploads\/2020\/11\/pronos3.jpg?resize=300%2C131&amp;ssl=1 300w, https:\/\/i0.wp.com\/cdnoticias.com\/wp-content\/uploads\/2020\/11\/pronos3.jpg?resize=768%2C334&amp;ssl=1 768w, https:\/\/i0.wp.com\/cdnoticias.com\/wp-content\/uploads\/2020\/11\/pronos3.jpg?w=1268&amp;ssl=1 1268w\" sizes=\"auto, (max-width: 800px) 100vw, 800px\" \/><\/p>\n<p>&nbsp;<\/p>\n<p>Seg\u00fan se detall\u00f3 en el comunicado, <strong>el alerta alcanza tambi\u00e9n al oeste bonaerense, adem\u00e1s de C\u00f3rdoba, La Pampa, Este de La Rioja, Centro y este de Mendoza, Centro y este de San Juan, San Luis.<\/strong><\/p>\n<p>&nbsp;<\/p>\n<p>\u201cEl centro y sur de San Luis, norte de La Pampa y sur de C\u00f3rdoba se encuentran con tormentas de variada intensidad, es de esperar que <strong>hacia la noche y madrugada sigan desarroll\u00e1ndose y se propaguen hacia el resto del \u00e1rea de cobertura, pudiendo ser algunas locamente fuertes y estar acompa\u00f1adas de abundante ca\u00edda de agua en cortos per\u00edodos, intensas r\u00e1fagas, fuerte actividad el\u00e9ctrica y ca\u00edda de granizo<\/strong>. Se estiman valores de precipitaci\u00f3n acumulada entre 30 y 50 mm, pudiendo ser superados en forma localizada\u201d, se expres\u00f3.<\/p>\n<p>&nbsp;<\/p>\n<p><img data-recalc-dims=\"1\" loading=\"lazy\" decoding=\"async\" class=\"alignnone size-large wp-image-6452\" src=\"https:\/\/i0.wp.com\/cdnoticias.com\/wp-content\/uploads\/2020\/11\/pronos.jpg?resize=800%2C261&#038;ssl=1\" alt=\"\" width=\"800\" height=\"261\" srcset=\"https:\/\/i0.wp.com\/cdnoticias.com\/wp-content\/uploads\/2020\/11\/pronos.jpg?resize=1024%2C334&amp;ssl=1 1024w, https:\/\/i0.wp.com\/cdnoticias.com\/wp-content\/uploads\/2020\/11\/pronos.jpg?resize=300%2C98&amp;ssl=1 300w, https:\/\/i0.wp.com\/cdnoticias.com\/wp-content\/uploads\/2020\/11\/pronos.jpg?resize=768%2C250&amp;ssl=1 768w, https:\/\/i0.wp.com\/cdnoticias.com\/wp-content\/uploads\/2020\/11\/pronos.jpg?w=1380&amp;ssl=1 1380w\" sizes=\"auto, (max-width: 800px) 100vw, 800px\" \/><\/p>\n<p>&nbsp;<\/p>\n<p>A la par, en lo particular para Olavarr\u00eda se <strong>pronostican tormentas fuertes para la noche de este viernes. Las precipitaciones continuar\u00edan, al menos, durante toda la jornada del s\u00e1bado<\/strong>, para la cual tambi\u00e9n est\u00e1n previstos fuertes vientos para el cierre de la jornada.<\/p>\n<p>&nbsp;<\/p>\n<p><strong>Para el domingo, en cambio, no se prev\u00e9n lluvias<\/strong> pero s\u00ed nuevamente fuertes vientos y r\u00e1fagas durante el cierre del d\u00eda.<\/p>\n","protected":false},"excerpt":{"rendered":"<p>As\u00ed fue detallado desde el Servicio Meteorol\u00f3gico Nacional, desde donde se prev\u00e9n lluvias para Olavarr\u00eda durante la noche de este<\/p>\n","protected":false},"author":3,"featured_media":6451,"comment_status":"closed","ping_status":"closed","sticky":false,"template":"","format":"standard","meta":{"_jetpack_memberships_contains_paid_content":false,"footnotes":""},"categories":[6,1],"tags":[],"class_list":["post-6449","post","type-post","status-publish","format-standard","has-post-thumbnail","hentry","category-nacionales","category-portada"],"jetpack_featured_media_url":"https:\/\/i0.wp.com\/cdnoticias.com\/wp-content\/uploads\/2020\/11\/pronos2.jpg?fit=811%2C550&ssl=1","jetpack_sharing_enabled":true,"_links":{"self":[{"href":"https:\/\/cdnoticias.com\/index.php\/wp-json\/wp\/v2\/posts\/6449","targetHints":{"allow":["GET"]}}],"collection":[{"href":"https:\/\/cdnoticias.com\/index.php\/wp-json\/wp\/v2\/posts"}],"about":[{"href":"https:\/\/cdnoticias.com\/index.php\/wp-json\/wp\/v2\/types\/post"}],"author":[{"embeddable":true,"href":"https:\/\/cdnoticias.com\/index.php\/wp-json\/wp\/v2\/users\/3"}],"replies":[{"embeddable":true,"href":"https:\/\/cdnoticias.com\/index.php\/wp-json\/wp\/v2\/comments?post=6449"}],"version-history":[{"count":0,"href":"https:\/\/cdnoticias.com\/index.php\/wp-json\/wp\/v2\/posts\/6449\/revisions"}],"wp:featuredmedia":[{"embeddable":true,"href":"https:\/\/cdnoticias.com\/index.php\/wp-json\/wp\/v2\/media\/6451"}],"wp:attachment":[{"href":"https:\/\/cdnoticias.com\/index.php\/wp-json\/wp\/v2\/media?parent=6449"}],"wp:term":[{"taxonomy":"category","embeddable":true,"href":"https:\/\/cdnoticias.com\/index.php\/wp-json\/wp\/v2\/categories?post=6449"},{"taxonomy":"post_tag","embeddable":true,"href":"https:\/\/cdnoticias.com\/index.php\/wp-json\/wp\/v2\/tags?post=6449"}],"curies":[{"name":"wp","href":"https:\/\/api.w.org\/{rel}","templated":true}]}}