{"id":64431,"date":"2022-09-08T18:30:04","date_gmt":"2022-09-08T21:30:04","guid":{"rendered":"https:\/\/www.centraldenoticias.com.ar\/?p=64431"},"modified":"2022-09-08T18:30:04","modified_gmt":"2022-09-08T21:30:04","slug":"se-voto-por-unanimidad-el-proyecto-que-regula-la-pirotecnia-sonora-en-la-provincia","status":"publish","type":"post","link":"https:\/\/cdnoticias.com\/index.php\/2022\/09\/08\/se-voto-por-unanimidad-el-proyecto-que-regula-la-pirotecnia-sonora-en-la-provincia\/","title":{"rendered":"Se vot\u00f3 por unanimidad el proyecto que regula la pirotecnia sonora en la provincia"},"content":{"rendered":"<p>&#8220;Estamos a un paso de tratar este proyecto en el Senado&#8221; remarc\u00f3 el legislador Eduardo &#8220;Bali&#8221; Bucca.<!--more--><\/p>\n<hr \/>\n<p>&nbsp;<\/p>\n<p>Durante la jornada de este jueves, en la Comisi\u00f3n de Legislaci\u00f3n General del Senado bonaerense, <strong>se aprob\u00f3 por unanimidad el proyecto de \u201cRegulaci\u00f3n del uso de artefactos de pirotecnia para uso recreativo\u201d<\/strong>, <strong>presentado por el legislador Eduardo \u201cBali\u201d Bucca.<\/strong><\/p>\n<p>&nbsp;<\/p>\n<p>\u201c<strong>Este proyecto apunta a la empat\u00eda,<\/strong> pensemos en las personas que tienen<strong> hipersensibilidad ac\u00fastica<\/strong>, estas personas<strong> no pueden controlar lo que genera el ruido:<\/strong> genera dolor, lo sienten como electricidad, es una cuesti\u00f3n sensorial que desencadena distintos tipos de comportamientos y en las personas con condiciones de espectro autista, a veces promueve la autolesi\u00f3n\u201d, explic\u00f3 el m\u00e9dico Bucca.<\/p>\n<p>&nbsp;<\/p>\n<p>Se sumaron a la comisi\u00f3n asociaciones de toda la provincia de Buenos Aires, y participaron como oradores referentes del autismo como el psic\u00f3logo Mat\u00edas Cadaveira, los ni\u00f1os influencers de 9 y 12 a\u00f1os, Ian Moche y Bruno Nicolini. Adem\u00e1s, de forma virtual expusieron Alexia Rattazzi de PANAACEA, la Asociaci\u00f3n de Padres TEA 3 de Febrero, Casa Abanico, CORIM Olavarr\u00eda, Asociaci\u00f3n Azul, TGD padres San Nicol\u00e1s y APAdeA, como tambi\u00e9n ni\u00f1os con la Condici\u00f3n del Espectro Autista (CEA) y familiares que dieron sus testimonios.<\/p>\n<p>&nbsp;<\/p>\n<p>\u201cMe alegra saber que cuando se trate en ambas c\u00e1maras el proyecto, <em><strong>miles de familias van a poder compartir la mesa de nochebuena en paz con sus hijos dentro la condici\u00f3n del espectro autista (CEA) que sufren de hipersensibilidad sonora<\/strong>;<strong> y otras miles no tendr\u00e1n que sedar a sus mascotas como habitualmente lo hacen<\/strong>. <strong>Estamos contentos por el gran alcance de la campa\u00f1a #Eleg\u00edLuces<\/strong> <\/em>y, sobre todo, por la votaci\u00f3n un\u00e1nime de la comisi\u00f3n\u201d, asegur\u00f3 Bucca.<\/p>\n<p>&nbsp;<\/p>\n<p><img data-recalc-dims=\"1\" loading=\"lazy\" decoding=\"async\" class=\"aligncenter wp-image-64433 size-large\" src=\"https:\/\/i0.wp.com\/cdnoticias.com\/wp-content\/uploads\/2022\/09\/WhatsApp-Image-2022-09-08-at-18.16.46.jpeg?resize=800%2C534&#038;ssl=1\" alt=\"\" width=\"800\" height=\"534\" srcset=\"https:\/\/i0.wp.com\/cdnoticias.com\/wp-content\/uploads\/2022\/09\/WhatsApp-Image-2022-09-08-at-18.16.46.jpeg?resize=1024%2C683&amp;ssl=1 1024w, https:\/\/i0.wp.com\/cdnoticias.com\/wp-content\/uploads\/2022\/09\/WhatsApp-Image-2022-09-08-at-18.16.46.jpeg?resize=300%2C200&amp;ssl=1 300w, https:\/\/i0.wp.com\/cdnoticias.com\/wp-content\/uploads\/2022\/09\/WhatsApp-Image-2022-09-08-at-18.16.46.jpeg?resize=768%2C513&amp;ssl=1 768w, https:\/\/i0.wp.com\/cdnoticias.com\/wp-content\/uploads\/2022\/09\/WhatsApp-Image-2022-09-08-at-18.16.46.jpeg?resize=272%2C182&amp;ssl=1 272w, https:\/\/i0.wp.com\/cdnoticias.com\/wp-content\/uploads\/2022\/09\/WhatsApp-Image-2022-09-08-at-18.16.46.jpeg?w=1479&amp;ssl=1 1479w\" sizes=\"auto, (max-width: 800px) 100vw, 800px\" \/><\/p>\n<p>&nbsp;<\/p>\n<p>Cabe destacar que el proyecto ya cuenta con el dictamen favorable de todas las comisiones, y solo resta su tratamiento en el recinto de la C\u00e1mara Alta bonaerense, para all\u00ed ser votado.<\/p>\n<p>&nbsp;<\/p>\n<p>\u201c<strong>Esta ley de pirotecnia cero est\u00e1 muy buena porque no solo beneficia a los autistas, sino tambi\u00e9n a los animales y la naturaleza.<\/strong> Pasito a pasito podemos intentar que no haya m\u00e1s pirotecnia\u201d, manifest\u00f3 en su discurso el<strong> joven activista de 9 a\u00f1os, Ian Moche<\/strong>. El proyecto plantea la prohibici\u00f3n y uso de art\u00edculos de pirotecnia que da\u00f1en la salud y el ambiente, respetando de ese modo, el derecho a la salud y bienestar de las personas que sufren de hipersensibilidad sonora, como las personas dentro del espectro autista, adultos mayores y ni\u00f1os.<\/p>\n<p>&nbsp;<\/p>\n<p>La <strong>estad\u00edstica mundial<\/strong> dice que <strong>1 de cada 58 ni\u00f1os es diagnosticado con CEA<\/strong>, y seg\u00fan lo expresado por sus familias, son los ni\u00f1os los que m\u00e1s sufren<strong>: se tapan los o\u00eddos, tienen crisis de llanto e incluso llegan a autolesionarse.<\/strong><\/p>\n<p>&nbsp;<\/p>\n<p>\u201cEl ruido elevado da\u00f1a y<em><strong> lo que para algunos pocos es diversi\u00f3n, para muchas familias bonaerenses significa pasarla mal. Estoy seguro que este proyecto va a marcar un antes y un despu\u00e9s en la sociedad<\/strong>.<\/em> Tenemos la obligaci\u00f3n que se respete y garantice el derecho de todos de disfrutar las fiestas\u201d cerr\u00f3 &#8220;Bali&#8221; Bucca.<\/p>\n","protected":false},"excerpt":{"rendered":"<p>&#8220;Estamos a un paso de tratar este proyecto en el Senado&#8221; remarc\u00f3 el legislador Eduardo &#8220;Bali&#8221; Bucca.<\/p>\n","protected":false},"author":6,"featured_media":64436,"comment_status":"closed","ping_status":"closed","sticky":false,"template":"","format":"standard","meta":{"_jetpack_memberships_contains_paid_content":false,"footnotes":""},"categories":[4,1],"tags":[],"class_list":["post-64431","post","type-post","status-publish","format-standard","has-post-thumbnail","hentry","category-politica","category-portada"],"jetpack_featured_media_url":"https:\/\/i0.wp.com\/cdnoticias.com\/wp-content\/uploads\/2022\/09\/Diseno-sin-titulo-52.jpg?fit=1920%2C1080&ssl=1","jetpack_sharing_enabled":true,"_links":{"self":[{"href":"https:\/\/cdnoticias.com\/index.php\/wp-json\/wp\/v2\/posts\/64431","targetHints":{"allow":["GET"]}}],"collection":[{"href":"https:\/\/cdnoticias.com\/index.php\/wp-json\/wp\/v2\/posts"}],"about":[{"href":"https:\/\/cdnoticias.com\/index.php\/wp-json\/wp\/v2\/types\/post"}],"author":[{"embeddable":true,"href":"https:\/\/cdnoticias.com\/index.php\/wp-json\/wp\/v2\/users\/6"}],"replies":[{"embeddable":true,"href":"https:\/\/cdnoticias.com\/index.php\/wp-json\/wp\/v2\/comments?post=64431"}],"version-history":[{"count":0,"href":"https:\/\/cdnoticias.com\/index.php\/wp-json\/wp\/v2\/posts\/64431\/revisions"}],"wp:featuredmedia":[{"embeddable":true,"href":"https:\/\/cdnoticias.com\/index.php\/wp-json\/wp\/v2\/media\/64436"}],"wp:attachment":[{"href":"https:\/\/cdnoticias.com\/index.php\/wp-json\/wp\/v2\/media?parent=64431"}],"wp:term":[{"taxonomy":"category","embeddable":true,"href":"https:\/\/cdnoticias.com\/index.php\/wp-json\/wp\/v2\/categories?post=64431"},{"taxonomy":"post_tag","embeddable":true,"href":"https:\/\/cdnoticias.com\/index.php\/wp-json\/wp\/v2\/tags?post=64431"}],"curies":[{"name":"wp","href":"https:\/\/api.w.org\/{rel}","templated":true}]}}