{"id":64390,"date":"2022-09-08T16:26:01","date_gmt":"2022-09-08T19:26:01","guid":{"rendered":"https:\/\/www.centraldenoticias.com.ar\/?p=64390"},"modified":"2022-09-08T16:26:01","modified_gmt":"2022-09-08T19:26:01","slug":"facso-se-prepara-para-recibir-a-cientos-de-estudiantes-en-sociales-en-accion","status":"publish","type":"post","link":"https:\/\/cdnoticias.com\/index.php\/2022\/09\/08\/facso-se-prepara-para-recibir-a-cientos-de-estudiantes-en-sociales-en-accion\/","title":{"rendered":"FACSO se prepara para recibir a cientos de estudiantes en Sociales en Acci\u00f3n"},"content":{"rendered":"<p>Ser\u00e1 el 5 y 6 de octubre. La Facultad de Ciencias Sociales volver\u00e1 a recibir a estudiantes secundarios en el Complejo Universitario Olavarr\u00eda.<!--more--><\/p>\n<hr \/>\n<p>Luego de dos ediciones en la que las actividades se realizaron de manera virtual producto de la emergencia sanitaria por Covid-19, este a\u00f1o la jornada de Sociales en Acci\u00f3n volver\u00e1 a ser presencial. El <strong>5 y 6 de octubre<\/strong> cientos de j\u00f3venes de escuelas secundarias de Olavarr\u00eda y localidades cercanas se acercar\u00e1n a la Facultad de Ciencias Sociales para participar de una diversidad de propuestas y actividades organizadas para esta edici\u00f3n.<\/p>\n<p>&nbsp;<\/p>\n<p>Desde hace m\u00e1s de dos d\u00e9cadas, <strong>Sociales en Acci\u00f3n<\/strong> desarrolla acciones de<strong> articulaci\u00f3n entre los niveles Secundario y Universitario<\/strong>, y se ha constituido en un espacio propicio para acompa\u00f1ar a los\/as estudiantes en el complejo proceso de selecci\u00f3n de una carrera universitaria. En este marco, a lo largo de las dos jornadas se ofrecer\u00e1n una serie de<strong> talleres tem\u00e1ticos<\/strong> que ser\u00e1n dictados por docentes, estudiantes avanzados\/as y graduados\/as de la Facultad de Ciencias Sociales.<\/p>\n<p>&nbsp;<\/p>\n<p>Los ejes de los talleres se vinculan con las carreras que se dictan en la FACSO y los contenidos que en cada una de ellas se abordan, por lo tanto, las propuestas abarcan tem\u00e1ticas de<strong> Antropolog\u00eda, Arqueolog\u00eda, Comunicaci\u00f3n, Periodismo, Educaci\u00f3n, Producci\u00f3n Medi\u00e1tica, Perspectiva de G\u00e9nero y Educaci\u00f3n Sexual Integral.<\/strong><\/p>\n<p>&nbsp;<\/p>\n<p><img data-recalc-dims=\"1\" loading=\"lazy\" decoding=\"async\" class=\"aligncenter size-full wp-image-64392\" src=\"https:\/\/i0.wp.com\/cdnoticias.com\/wp-content\/uploads\/2022\/09\/Sociales-en-Accion.jpg?resize=800%2C793&#038;ssl=1\" alt=\"\" width=\"800\" height=\"793\" srcset=\"https:\/\/i0.wp.com\/cdnoticias.com\/wp-content\/uploads\/2022\/09\/Sociales-en-Accion.jpg?w=1042&amp;ssl=1 1042w, https:\/\/i0.wp.com\/cdnoticias.com\/wp-content\/uploads\/2022\/09\/Sociales-en-Accion.jpg?resize=300%2C297&amp;ssl=1 300w, https:\/\/i0.wp.com\/cdnoticias.com\/wp-content\/uploads\/2022\/09\/Sociales-en-Accion.jpg?resize=1024%2C1015&amp;ssl=1 1024w, https:\/\/i0.wp.com\/cdnoticias.com\/wp-content\/uploads\/2022\/09\/Sociales-en-Accion.jpg?resize=150%2C150&amp;ssl=1 150w, https:\/\/i0.wp.com\/cdnoticias.com\/wp-content\/uploads\/2022\/09\/Sociales-en-Accion.jpg?resize=768%2C761&amp;ssl=1 768w\" sizes=\"auto, (max-width: 800px) 100vw, 800px\" \/><\/p>\n<p>&nbsp;<\/p>\n<p>Asimismo,<strong> feriantes de nuestra ciudad<\/strong> acompa\u00f1ar\u00e1n ambas jornadas en el Complejo Universitario ofreciendo sus productos, entre los cuales podr\u00e1n encontrar indumentaria, accesorios, elementos de decoraci\u00f3n, etc. La jornada contar\u00e1 adem\u00e1s con la presencia de la Organizaci\u00f3n no gubernamental (ONG)<strong> Pelucas Solidarias Olavarr\u00eda<\/strong>, quienes trabajan en la confecci\u00f3n de pelucas para pacientes que transitan un tratamiento oncol\u00f3gico.<\/p>\n<p>&nbsp;<\/p>\n<p>Tambi\u00e9n se espera la presencia de emprendedores\/as que forman parte del proyecto de extensi\u00f3n <strong>\u201cLa Posta. Producci\u00f3n y consumo responsable\u201d<\/strong> y dem\u00e1s feriantes que ofrecer\u00e1n alimentos elaborados de manera artesanal. Asimismo, realizar\u00e1n sus presentaciones<strong> m\u00fasicos y artistas locales.<\/strong><\/p>\n<p>&nbsp;<\/p>\n<p>Cuando falta menos de un mes para las jornadas, la Facultad de Ciencias Sociales trabaja intensamente para llevar adelante una nueva y exitosa edici\u00f3n de Sociales en Acci\u00f3n. Mientras tanto, las escuelas secundarias que deseen participar de las actividades o las personas que quieran sumarse como feriantes, pueden comunicarse a trav\u00e9s de las redes sociales: Instagram, Facebook y Twitter.<\/p>\n","protected":false},"excerpt":{"rendered":"<p>Ser\u00e1 el 5 y 6 de octubre. La Facultad de Ciencias Sociales volver\u00e1 a recibir a estudiantes secundarios en el<\/p>\n","protected":false},"author":5,"featured_media":64391,"comment_status":"closed","ping_status":"closed","sticky":false,"template":"","format":"standard","meta":{"_jetpack_memberships_contains_paid_content":false,"footnotes":""},"categories":[5,1],"tags":[],"class_list":["post-64390","post","type-post","status-publish","format-standard","has-post-thumbnail","hentry","category-informacion-general","category-portada"],"jetpack_featured_media_url":"https:\/\/i0.wp.com\/cdnoticias.com\/wp-content\/uploads\/2022\/09\/Sociales-en-Accion1.jpg?fit=1480%2C922&ssl=1","jetpack_sharing_enabled":true,"_links":{"self":[{"href":"https:\/\/cdnoticias.com\/index.php\/wp-json\/wp\/v2\/posts\/64390","targetHints":{"allow":["GET"]}}],"collection":[{"href":"https:\/\/cdnoticias.com\/index.php\/wp-json\/wp\/v2\/posts"}],"about":[{"href":"https:\/\/cdnoticias.com\/index.php\/wp-json\/wp\/v2\/types\/post"}],"author":[{"embeddable":true,"href":"https:\/\/cdnoticias.com\/index.php\/wp-json\/wp\/v2\/users\/5"}],"replies":[{"embeddable":true,"href":"https:\/\/cdnoticias.com\/index.php\/wp-json\/wp\/v2\/comments?post=64390"}],"version-history":[{"count":0,"href":"https:\/\/cdnoticias.com\/index.php\/wp-json\/wp\/v2\/posts\/64390\/revisions"}],"wp:featuredmedia":[{"embeddable":true,"href":"https:\/\/cdnoticias.com\/index.php\/wp-json\/wp\/v2\/media\/64391"}],"wp:attachment":[{"href":"https:\/\/cdnoticias.com\/index.php\/wp-json\/wp\/v2\/media?parent=64390"}],"wp:term":[{"taxonomy":"category","embeddable":true,"href":"https:\/\/cdnoticias.com\/index.php\/wp-json\/wp\/v2\/categories?post=64390"},{"taxonomy":"post_tag","embeddable":true,"href":"https:\/\/cdnoticias.com\/index.php\/wp-json\/wp\/v2\/tags?post=64390"}],"curies":[{"name":"wp","href":"https:\/\/api.w.org\/{rel}","templated":true}]}}