{"id":64383,"date":"2022-09-08T12:13:29","date_gmt":"2022-09-08T15:13:29","guid":{"rendered":"https:\/\/www.centraldenoticias.com.ar\/?p=64383"},"modified":"2022-09-08T13:55:39","modified_gmt":"2022-09-08T16:55:39","slug":"sin-el-voto-de-juntos-se-aprobo-el-plan-de-erradicacion-de-microbasurales","status":"publish","type":"post","link":"https:\/\/cdnoticias.com\/index.php\/2022\/09\/08\/sin-el-voto-de-juntos-se-aprobo-el-plan-de-erradicacion-de-microbasurales\/","title":{"rendered":"Sin el voto de Juntos se aprob\u00f3 el plan de erradicaci\u00f3n de microbasurales"},"content":{"rendered":"<p>La iniciativa fue presentada por el Frente de Todos. Durante el debate estuvieron presentes organizaciones ambientalistas. Busca crear un registro para identificar los basurales existentes y generar conciencia.<!--more--><\/p>\n<hr \/>\n<p>Durante la duod\u00e9cima sesi\u00f3n del Concejo Deliberante por iniciativa del bloque del Frente de Todos se puso en tratamiento un <strong>proyecto de Ordenanza con el fin de establecer un plan de eliminaci\u00f3n de microbasurales en el Partido de Olavarr\u00eda.<\/strong><\/p>\n<p>&nbsp;<\/p>\n<p>Estuvieron en el recinto referentes de organizaciones ambientales como \u201cremada verde\u201d y Co.Pe.Bo quienes siguieron el debate con carteles con expresiones como: <strong>\u201cCuidemos los espacios verdes y los espejos de agua\u201d<\/strong> y <strong>\u201cEliminemos todos los microbasurales en (H) Olavarr\u00eda\u201d.<\/strong><\/p>\n<p>&nbsp;<\/p>\n<p>El proyecto fue <strong>presentado por la concejala Mercedes Landivar<\/strong> y busca implementar acciones directas tendientes a la limpieza y erradicaci\u00f3n de microbasurales ya existentes y el impedimento en la conformaci\u00f3n de nuevos.<\/p>\n<p>&nbsp;<\/p>\n<p>La ordenanza fue aprobada con el <strong>voto positivo de la UCR-Juntos, Ahora Olavarr\u00eda y el Frente de Todos. Por su parte, el bloque de Juntos no apoy\u00f3 la iniciativa.<\/strong><\/p>\n<p>&nbsp;<\/p>\n<p>La propuesta hace hincapi\u00e9 en la <strong>necesidad de trabajar de forma articulada con la comunidad y las instituciones intermedias<\/strong> para generar conciencia, adem\u00e1s contempla la<strong> creaci\u00f3n de un registro municipal para identificar los basurales existentes\u00a0 en\u00a0 la ciudad y las localidades<\/strong>, en la misma l\u00ednea tambi\u00e9n deber\u00e1 establecerse un plazo no mayor a <strong>180 d\u00edas para llevar adelante la limpieza<\/strong> y la secretaria a cargo tendr\u00e1 que colocar <strong>nuevos eco puntos de reciclaje<\/strong> en aquellos lugares donde hoy hay basurales.<\/p>\n<p>&nbsp;<\/p>\n<p>En esa l\u00ednea Landivar indic\u00f3 que \u201cdebemos convertir la problem\u00e1tica en una pol\u00edtica p\u00fablica, esta es una ordenanza que requiere un compromiso, celebro que el ejecutivo est\u00e9 tomando decisiones como vimos en el \u00faltimo tiempo pero deben enmarcarse en un <strong>trabajo integral, con la comunidad y para la comunidad,<\/strong> con el territorio, con las instituciones intermedias\u201d.<\/p>\n<p>&nbsp;<\/p>\n<p><img data-recalc-dims=\"1\" loading=\"lazy\" decoding=\"async\" class=\"aligncenter size-full wp-image-64385\" src=\"https:\/\/i0.wp.com\/cdnoticias.com\/wp-content\/uploads\/2022\/09\/microbasurales-hcd.jpg?resize=800%2C480&#038;ssl=1\" alt=\"\" width=\"800\" height=\"480\" srcset=\"https:\/\/i0.wp.com\/cdnoticias.com\/wp-content\/uploads\/2022\/09\/microbasurales-hcd.jpg?w=1600&amp;ssl=1 1600w, https:\/\/i0.wp.com\/cdnoticias.com\/wp-content\/uploads\/2022\/09\/microbasurales-hcd.jpg?resize=300%2C180&amp;ssl=1 300w, https:\/\/i0.wp.com\/cdnoticias.com\/wp-content\/uploads\/2022\/09\/microbasurales-hcd.jpg?resize=1024%2C614&amp;ssl=1 1024w, https:\/\/i0.wp.com\/cdnoticias.com\/wp-content\/uploads\/2022\/09\/microbasurales-hcd.jpg?resize=768%2C461&amp;ssl=1 768w, https:\/\/i0.wp.com\/cdnoticias.com\/wp-content\/uploads\/2022\/09\/microbasurales-hcd.jpg?resize=1536%2C922&amp;ssl=1 1536w\" sizes=\"auto, (max-width: 800px) 100vw, 800px\" \/><\/p>\n<p>&nbsp;<\/p>\n<p>El concejal <strong>Carlos Coscia (Juntos)<\/strong> repas\u00f3 las <strong>acciones que lleva adelante el municipio de Olavarr\u00eda<\/strong> para la eliminaci\u00f3n de micro basurales y basurales a cielo abierto \u201ccon la finalidad de evitar la contaminaci\u00f3n y la propagaci\u00f3n de efermedades\u201d.<\/p>\n<p>&nbsp;<\/p>\n<p>Durante su exposici\u00f3n asegur\u00f3 que <strong>\u201cexiste un plan de limpieza de estos basurales que se realiza cada 15 d\u00edas\u201d.<\/strong><\/p>\n<p>&nbsp;<\/p>\n<p>Adem\u00e1s, destac\u00f3 la implementaci\u00f3n de \u201c<strong>talleres y actividades<\/strong> desde la direcci\u00f3n de Desarrollo Sustentable promoviendo la importancia de la concientizaci\u00f3n ambiental\u201d, as\u00ed como tambi\u00e9n \u201clas charlas en colegios y distintos trabajos de sensibilizaci\u00f3n\u201d.<\/p>\n<p>&nbsp;<\/p>\n<p>Por \u00faltimo, agradeci\u00f3 \u201cla buena disposici\u00f3n de grupos voluntarios que limpian los lugares donde la gente arroja residuos a pesar de la presencia de carteler\u00eda indicando su prohibici\u00f3n\u201d.<\/p>\n<p>&nbsp;<\/p>\n<p>Luego, fue el turno de la <strong>concejala In\u00e9s Creimer<\/strong> quien invit\u00f3 al bloque de Juntos \u201ca reflexionar sobre su postura\u201d. Afirm\u00f3 que \u201ccomo Concejo Deliberante tenemos la obligaci\u00f3n de sancionar normas, celebro que el municipio entienda que las est\u00e1 llevando a cabo pero <strong>como cuerpo el aporte que podemos dejar es no solamente para el presente sino tambi\u00e9n para el futuro<\/strong>\u201d.<\/p>\n<p>&nbsp;<\/p>\n<p>Tambi\u00e9n la <strong>concejala de Ahora Olavarr\u00eda Celeste Arouxet<\/strong> indic\u00f3 que \u201ccon colocar cartelitos no hacemos nada. Dejemos de negar la realidad. Esta es una ordenanza para erradicar de una vez por todas los microbasurales. <strong>Aceptemos que el proyecto que presenta el otro sirve para sumar<\/strong>\u201d.<\/p>\n<p>&nbsp;<\/p>\n","protected":false},"excerpt":{"rendered":"<p>La iniciativa fue presentada por el Frente de Todos. Durante el debate estuvieron presentes organizaciones ambientalistas. Busca crear un registro<\/p>\n","protected":false},"author":5,"featured_media":64386,"comment_status":"closed","ping_status":"closed","sticky":false,"template":"","format":"standard","meta":{"_jetpack_memberships_contains_paid_content":false,"footnotes":""},"categories":[4,1],"tags":[],"class_list":["post-64383","post","type-post","status-publish","format-standard","has-post-thumbnail","hentry","category-politica","category-portada"],"jetpack_featured_media_url":"https:\/\/i0.wp.com\/cdnoticias.com\/wp-content\/uploads\/2022\/09\/HCD-mercedes-landivar.jpg?fit=800%2C445&ssl=1","jetpack_sharing_enabled":true,"_links":{"self":[{"href":"https:\/\/cdnoticias.com\/index.php\/wp-json\/wp\/v2\/posts\/64383","targetHints":{"allow":["GET"]}}],"collection":[{"href":"https:\/\/cdnoticias.com\/index.php\/wp-json\/wp\/v2\/posts"}],"about":[{"href":"https:\/\/cdnoticias.com\/index.php\/wp-json\/wp\/v2\/types\/post"}],"author":[{"embeddable":true,"href":"https:\/\/cdnoticias.com\/index.php\/wp-json\/wp\/v2\/users\/5"}],"replies":[{"embeddable":true,"href":"https:\/\/cdnoticias.com\/index.php\/wp-json\/wp\/v2\/comments?post=64383"}],"version-history":[{"count":0,"href":"https:\/\/cdnoticias.com\/index.php\/wp-json\/wp\/v2\/posts\/64383\/revisions"}],"wp:featuredmedia":[{"embeddable":true,"href":"https:\/\/cdnoticias.com\/index.php\/wp-json\/wp\/v2\/media\/64386"}],"wp:attachment":[{"href":"https:\/\/cdnoticias.com\/index.php\/wp-json\/wp\/v2\/media?parent=64383"}],"wp:term":[{"taxonomy":"category","embeddable":true,"href":"https:\/\/cdnoticias.com\/index.php\/wp-json\/wp\/v2\/categories?post=64383"},{"taxonomy":"post_tag","embeddable":true,"href":"https:\/\/cdnoticias.com\/index.php\/wp-json\/wp\/v2\/tags?post=64383"}],"curies":[{"name":"wp","href":"https:\/\/api.w.org\/{rel}","templated":true}]}}