{"id":64357,"date":"2022-09-08T08:14:49","date_gmt":"2022-09-08T11:14:49","guid":{"rendered":"https:\/\/www.centraldenoticias.com.ar\/?p=64357"},"modified":"2022-09-08T08:42:40","modified_gmt":"2022-09-08T11:42:40","slug":"por-el-mal-tiempo-suspenden-la-vacunacion-antirrabica-en-barrio-acupo","status":"publish","type":"post","link":"https:\/\/cdnoticias.com\/index.php\/2022\/09\/08\/por-el-mal-tiempo-suspenden-la-vacunacion-antirrabica-en-barrio-acupo\/","title":{"rendered":"Por el mal tiempo suspenden la vacunaci\u00f3n antirr\u00e1bica en barrio Acupo"},"content":{"rendered":"<p>La actividad fue reprogramada para el viernes de 9 a 12:30.<!--more--><\/p>\n<hr \/>\n<p>Desde el \u00e1rea de Bromatolog\u00eda se inform\u00f3 que debido a las condiciones del tiempo se suspende la vacunaci\u00f3n antirr\u00e1bica programada para este<strong> jueves de 9 a 12:30 en el CAPS N\u00b025 (Juan Pablo II y S\u00e1enz Pe\u00f1a)<\/strong> ubicado en barrio Acupo.<\/p>\n<p>&nbsp;<\/p>\n<p>Se indic\u00f3 que la actividad fue<strong> reprogramada para el viernes 9 de septiembre en el mismo lugar y horario.<\/strong><\/p>\n<p>&nbsp;<\/p>\n<p>La vacunaci\u00f3n antirr\u00e1bica para perros y gatos es <strong>obligatoria<\/strong> a partir de los tres meses de edad, como as\u00ed tambi\u00e9n su revacunaci\u00f3n anual.<\/p>\n<p>&nbsp;<\/p>\n<p><strong>La vacuna antirr\u00e1bica es la \u00fanica herramienta efectiva de protecci\u00f3n contra este virus<\/strong>, principalmente en perros y gatos. Por eso su vacunaci\u00f3n es tan importante, para proteger su vida y la nuestra.<\/p>\n","protected":false},"excerpt":{"rendered":"<p>La actividad fue reprogramada para el viernes de 9 a 12:30.<\/p>\n","protected":false},"author":5,"featured_media":35227,"comment_status":"closed","ping_status":"closed","sticky":false,"template":"","format":"standard","meta":{"_jetpack_memberships_contains_paid_content":false,"footnotes":""},"categories":[5,1],"tags":[],"class_list":["post-64357","post","type-post","status-publish","format-standard","has-post-thumbnail","hentry","category-informacion-general","category-portada"],"jetpack_featured_media_url":"https:\/\/i0.wp.com\/cdnoticias.com\/wp-content\/uploads\/2021\/10\/Bromatologia-Vacunacion-Antirrabica-1024x682.jpg?fit=1024%2C682&ssl=1","jetpack_sharing_enabled":true,"_links":{"self":[{"href":"https:\/\/cdnoticias.com\/index.php\/wp-json\/wp\/v2\/posts\/64357","targetHints":{"allow":["GET"]}}],"collection":[{"href":"https:\/\/cdnoticias.com\/index.php\/wp-json\/wp\/v2\/posts"}],"about":[{"href":"https:\/\/cdnoticias.com\/index.php\/wp-json\/wp\/v2\/types\/post"}],"author":[{"embeddable":true,"href":"https:\/\/cdnoticias.com\/index.php\/wp-json\/wp\/v2\/users\/5"}],"replies":[{"embeddable":true,"href":"https:\/\/cdnoticias.com\/index.php\/wp-json\/wp\/v2\/comments?post=64357"}],"version-history":[{"count":0,"href":"https:\/\/cdnoticias.com\/index.php\/wp-json\/wp\/v2\/posts\/64357\/revisions"}],"wp:featuredmedia":[{"embeddable":true,"href":"https:\/\/cdnoticias.com\/index.php\/wp-json\/wp\/v2\/media\/35227"}],"wp:attachment":[{"href":"https:\/\/cdnoticias.com\/index.php\/wp-json\/wp\/v2\/media?parent=64357"}],"wp:term":[{"taxonomy":"category","embeddable":true,"href":"https:\/\/cdnoticias.com\/index.php\/wp-json\/wp\/v2\/categories?post=64357"},{"taxonomy":"post_tag","embeddable":true,"href":"https:\/\/cdnoticias.com\/index.php\/wp-json\/wp\/v2\/tags?post=64357"}],"curies":[{"name":"wp","href":"https:\/\/api.w.org\/{rel}","templated":true}]}}