{"id":64345,"date":"2022-09-07T20:22:53","date_gmt":"2022-09-07T23:22:53","guid":{"rendered":"https:\/\/www.centraldenoticias.com.ar\/?p=64345"},"modified":"2022-09-08T08:15:06","modified_gmt":"2022-09-08T11:15:06","slug":"desde-la-semana-que-viene-el-pan-costara-380-pesos-el-kilo","status":"publish","type":"post","link":"https:\/\/cdnoticias.com\/index.php\/2022\/09\/07\/desde-la-semana-que-viene-el-pan-costara-380-pesos-el-kilo\/","title":{"rendered":"Desde la semana que viene, el pan costar\u00e1 380 pesos el kilo"},"content":{"rendered":"<p>Es el precio sugerido desde el Centro de Industriales de Panaderos local, que confirm\u00f3 la noticia. La medida se debe a la quita de subsidios en tarifas y \u201cla baja del fideicomiso\u201d de la harina. <!--more--><\/p>\n<hr \/>\n<p>Tras varios d\u00edas de debate y sin respuestas del gobierno, <strong>el Centro de Industriales Panaderos de Olavarr\u00eda confirm\u00f3 que desde la semana que viene el pan aumentar\u00e1 cerca de un 10% y costar\u00e1 380 pesos el kilo, adem\u00e1s del incremento de sus subproductos.<\/strong><\/p>\n<p>&nbsp;<\/p>\n<p>As\u00ed fue informado por <strong>Roberto Soccodato, integrante de la entidad panaderil, que explic\u00f3 que adem\u00e1s las facturas tendr\u00e1n, como precio sugerido, 700 pesos la docena<\/strong> <em>\u201cquedando a criterio de cada panader\u00eda seg\u00fan sus costos\u201d.<\/em><\/p>\n<p>&nbsp;<\/p>\n<p>La medida, tras varios d\u00edas de debate, se debe<em> \u201ca la quita de subsidios en los servicios y la baja del fideicomiso que hasta el momento no tuvimos ning\u00fan tipo de propuestas\u201d<\/em> explic\u00f3 el dirigente.<\/p>\n<p>&nbsp;<\/p>\n<p>Cabe recordar que <a href=\"https:\/\/cdnoticias.com\/index.php\/2022\/09\/05\/desconfianza-entre-los-panaderos-con-los-cambios-en-el-fideicomiso-de-la-harina\/\" target=\"_blank\" rel=\"noopener\">la Secretar\u00eda de Comercio Interior de la Naci\u00f3n inform\u00f3 la modificaci\u00f3n del mecanismo de compensaci\u00f3n del Fondo Estabilizador del Trigo Argentino (FETA)<\/a>, con el objetivo de<strong> evitar que el precio del pan aumente y que la harina subsidiada llegue a los panaderos.<\/strong><\/p>\n<p>&nbsp;<\/p>\n<p><strong>En Olavarr\u00eda ya hab\u00edan mostrado \u201cdesconfianza\u201d por la medida<\/strong> y entendieron que <strong>no hubo \u201cofertas superadoras\u201d<\/strong> sumado a antecedentes que determinaron, de todos modos, la suba del pan.<\/p>\n<p>&nbsp;<\/p>\n<p>Por otro lado<strong>, hubo un ajuste de paritarias de entre un 7% y un 10% \u201cdependiendo de cada gremio\u201d y eso gener\u00f3 la suba.<\/strong><\/p>\n<p>&nbsp;<\/p>\n<p>Un dato a tener en cuenta<strong> es que los precios son \u201csugeridos\u201d y que cada panader\u00eda podr\u00e1 ofrecer los productos a menor o mayor precio entendiendo sus necesidades, costos y la demanda del usuario.<\/strong><\/p>\n","protected":false},"excerpt":{"rendered":"<p>Es el precio sugerido desde el Centro de Industriales de Panaderos local, que confirm\u00f3 la noticia. La medida se debe<\/p>\n","protected":false},"author":2,"featured_media":64136,"comment_status":"closed","ping_status":"closed","sticky":false,"template":"","format":"standard","meta":{"_jetpack_memberships_contains_paid_content":false,"footnotes":""},"categories":[5,1],"tags":[],"class_list":["post-64345","post","type-post","status-publish","format-standard","has-post-thumbnail","hentry","category-informacion-general","category-portada"],"jetpack_featured_media_url":"https:\/\/i0.wp.com\/cdnoticias.com\/wp-content\/uploads\/2022\/09\/pan-precio-harina-0.jpg?fit=800%2C445&ssl=1","jetpack_sharing_enabled":true,"_links":{"self":[{"href":"https:\/\/cdnoticias.com\/index.php\/wp-json\/wp\/v2\/posts\/64345","targetHints":{"allow":["GET"]}}],"collection":[{"href":"https:\/\/cdnoticias.com\/index.php\/wp-json\/wp\/v2\/posts"}],"about":[{"href":"https:\/\/cdnoticias.com\/index.php\/wp-json\/wp\/v2\/types\/post"}],"author":[{"embeddable":true,"href":"https:\/\/cdnoticias.com\/index.php\/wp-json\/wp\/v2\/users\/2"}],"replies":[{"embeddable":true,"href":"https:\/\/cdnoticias.com\/index.php\/wp-json\/wp\/v2\/comments?post=64345"}],"version-history":[{"count":0,"href":"https:\/\/cdnoticias.com\/index.php\/wp-json\/wp\/v2\/posts\/64345\/revisions"}],"wp:featuredmedia":[{"embeddable":true,"href":"https:\/\/cdnoticias.com\/index.php\/wp-json\/wp\/v2\/media\/64136"}],"wp:attachment":[{"href":"https:\/\/cdnoticias.com\/index.php\/wp-json\/wp\/v2\/media?parent=64345"}],"wp:term":[{"taxonomy":"category","embeddable":true,"href":"https:\/\/cdnoticias.com\/index.php\/wp-json\/wp\/v2\/categories?post=64345"},{"taxonomy":"post_tag","embeddable":true,"href":"https:\/\/cdnoticias.com\/index.php\/wp-json\/wp\/v2\/tags?post=64345"}],"curies":[{"name":"wp","href":"https:\/\/api.w.org\/{rel}","templated":true}]}}